{"id":4414,"date":"2016-11-08T11:13:44","date_gmt":"2016-11-08T10:13:44","guid":{"rendered":"https:\/\/www.labunie.com.pl\/?p=4414"},"modified":"2016-11-08T11:22:56","modified_gmt":"2016-11-08T10:22:56","slug":"gminny-chor-konsonans-zdobyl-grnd-prix","status":"publish","type":"post","link":"https:\/\/www.labunie.com.pl\/?p=4414","title":{"rendered":"Gminny Ch\u00f3r KONSONANS zdoby\u0142 GRND PRIX!"},"content":{"rendered":"<p><strong>Nasz ch\u00f3r znowu odni\u00f3s\u0142 sukces \u2013 zdoby\u0142 Nagrod\u0119 Specjaln\u0105 GRAND PRIX.<\/strong><\/p>\n<p><strong>W niedziel\u0119 06. listopada, Starozamojskie Stowarzyszenie Inicjatyw Lokalnych zorganizowa\u0142o III Mi\u0119dzygminny Konkurs Pie\u015bni Patriotycznej.<\/strong><\/p>\n<p><!--more--><\/p>\n<p>Przes\u0142uchania konkursowe odby\u0142y si\u0119 w Gimnazjum im. Jana Zamoyskiego w Starym Zamo\u015bciu w trzech grupach wiekowych : dzieci, m\u0142odzie\u017c i doro\u015bli. Nasz ch\u00f3r zosta\u0142 zakwalifikowany do przes\u0142ucha\u0144 w kategorii zespo\u0142y wokalne i ch\u00f3ry.<\/p>\n<p>W rywalizacji wzi\u0119\u0142o udzia\u0142 dziesi\u0119\u0107 zespo\u0142\u00f3w :<br \/>\n1.Zesp\u00f3\u0142 \u015apiewaczy \u201eCzerwone Korale\u201d -Zawada<br \/>\n2.Zesp\u00f3\u0142 \u015apiewaczy \u201eWeso\u0142e gosposie\u201d &#8211; Sitaniec<br \/>\n3.Zesp\u00f3\u0142 \u015apiewaczy \u201eBia\u0142owolanki\u201d &#8211; Bia\u0142owola<br \/>\n4.Zesp\u00f3\u0142 \u015apiewaczy \u201eEcho Lipska\u201d -Lipsko<br \/>\n5.Zesp\u00f3\u0142 \u015apiewaczy \u201eRoztoczanki\u201d &#8211; W\u00f3lka Wieprzecka<br \/>\n6.Stawianki -Staw Ujazdowski<br \/>\n7.Kameralny Ch\u00f3r \u201eKonsonans\u201d- \u0141abunie<br \/>\n8.Zesp\u00f3\u0142 \u015apiewaczy \u201eUdryczanki\u201d- Udrycze<br \/>\n9.Zesp\u00f3\u0142 Wokalny \u201eCanto\u201d -GOK Stary Zamo\u015b\u0107<br \/>\n10.Zesp\u00f3\u0142 Operacyjny \u201eU\u0142ani, U\u0142ani\u201d- Zamo\u015b\u0107<\/p>\n<p>Ch\u00f3r ,,KONSONANS\u201d reprezentuj\u0105cy nasz\u0105 gmin\u0119, wykona\u0142 zgodnie z regulaminem dwie pie\u015bni w opracowaniu J\u00f3zefa Przytu\u0142y :<br \/>\n,,Ko\u0142ysa\u0142a matka\u201d Igora Sikiryckiego oraz ,,Pie\u015b\u0144 Powsta\u0144c\u00f3w 1863r\u201d. Wyst\u0119py ocenia\u0142o powo\u0142ane przez organizator\u00f3w jury, bior\u0105c pod uwag\u0119 dob\u00f3r repertuaru, kultur\u0119 muzyczn\u0105, poziom wykonania oraz og\u00f3lny wyraz artystyczny. Organizatorzy przyznali nagrody i wyr\u00f3\u017cnienia dla najlepszych wykonawc\u00f3w w poszczeg\u00f3lnych kategoriach. W uznaniu wysokiego poziomu artystycznego, jury przyzna\u0142o w kategorii zespo\u0142y i ch\u00f3ry GRAND PRIX Ch\u00f3rowi ,,KONSONANS\u201d z \u0141abu\u0144. Jak zwykle serdecznie dzi\u0119kujemy naszym sympatykom i osobom, kt\u00f3re wspieraj\u0105 nas organizacyjnie. Cieszymy si\u0119, \u017ce jeszcze raz mogli\u015bmy godnie reprezentowa\u0107 Gmin\u0119 \u0141abunie. Zapraszamy wszystkich ch\u0119tnych, pragn\u0105cych do\u0142\u0105czy\u0107 do zespo\u0142u. Przes\u0142uchania podczas pr\u00f3b \u2013 wtorki i czwartki 18:30 w budynku Biblioteki w \u0141abuniach.<\/p>\n<hr \/>\n<p><img loading=\"lazy\" decoding=\"async\" class=\" wp-image-4418\" src=\"https:\/\/www.labunie.com.pl\/wp-content\/uploads\/2016\/11\/SAM_1257dyplom-768x1024.jpg\" alt=\"SAMSUNG CAMERA PICTURES\" width=\"640\" height=\"853\" \/><\/p>\n<hr \/>\n<p><img loading=\"lazy\" decoding=\"async\" class=\" wp-image-4412\" src=\"https:\/\/www.labunie.com.pl\/wp-content\/uploads\/2016\/11\/SAM_1256-768x1024.jpg\" alt=\"SAMSUNG CAMERA PICTURES\" width=\"640\" height=\"853\" srcset=\"https:\/\/www.labunie.com.pl\/wp-content\/uploads\/2016\/11\/SAM_1256-768x1024.jpg 768w, https:\/\/www.labunie.com.pl\/wp-content\/uploads\/2016\/11\/SAM_1256-225x300.jpg 225w\" sizes=\"auto, (max-width: 640px) 100vw, 640px\" \/><\/p>\n<hr \/>\n<p><img loading=\"lazy\" decoding=\"async\" class=\" wp-image-4413\" src=\"https:\/\/www.labunie.com.pl\/wp-content\/uploads\/2016\/11\/SAM_1237-1024x768.jpg\" alt=\"SAMSUNG CAMERA PICTURES\" width=\"640\" height=\"480\" srcset=\"https:\/\/www.labunie.com.pl\/wp-content\/uploads\/2016\/11\/SAM_1237-1024x768.jpg 1024w, https:\/\/www.labunie.com.pl\/wp-content\/uploads\/2016\/11\/SAM_1237-300x225.jpg 300w, https:\/\/www.labunie.com.pl\/wp-content\/uploads\/2016\/11\/SAM_1237-768x576.jpg 768w\" sizes=\"auto, (max-width: 640px) 100vw, 640px\" \/><\/p>\n","protected":false},"excerpt":{"rendered":"<p>Nasz ch\u00f3r znowu odni\u00f3s\u0142 sukces \u2013 zdoby\u0142 Nagrod\u0119 Specjaln\u0105 GRAND PRIX. W niedziel\u0119 06. listopada, Starozamojskie Stowarzyszenie Inicjatyw Lokalnych zorganizowa\u0142o III Mi\u0119dzygminny Konkurs Pie\u015bni Patriotycznej.<\/p>\n","protected":false},"author":9,"featured_media":4423,"comment_status":"closed","ping_status":"closed","sticky":false,"template":"","format":"standard","meta":{"footnotes":""},"categories":[1],"tags":[],"class_list":["post-4414","post","type-post","status-publish","format-standard","has-post-thumbnail","hentry","category-wpisy","clearfix"],"_links":{"self":[{"href":"https:\/\/www.labunie.com.pl\/index.php?rest_route=\/wp\/v2\/posts\/4414","targetHints":{"allow":["GET"]}}],"collection":[{"href":"https:\/\/www.labunie.com.pl\/index.php?rest_route=\/wp\/v2\/posts"}],"about":[{"href":"https:\/\/www.labunie.com.pl\/index.php?rest_route=\/wp\/v2\/types\/post"}],"author":[{"embeddable":true,"href":"https:\/\/www.labunie.com.pl\/index.php?rest_route=\/wp\/v2\/users\/9"}],"replies":[{"embeddable":true,"href":"https:\/\/www.labunie.com.pl\/index.php?rest_route=%2Fwp%2Fv2%2Fcomments&post=4414"}],"version-history":[{"count":5,"href":"https:\/\/www.labunie.com.pl\/index.php?rest_route=\/wp\/v2\/posts\/4414\/revisions"}],"predecessor-version":[{"id":4427,"href":"https:\/\/www.labunie.com.pl\/index.php?rest_route=\/wp\/v2\/posts\/4414\/revisions\/4427"}],"wp:featuredmedia":[{"embeddable":true,"href":"https:\/\/www.labunie.com.pl\/index.php?rest_route=\/wp\/v2\/media\/4423"}],"wp:attachment":[{"href":"https:\/\/www.labunie.com.pl\/index.php?rest_route=%2Fwp%2Fv2%2Fmedia&parent=4414"}],"wp:term":[{"taxonomy":"category","embeddable":true,"href":"https:\/\/www.labunie.com.pl\/index.php?rest_route=%2Fwp%2Fv2%2Fcategories&post=4414"},{"taxonomy":"post_tag","embeddable":true,"href":"https:\/\/www.labunie.com.pl\/index.php?rest_route=%2Fwp%2Fv2%2Ftags&post=4414"}],"curies":[{"name":"wp","href":"https:\/\/api.w.org\/{rel}","templated":true}]}}