{"id":43791,"date":"2026-04-28T12:03:32","date_gmt":"2026-04-28T10:03:32","guid":{"rendered":"https:\/\/www.labunie.com.pl\/?p=43791"},"modified":"2026-04-28T12:03:34","modified_gmt":"2026-04-28T10:03:34","slug":"obwieszczenie-wojewody-lubelskiego-48","status":"publish","type":"post","link":"https:\/\/www.labunie.com.pl\/?p=43791","title":{"rendered":"Obwieszczenie Wojewody Lubelskiego"},"content":{"rendered":"\n<p><strong>Wojewoda Lubelski zawiadamia o wydaniu decyzji administracyjnej ustalaj\u0105cej odszkodowanie za nieruchomo\u015b\u0107 gruntow\u0105 po\u0142o\u017con\u0105 w obr\u0119bie geodezyjnym 0001 \u2013 Barchacz\u00f3w, gmina \u0141abunie, powiat zamojski, oznaczon\u0105 w rejestrze ewidencji grunt\u00f3w i budynk\u00f3w jako dzia\u0142ka nr 20\/1 o pow. 0,4184 ha, kt\u00f3ra zosta\u0142a wydzielona z dzia\u0142ki nr 20 o pow. 0,8074 ha.<\/strong><\/p>\n\n\n\n<!--more-->\n\n\n\n<div style=\"height:50px\" aria-hidden=\"true\" class=\"wp-block-spacer\"><\/div>\n\n\n\n<div data-wp-interactive=\"core\/file\" class=\"wp-block-file\"><object data-wp-bind--hidden=\"!state.hasPdfPreview\" hidden class=\"wp-block-file__embed\" data=\"https:\/\/www.labunie.com.pl\/wp-content\/uploads\/2026\/04\/326.2025.JZM_-1.pdf\" type=\"application\/pdf\" style=\"width:100%;height:1000px\" aria-label=\"Osadzone z 326.2025.JZM.\"><\/object><a id=\"wp-block-file--media-2a7b35cc-d3e8-412e-886e-6a31a3e4ced4\" href=\"https:\/\/www.labunie.com.pl\/wp-content\/uploads\/2026\/04\/326.2025.JZM_-1.pdf\">326.2025.JZM<\/a><a href=\"https:\/\/www.labunie.com.pl\/wp-content\/uploads\/2026\/04\/326.2025.JZM_-1.pdf\" class=\"wp-block-file__button wp-element-button\" download aria-describedby=\"wp-block-file--media-2a7b35cc-d3e8-412e-886e-6a31a3e4ced4\">Pobierz<\/a><\/div>\n","protected":false},"excerpt":{"rendered":"<p>Wojewoda Lubelski zawiadamia o wydaniu decyzji administracyjnej ustalaj\u0105cej odszkodowanie za nieruchomo\u015b\u0107 gruntow\u0105 po\u0142o\u017con\u0105 w obr\u0119bie geodezyjnym 0001 \u2013 Barchacz\u00f3w, gmina \u0141abunie, powiat zamojski, oznaczon\u0105 w rejestrze ewidencji grunt\u00f3w i budynk\u00f3w jako dzia\u0142ka nr 20\/1 o pow. 0,4184 ha, kt\u00f3ra zosta\u0142a wydzielona z dzia\u0142ki nr 20 o pow. 0,8074 ha.<\/p>\n","protected":false},"author":7,"featured_media":42732,"comment_status":"closed","ping_status":"closed","sticky":false,"template":"","format":"standard","meta":{"footnotes":""},"categories":[1],"tags":[],"class_list":["post-43791","post","type-post","status-publish","format-standard","has-post-thumbnail","hentry","category-wpisy","clearfix"],"_links":{"self":[{"href":"https:\/\/www.labunie.com.pl\/index.php?rest_route=\/wp\/v2\/posts\/43791","targetHints":{"allow":["GET"]}}],"collection":[{"href":"https:\/\/www.labunie.com.pl\/index.php?rest_route=\/wp\/v2\/posts"}],"about":[{"href":"https:\/\/www.labunie.com.pl\/index.php?rest_route=\/wp\/v2\/types\/post"}],"author":[{"embeddable":true,"href":"https:\/\/www.labunie.com.pl\/index.php?rest_route=\/wp\/v2\/users\/7"}],"replies":[{"embeddable":true,"href":"https:\/\/www.labunie.com.pl\/index.php?rest_route=%2Fwp%2Fv2%2Fcomments&post=43791"}],"version-history":[{"count":1,"href":"https:\/\/www.labunie.com.pl\/index.php?rest_route=\/wp\/v2\/posts\/43791\/revisions"}],"predecessor-version":[{"id":43797,"href":"https:\/\/www.labunie.com.pl\/index.php?rest_route=\/wp\/v2\/posts\/43791\/revisions\/43797"}],"wp:featuredmedia":[{"embeddable":true,"href":"https:\/\/www.labunie.com.pl\/index.php?rest_route=\/wp\/v2\/media\/42732"}],"wp:attachment":[{"href":"https:\/\/www.labunie.com.pl\/index.php?rest_route=%2Fwp%2Fv2%2Fmedia&parent=43791"}],"wp:term":[{"taxonomy":"category","embeddable":true,"href":"https:\/\/www.labunie.com.pl\/index.php?rest_route=%2Fwp%2Fv2%2Fcategories&post=43791"},{"taxonomy":"post_tag","embeddable":true,"href":"https:\/\/www.labunie.com.pl\/index.php?rest_route=%2Fwp%2Fv2%2Ftags&post=43791"}],"curies":[{"name":"wp","href":"https:\/\/api.w.org\/{rel}","templated":true}]}}