{"id":4351,"date":"2016-10-27T11:02:58","date_gmt":"2016-10-27T09:02:58","guid":{"rendered":"https:\/\/www.labunie.com.pl\/?p=4351"},"modified":"2016-10-27T11:02:58","modified_gmt":"2016-10-27T09:02:58","slug":"obowiazek-selektywnej-zbiorki-popiolu-z-palenisk-domowych","status":"publish","type":"post","link":"https:\/\/www.labunie.com.pl\/?p=4351","title":{"rendered":"Obowi\u0105zek selektywnej zbi\u00f3rki popio\u0142u z palenisk domowych"},"content":{"rendered":"<p><strong>Urz\u0105d Gminy \u0141abunie informuje, \u017ce od dnia 27 lipca 2016 r. tj. od wej\u015bcia w \u017cycie przepis\u00f3w uchwa\u0142y Nr XVI\/91\/2016 Rady Gminy \u0141abunie w sprawie uchwalenia Regulaminu utrzymania czysto\u015bci i porz\u0105dku na trenie Gminy \u0141abunie, obowi\u0105zuje selektywna zbi\u00f3rka popio\u0142u z palenisk domowych.<\/strong><br \/>\n&nbsp;<br \/>\n&nbsp;<br \/>\n&nbsp;<br \/>\n<!--more--><br \/>\nW zwi\u0105zku z tym powsta\u0142y popi\u00f3\u0142 nale\u017cy zbiera\u0107 oddzielnie od innych odpad\u00f3w, do work\u00f3w lub metalowych pojemnik\u00f3w. Worki do selektywnej zbi\u00f3rki popio\u0142u mo\u017cna pobra\u0107 u so\u0142tys\u00f3w oraz w urz\u0119dzie gminy.<br \/>\n&nbsp;<\/p>\n<p style=\"text-align: center;\">\n<span style=\"text-decoration: underline; color: #ff0000; font-size: 14pt;\"><strong>Nie wolno wrzuca\u0107 popio\u0142u do pojemnika na odpady zmieszane.<\/strong><\/span><\/p>\n<p>&nbsp;<br \/>\nPopi\u00f3\u0142 odbierany b\u0119dzie od pa\u017adziernika do maja w terminach odbioru odpad\u00f3w zmieszanych.<br \/>\n&nbsp;<br \/>\n<img loading=\"lazy\" decoding=\"async\" class=\"aligncenter size-full wp-image-4352\" src=\"https:\/\/www.labunie.com.pl\/wp-content\/uploads\/2016\/10\/popiol.png\" alt=\"popiol\" width=\"630\" height=\"895\" srcset=\"https:\/\/www.labunie.com.pl\/wp-content\/uploads\/2016\/10\/popiol.png 630w, https:\/\/www.labunie.com.pl\/wp-content\/uploads\/2016\/10\/popiol-211x300.png 211w\" sizes=\"auto, (max-width: 630px) 100vw, 630px\" \/><\/p>\n","protected":false},"excerpt":{"rendered":"<p>Urz\u0105d Gminy \u0141abunie informuje, \u017ce od dnia 27 lipca 2016 r. tj. od wej\u015bcia w \u017cycie przepis\u00f3w uchwa\u0142y Nr XVI\/91\/2016 Rady Gminy \u0141abunie w sprawie uchwalenia Regulaminu utrzymania czysto\u015bci i porz\u0105dku na trenie Gminy \u0141abunie, obowi\u0105zuje selektywna zbi\u00f3rka popio\u0142u z palenisk domowych. &nbsp; &nbsp; &nbsp;<\/p>\n","protected":false},"author":7,"featured_media":4353,"comment_status":"closed","ping_status":"closed","sticky":false,"template":"","format":"standard","meta":{"footnotes":""},"categories":[1],"tags":[],"class_list":["post-4351","post","type-post","status-publish","format-standard","has-post-thumbnail","hentry","category-wpisy","clearfix"],"_links":{"self":[{"href":"https:\/\/www.labunie.com.pl\/index.php?rest_route=\/wp\/v2\/posts\/4351","targetHints":{"allow":["GET"]}}],"collection":[{"href":"https:\/\/www.labunie.com.pl\/index.php?rest_route=\/wp\/v2\/posts"}],"about":[{"href":"https:\/\/www.labunie.com.pl\/index.php?rest_route=\/wp\/v2\/types\/post"}],"author":[{"embeddable":true,"href":"https:\/\/www.labunie.com.pl\/index.php?rest_route=\/wp\/v2\/users\/7"}],"replies":[{"embeddable":true,"href":"https:\/\/www.labunie.com.pl\/index.php?rest_route=%2Fwp%2Fv2%2Fcomments&post=4351"}],"version-history":[{"count":4,"href":"https:\/\/www.labunie.com.pl\/index.php?rest_route=\/wp\/v2\/posts\/4351\/revisions"}],"predecessor-version":[{"id":4357,"href":"https:\/\/www.labunie.com.pl\/index.php?rest_route=\/wp\/v2\/posts\/4351\/revisions\/4357"}],"wp:featuredmedia":[{"embeddable":true,"href":"https:\/\/www.labunie.com.pl\/index.php?rest_route=\/wp\/v2\/media\/4353"}],"wp:attachment":[{"href":"https:\/\/www.labunie.com.pl\/index.php?rest_route=%2Fwp%2Fv2%2Fmedia&parent=4351"}],"wp:term":[{"taxonomy":"category","embeddable":true,"href":"https:\/\/www.labunie.com.pl\/index.php?rest_route=%2Fwp%2Fv2%2Fcategories&post=4351"},{"taxonomy":"post_tag","embeddable":true,"href":"https:\/\/www.labunie.com.pl\/index.php?rest_route=%2Fwp%2Fv2%2Ftags&post=4351"}],"curies":[{"name":"wp","href":"https:\/\/api.w.org\/{rel}","templated":true}]}}