{"id":4343,"date":"2016-10-20T13:21:56","date_gmt":"2016-10-20T11:21:56","guid":{"rendered":"https:\/\/www.labunie.com.pl\/?p=4343"},"modified":"2016-10-20T13:21:56","modified_gmt":"2016-10-20T11:21:56","slug":"informacja-14","status":"publish","type":"post","link":"https:\/\/www.labunie.com.pl\/?p=4343","title":{"rendered":"Informacja"},"content":{"rendered":"<p><strong>W zwi\u0105zku z realizacj\u0105 projektu technicznego kompleksowej modernizacji wysoko\u015bciowej szczeg\u00f3\u0142owej osnowy geodezyjnej dla obszaru powiatu zamojskiego Starosta Zamojski zwraca si\u0119 z uprzejm\u0105 pro\u015bb\u0105 o przychylne traktowanie wykonawc\u00f3w prac geodezyjnych.<\/strong><\/p>\n<p><!--more--><\/p>\n<div id='pe-gallery-1' class='pe-gallery pe-gallery-4343 columns-1 img-size-medium'><div class='pe-row'><div class='col-md-12'><figure tabindex='0' class='pe-gallery-item ' ><div class='pe-gallery-image portrait'>\n\t\t\t\t\t\t\t<a href=\"https:\/\/www.labunie.com.pl\/wp-content\/uploads\/2016\/10\/info_starosta_20161020.png\" data-rel=\"lightbox-gallery-n2mgugDG\" data-rl_title=\"\" data-rl_caption=\"\" title=\"\"><img loading=\"lazy\" decoding=\"async\" width=\"293\" height=\"300\" src=\"https:\/\/www.labunie.com.pl\/wp-content\/uploads\/2016\/10\/info_starosta_20161020-293x300.png\" class=\"attachment-medium size-medium\" alt=\"info starosta 20161020\" data-no-retina=\"\" aria-describedby=\"gallery-1-4344\" srcset=\"https:\/\/www.labunie.com.pl\/wp-content\/uploads\/2016\/10\/info_starosta_20161020-293x300.png 293w, https:\/\/www.labunie.com.pl\/wp-content\/uploads\/2016\/10\/info_starosta_20161020-768x786.png 768w, https:\/\/www.labunie.com.pl\/wp-content\/uploads\/2016\/10\/info_starosta_20161020.png 1000w\" sizes=\"auto, (max-width: 293px) 100vw, 293px\" \/><\/a>\n\t\t\t\t\t\t<\/div><figcaption class='wp-caption-text pe-gallery-caption'>\n\t\t\t\t\t\t\t\tinfo starosta 20161020\n\t\t\t\t\t\t\t<\/figcaption><\/figure><\/div><\/div><\/div>\n\n","protected":false},"excerpt":{"rendered":"<p>W zwi\u0105zku z realizacj\u0105 projektu technicznego kompleksowej modernizacji wysoko\u015bciowej szczeg\u00f3\u0142owej osnowy geodezyjnej dla obszaru powiatu zamojskiego Starosta Zamojski zwraca si\u0119 z uprzejm\u0105 pro\u015bb\u0105 o przychylne traktowanie wykonawc\u00f3w prac geodezyjnych.<\/p>\n","protected":false},"author":7,"featured_media":1476,"comment_status":"closed","ping_status":"closed","sticky":false,"template":"","format":"standard","meta":{"footnotes":""},"categories":[1],"tags":[],"class_list":["post-4343","post","type-post","status-publish","format-standard","has-post-thumbnail","hentry","category-wpisy","clearfix"],"_links":{"self":[{"href":"https:\/\/www.labunie.com.pl\/index.php?rest_route=\/wp\/v2\/posts\/4343","targetHints":{"allow":["GET"]}}],"collection":[{"href":"https:\/\/www.labunie.com.pl\/index.php?rest_route=\/wp\/v2\/posts"}],"about":[{"href":"https:\/\/www.labunie.com.pl\/index.php?rest_route=\/wp\/v2\/types\/post"}],"author":[{"embeddable":true,"href":"https:\/\/www.labunie.com.pl\/index.php?rest_route=\/wp\/v2\/users\/7"}],"replies":[{"embeddable":true,"href":"https:\/\/www.labunie.com.pl\/index.php?rest_route=%2Fwp%2Fv2%2Fcomments&post=4343"}],"version-history":[{"count":1,"href":"https:\/\/www.labunie.com.pl\/index.php?rest_route=\/wp\/v2\/posts\/4343\/revisions"}],"predecessor-version":[{"id":4345,"href":"https:\/\/www.labunie.com.pl\/index.php?rest_route=\/wp\/v2\/posts\/4343\/revisions\/4345"}],"wp:featuredmedia":[{"embeddable":true,"href":"https:\/\/www.labunie.com.pl\/index.php?rest_route=\/wp\/v2\/media\/1476"}],"wp:attachment":[{"href":"https:\/\/www.labunie.com.pl\/index.php?rest_route=%2Fwp%2Fv2%2Fmedia&parent=4343"}],"wp:term":[{"taxonomy":"category","embeddable":true,"href":"https:\/\/www.labunie.com.pl\/index.php?rest_route=%2Fwp%2Fv2%2Fcategories&post=4343"},{"taxonomy":"post_tag","embeddable":true,"href":"https:\/\/www.labunie.com.pl\/index.php?rest_route=%2Fwp%2Fv2%2Ftags&post=4343"}],"curies":[{"name":"wp","href":"https:\/\/api.w.org\/{rel}","templated":true}]}}