{"id":4299,"date":"2016-10-14T14:28:19","date_gmt":"2016-10-14T12:28:19","guid":{"rendered":"https:\/\/www.labunie.com.pl\/?p=4299"},"modified":"2016-10-14T14:28:19","modified_gmt":"2016-10-14T12:28:19","slug":"informacja-lgd-2","status":"publish","type":"post","link":"https:\/\/www.labunie.com.pl\/?p=4299","title":{"rendered":"Informacja LGD"},"content":{"rendered":"<p style=\"text-align: center;\"><strong>Informacja dla przedstawicieli grup defaworyzowanych<\/strong><br \/>\n<strong> z obszaru Lokalnej Grupy Dzia\u0142ania \u201eZiemia Zamojska\u201d o mo\u017cliwo\u015bci uzyskania wsparcia<\/strong><\/p>\n<p><strong>W wyniku przeprowadzonych konsultacji spo\u0142ecznych na obszarze 9 gmin cz\u0142onkowskich LGD Ziemia Zamojska oraz pog\u0142\u0119bionych analiz z tych spotka\u0144, wy\u0142oniono i zdiagnozowano wyst\u0119powanie grup defaworyzowanych szczeg\u00f3lnie istotnych z punktu widzenia realizacji LSR.<\/strong><\/p>\n<p><!--more--><br \/>\n&nbsp;<br \/>\nS\u0105 to nast\u0119puj\u0105ce grupy:<\/p>\n<ul>\n<li>Osoby m\u0142ode do 30 roku<\/li>\n<li>Osoby powy\u017cej 45 roku<\/li>\n<li>Osoby d\u0142ugotrwale bezrobotne<\/li>\n<li>Kobiety<\/li>\n<li>W\u0142a\u015bciciele ma\u0142ych gospodarstw niespecjalistycznych<\/li>\n<\/ul>\n<p>&nbsp;<br \/>\nW zwi\u0105zku z powy\u017cszym informujemy, i\u017c osoby z ww. grup maj\u0105 mo\u017cliwo\u015b\u0107 uzyskania wsparcia na podejmowanie oraz rozw\u00f3j dzia\u0142alno\u015bci gospodarczej, za po\u015brednictwem Lokalnej Grupy Dzia\u0142ania \u201eZiemia Zamojska\u201d. Po bli\u017csze informacje zapraszamy do Biura LGD Ziemia Zamojska, kt\u00f3re mie\u015bci si\u0119 pod adresem Kornel\u00f3wka 41, 22-424 Sitno, tel. 84 307 22 07, na stron\u0119 internetow\u0105 <a href=\"http:\/\/www.lgdziemiazamojska.pl\">www.lgdziemiazamojska.pl<\/a> oraz adres email: <a href=\"mailto:biuro@lgdziemiazamojska.pl\">biuro@lgdziemiazamojska.pl<\/a>.<br \/>\n&nbsp;<br \/>\n<a><img loading=\"lazy\" decoding=\"async\" class=\"aligncenter size-full wp-image-3919\" src=\"https:\/\/www.labunie.com.pl\/wp-content\/uploads\/2016\/08\/ue-leader-lgd-prow.png\" alt=\"ue-leader-lgd-prow\" width=\"630\" height=\"91\" srcset=\"https:\/\/www.labunie.com.pl\/wp-content\/uploads\/2016\/08\/ue-leader-lgd-prow.png 630w, https:\/\/www.labunie.com.pl\/wp-content\/uploads\/2016\/08\/ue-leader-lgd-prow-300x43.png 300w\" sizes=\"auto, (max-width: 630px) 100vw, 630px\" \/><\/a><\/p>\n<p style=\"text-align: center;\"><span style=\"font-size: 8pt;\">\u201eEuropejski Fundusz Rolny na rzecz Rozwoju Obszar\u00f3w Wiejskich: Europa inwestuj\u0105ca w obszary wiejskie\u201d<\/span><br \/>\n<span style=\"font-size: 8pt;\">Materia\u0142 opracowany przez Stowarzyszenie Lokalna Grupa Dzia\u0142ania \u201eZiemia Zamojska\u201d<\/span><br \/>\n<span style=\"font-size: 8pt;\">Instytucja Zarz\u0105dzaj\u0105ca PROW 2014-2020 \u2013 Minister Rolnictwa i Rozwoju Wsi<\/span><br \/>\n<span style=\"font-size: 8pt;\">Materia\u0142 wsp\u00f3\u0142finansowany ze \u015brodk\u00f3w Unii Europejskiej w ramach poddzia\u0142ania 19.4 \u201eWsparcie na rzecz koszt\u00f3w bie\u017c\u0105cych i aktywizacji\u201d Programu Rozwoju Obszar\u00f3w Wiejskich na lata 2014-2020<\/span><\/p>\n","protected":false},"excerpt":{"rendered":"<p>Informacja dla przedstawicieli grup defaworyzowanych z obszaru Lokalnej Grupy Dzia\u0142ania \u201eZiemia Zamojska\u201d o mo\u017cliwo\u015bci uzyskania wsparcia W wyniku przeprowadzonych konsultacji spo\u0142ecznych na obszarze 9 gmin cz\u0142onkowskich LGD Ziemia Zamojska oraz pog\u0142\u0119bionych analiz z tych spotka\u0144, wy\u0142oniono i zdiagnozowano wyst\u0119powanie grup defaworyzowanych szczeg\u00f3lnie istotnych z punktu widzenia realizacji LSR.<\/p>\n","protected":false},"author":7,"featured_media":1003,"comment_status":"closed","ping_status":"closed","sticky":false,"template":"","format":"standard","meta":{"footnotes":""},"categories":[1],"tags":[],"class_list":["post-4299","post","type-post","status-publish","format-standard","has-post-thumbnail","hentry","category-wpisy","clearfix"],"_links":{"self":[{"href":"https:\/\/www.labunie.com.pl\/index.php?rest_route=\/wp\/v2\/posts\/4299","targetHints":{"allow":["GET"]}}],"collection":[{"href":"https:\/\/www.labunie.com.pl\/index.php?rest_route=\/wp\/v2\/posts"}],"about":[{"href":"https:\/\/www.labunie.com.pl\/index.php?rest_route=\/wp\/v2\/types\/post"}],"author":[{"embeddable":true,"href":"https:\/\/www.labunie.com.pl\/index.php?rest_route=\/wp\/v2\/users\/7"}],"replies":[{"embeddable":true,"href":"https:\/\/www.labunie.com.pl\/index.php?rest_route=%2Fwp%2Fv2%2Fcomments&post=4299"}],"version-history":[{"count":4,"href":"https:\/\/www.labunie.com.pl\/index.php?rest_route=\/wp\/v2\/posts\/4299\/revisions"}],"predecessor-version":[{"id":4303,"href":"https:\/\/www.labunie.com.pl\/index.php?rest_route=\/wp\/v2\/posts\/4299\/revisions\/4303"}],"wp:featuredmedia":[{"embeddable":true,"href":"https:\/\/www.labunie.com.pl\/index.php?rest_route=\/wp\/v2\/media\/1003"}],"wp:attachment":[{"href":"https:\/\/www.labunie.com.pl\/index.php?rest_route=%2Fwp%2Fv2%2Fmedia&parent=4299"}],"wp:term":[{"taxonomy":"category","embeddable":true,"href":"https:\/\/www.labunie.com.pl\/index.php?rest_route=%2Fwp%2Fv2%2Fcategories&post=4299"},{"taxonomy":"post_tag","embeddable":true,"href":"https:\/\/www.labunie.com.pl\/index.php?rest_route=%2Fwp%2Fv2%2Ftags&post=4299"}],"curies":[{"name":"wp","href":"https:\/\/api.w.org\/{rel}","templated":true}]}}