{"id":4265,"date":"2016-10-11T10:09:20","date_gmt":"2016-10-11T08:09:20","guid":{"rendered":"https:\/\/www.labunie.com.pl\/?p=4265"},"modified":"2016-10-11T14:56:07","modified_gmt":"2016-10-11T12:56:07","slug":"turniej-karate-o-puchar-wojta-gminy-zamosc","status":"publish","type":"post","link":"https:\/\/www.labunie.com.pl\/?p=4265","title":{"rendered":"Turniej Karate o Puchar W\u00f3jta Gminy Zamo\u015b\u0107"},"content":{"rendered":"<p><strong>W sobot\u0119, 8 pa\u017adziernika 2016 r. w hali Zespo\u0142u Szk\u00f3\u0142 Podstawowych w P\u0142oskiem odby\u0142 si\u0119 II Og\u00f3lnopolski Turniej Karate Kyokushin o Puchar W\u00f3jta Gminy Zamo\u015b\u0107. Uroczystego otwarcia Turnieju dokona\u0142 Pan Ryszard Gliwi\u0144ski W\u00f3jt Gminy Zamo\u015b\u0107. Organizatorem Turnieju by\u0142 Zamojski Klub Karate Kyokushin. S\u0119dzi\u0105 G\u0142\u00f3wnym Turnieju by\u0142 Sensei Krzysztof Policha.<\/strong><\/p>\n<p><!--more--><br \/>\nDo rywalizacji przyst\u0105pi\u0142o 221 karatek\u00f3w z Ukrainy (Rawa Ruska, Zhovkva) i 24 IKO Dojo Polska z Lublina, \u015awidnika, Chodla, \u0141\u0119cznej, Rejowca, Biskupic, Che\u0142ma, J\u00f3zefowa n\/Wis\u0142\u0105, Zakrz\u00f3wka, Kra\u015bnika, Wisznic, Bia\u0142ej Podlaskiej, Tomaszowa Lub, Le\u017cajska, Radzynia Podlaskiego, Wohynia, \u0141abu\u0144, Komarowa, P\u0142oskiego i Zamo\u015bcia. W klasyfikacji dru\u017cynowej zwyci\u0119\u017cy\u0142 Zamojski KKK przed Klubem z Rawy Ruskiej i Tomaszowa Lub. Zawodnikom gratulujemy bardzo wysokiego poziomu sportowego i wielkiego ducha walki.<br \/>\n&nbsp;<br \/>\nZ Gminy \u0141abunie Zamojski Klub Karate Kyokushin reprezentowali:<\/p>\n<ul>\n<li><strong>Wiktoria Rozkres<\/strong> zaj\u0119\u0142a III miejsce w kumite,<\/li>\n<li><strong>Wiktor Kolaja<\/strong> I miejsce kumite,<\/li>\n<\/ul>\n<p>&nbsp;<\/p>\n<ul>\n<li><strong>Alan Kania<\/strong>,<\/li>\n<li><strong>Mateusz Maziarczuk<\/strong>,<\/li>\n<li><strong>Wojciech Rozkres<\/strong>,<\/li>\n<\/ul>\n<p>kt\u00f3rzy mimo zaci\u0119tej rywalizacji nie znale\u017ali si\u0119 w strefie medalowej.<\/p>\n<p style=\"text-align: right;\"><span style=\"font-size: 8pt;\"><em>Krzysztof Policha<\/em><\/span><\/p>\n<p style=\"text-align: right;\">[lg_folder folder=&#8221;20161008\/&#8221; count=&#8221;11&#8243; paging=&#8221;false&#8221;]<\/p>\n","protected":false},"excerpt":{"rendered":"<p>W sobot\u0119, 8 pa\u017adziernika 2016 r. w hali Zespo\u0142u Szk\u00f3\u0142 Podstawowych w P\u0142oskiem odby\u0142 si\u0119 II Og\u00f3lnopolski Turniej Karate Kyokushin o Puchar W\u00f3jta Gminy Zamo\u015b\u0107. Uroczystego otwarcia Turnieju dokona\u0142 Pan Ryszard Gliwi\u0144ski W\u00f3jt Gminy Zamo\u015b\u0107. Organizatorem Turnieju by\u0142 Zamojski Klub Karate Kyokushin. S\u0119dzi\u0105 G\u0142\u00f3wnym Turnieju by\u0142 Sensei Krzysztof Policha.<\/p>\n","protected":false},"author":7,"featured_media":4266,"comment_status":"closed","ping_status":"closed","sticky":false,"template":"","format":"standard","meta":{"footnotes":""},"categories":[1],"tags":[],"class_list":["post-4265","post","type-post","status-publish","format-standard","has-post-thumbnail","hentry","category-wpisy","clearfix"],"_links":{"self":[{"href":"https:\/\/www.labunie.com.pl\/index.php?rest_route=\/wp\/v2\/posts\/4265","targetHints":{"allow":["GET"]}}],"collection":[{"href":"https:\/\/www.labunie.com.pl\/index.php?rest_route=\/wp\/v2\/posts"}],"about":[{"href":"https:\/\/www.labunie.com.pl\/index.php?rest_route=\/wp\/v2\/types\/post"}],"author":[{"embeddable":true,"href":"https:\/\/www.labunie.com.pl\/index.php?rest_route=\/wp\/v2\/users\/7"}],"replies":[{"embeddable":true,"href":"https:\/\/www.labunie.com.pl\/index.php?rest_route=%2Fwp%2Fv2%2Fcomments&post=4265"}],"version-history":[{"count":5,"href":"https:\/\/www.labunie.com.pl\/index.php?rest_route=\/wp\/v2\/posts\/4265\/revisions"}],"predecessor-version":[{"id":4273,"href":"https:\/\/www.labunie.com.pl\/index.php?rest_route=\/wp\/v2\/posts\/4265\/revisions\/4273"}],"wp:featuredmedia":[{"embeddable":true,"href":"https:\/\/www.labunie.com.pl\/index.php?rest_route=\/wp\/v2\/media\/4266"}],"wp:attachment":[{"href":"https:\/\/www.labunie.com.pl\/index.php?rest_route=%2Fwp%2Fv2%2Fmedia&parent=4265"}],"wp:term":[{"taxonomy":"category","embeddable":true,"href":"https:\/\/www.labunie.com.pl\/index.php?rest_route=%2Fwp%2Fv2%2Fcategories&post=4265"},{"taxonomy":"post_tag","embeddable":true,"href":"https:\/\/www.labunie.com.pl\/index.php?rest_route=%2Fwp%2Fv2%2Ftags&post=4265"}],"curies":[{"name":"wp","href":"https:\/\/api.w.org\/{rel}","templated":true}]}}