{"id":42534,"date":"2026-01-12T14:41:59","date_gmt":"2026-01-12T13:41:59","guid":{"rendered":"https:\/\/www.labunie.com.pl\/?p=42534"},"modified":"2026-01-12T14:49:18","modified_gmt":"2026-01-12T13:49:18","slug":"105-lat-pani-genowefy-lechowskiej","status":"publish","type":"post","link":"https:\/\/www.labunie.com.pl\/?p=42534","title":{"rendered":"105. lat Pani Genowefy Lechowskiej"},"content":{"rendered":"\n<div class=\"xdj266r x14z9mp xat24cr x1lziwak x1vvkbs x126k92a\">\n<div dir=\"auto\"><strong>To&nbsp;prawdopodobnie najstarsza mieszkanka powiatu zamojskiego. Mowa o Pani Genowefie Lechowskiej z \u0141abu\u0144, kt\u00f3ra 10 stycznia 2026 r. sko\u0144czy\u0142a 105&nbsp;lat.<\/strong><\/div>\n<\/div>\n<div class=\"x14z9mp xat24cr x1lziwak x1vvkbs xtlvy1s x126k92a\">\n<div dir=\"auto\">&nbsp;<\/div>\n<\/div>\n\n\n\n<div style=\"height:19px\" aria-hidden=\"true\" class=\"wp-block-spacer\"><\/div>\n\n\n\n<!--more-->\n\n\n\n\n\n<p>\u00a0Z okazji urodzin w poniedzia\u0142ek, 12 stycznia W\u00f3jt Gminy \u0141abunie \u2013 Mariusz Kukie\u0142ka oraz Przewodnicz\u0105ca Rady Gminy \u0141abunie \u2013 El\u017cbieta Ku\u017ama wr\u0119czyli Szanownej Jubilatce kwiaty oraz z\u0142o\u017cyli \u017cyczenia.<\/p>\n<div class=\"x14z9mp xat24cr x1lziwak x1vvkbs xtlvy1s x126k92a\">\n<div dir=\"auto\">Nie da si\u0119 opisa\u0107 tej wizyty tylko s\u0142owami, \u017ce z\u0142o\u017cono \u017cyczenia i zamieniono kilka s\u0142\u00f3w. Warto podkre\u015bli\u0107 i zaznaczy\u0107, \u017ce Pani Genowefa &#8211; jak na 105 lat \u017cycia &#8211; cieszy si\u0119 dobrym zdrowiem i bardzo dobr\u0105 pami\u0119ci\u0105, si\u0119gaj\u0105c\u0105 czasy wczesnego dzieci\u0144stwa. Podczas dzisiejszej wizyty rozmawia\u0142a, wspominaj\u0105c m. in. dawne czasy. \u017byczymy sobie kolejnych takich spotka\u0144 z Pani\u0105 Genowef\u0105. Czekamy na kolejne urodziny.<\/div>\n<div dir=\"auto\">\u00a0<\/div>\n<\/div>\n<div class=\"x14z9mp xat24cr x1lziwak x1vvkbs xtlvy1s x126k92a\">\n<div dir=\"auto\">Pani Genowefa Lechowska urodzi\u0142a si\u0119 \u2013 jako si\u00f3dme dziecko &#8211; 10 stycznia 1921 roku w Chodywa\u0144cach (obecnie powiat tomaszowski). W latach p\u00f3\u017aniejszych wraz z ojcem przenios\u0142a si\u0119 do Szewni, a po \u015bmierci matki \u2013 do \u0141abu\u0144. Tu mieszka\u0142a m. in. w dawnym \u201elesie D\u0105browa\u201d. Prze\u017cy\u0142a w czasie wojny wyw\u00f3z na roboty do Frankfurtu do Niemiec. Po kilku miesi\u0105cach &#8211; z uwagi na zaawansowan\u0105 ci\u0105\u017c\u0119 \u2013 wr\u00f3ci\u0142a do Polski. Po wojnie zacz\u0119\u0142a prac\u0119 w Domu Dziecka w \u0141abuniach. Tu pracowa\u0142a praktycznie do emerytury. Po przej\u0119ciu Domu Dziecka przez pa\u0144stwo (wcze\u015bniej by\u0142 prowadzony przez Siostry Franciszkanki Misjonarki Maryi) przenios\u0142a si\u0119 do Krynic. Po roku ponownie wr\u00f3ci\u0142a do \u0141abu\u0144.<\/div>\n<div dir=\"auto\">\u00a0<\/div>\n<div dir=\"auto\">Pani Genowefa dochowa\u0142a si\u0119 1 syna, 9 wnuk\u00f3w, 21 prawnuk\u00f3w, 30 praprawnuk\u00f3w.<\/div>\n<\/div>\n\n\n\n<div style=\"height:18px\" aria-hidden=\"true\" class=\"wp-block-spacer\"><\/div>\n\n\n\n<figure class=\"wp-block-gallery has-nested-images columns-default is-cropped wp-block-gallery-1 is-layout-flex wp-block-gallery-is-layout-flex\">\n<figure class=\"wp-block-image size-large\"><a href=\"https:\/\/www.labunie.com.pl\/wp-content\/uploads\/2026\/01\/IMG_20260112_131325-scaled.jpg\" data-rel=\"lightbox-gallery-QDgpXBtL\" data-rl_title=\"\" data-rl_caption=\"\" title=\"\"><img loading=\"lazy\" decoding=\"async\" width=\"1024\" height=\"768\" data-id=\"42535\" src=\"https:\/\/www.labunie.com.pl\/wp-content\/uploads\/2026\/01\/IMG_20260112_131325-1024x768.jpg\" alt=\"\" class=\"wp-image-42535\" srcset=\"https:\/\/www.labunie.com.pl\/wp-content\/uploads\/2026\/01\/IMG_20260112_131325-1024x768.jpg 1024w, https:\/\/www.labunie.com.pl\/wp-content\/uploads\/2026\/01\/IMG_20260112_131325-300x225.jpg 300w, https:\/\/www.labunie.com.pl\/wp-content\/uploads\/2026\/01\/IMG_20260112_131325-768x576.jpg 768w, https:\/\/www.labunie.com.pl\/wp-content\/uploads\/2026\/01\/IMG_20260112_131325-1536x1152.jpg 1536w, https:\/\/www.labunie.com.pl\/wp-content\/uploads\/2026\/01\/IMG_20260112_131325-2048x1536.jpg 2048w\" sizes=\"auto, (max-width: 1024px) 100vw, 1024px\" \/><\/a><\/figure>\n\n\n\n<figure class=\"wp-block-image size-large\"><a href=\"https:\/\/www.labunie.com.pl\/wp-content\/uploads\/2026\/01\/IMG_20260112_131345-scaled.jpg\" data-rel=\"lightbox-gallery-QDgpXBtL\" data-rl_title=\"\" data-rl_caption=\"\" title=\"\"><img loading=\"lazy\" decoding=\"async\" width=\"768\" height=\"1024\" data-id=\"42536\" src=\"https:\/\/www.labunie.com.pl\/wp-content\/uploads\/2026\/01\/IMG_20260112_131345-768x1024.jpg\" alt=\"\" class=\"wp-image-42536\" srcset=\"https:\/\/www.labunie.com.pl\/wp-content\/uploads\/2026\/01\/IMG_20260112_131345-768x1024.jpg 768w, https:\/\/www.labunie.com.pl\/wp-content\/uploads\/2026\/01\/IMG_20260112_131345-225x300.jpg 225w, https:\/\/www.labunie.com.pl\/wp-content\/uploads\/2026\/01\/IMG_20260112_131345-1152x1536.jpg 1152w, https:\/\/www.labunie.com.pl\/wp-content\/uploads\/2026\/01\/IMG_20260112_131345-1536x2048.jpg 1536w, https:\/\/www.labunie.com.pl\/wp-content\/uploads\/2026\/01\/IMG_20260112_131345-scaled.jpg 1920w\" sizes=\"auto, (max-width: 768px) 100vw, 768px\" \/><\/a><\/figure>\n\n\n\n<figure class=\"wp-block-image size-large\"><a href=\"https:\/\/www.labunie.com.pl\/wp-content\/uploads\/2026\/01\/IMG_20260112_131532-scaled.jpg\" data-rel=\"lightbox-gallery-QDgpXBtL\" data-rl_title=\"\" data-rl_caption=\"\" title=\"\"><img loading=\"lazy\" decoding=\"async\" width=\"1024\" height=\"768\" data-id=\"42537\" src=\"https:\/\/www.labunie.com.pl\/wp-content\/uploads\/2026\/01\/IMG_20260112_131532-1024x768.jpg\" alt=\"\" class=\"wp-image-42537\" srcset=\"https:\/\/www.labunie.com.pl\/wp-content\/uploads\/2026\/01\/IMG_20260112_131532-1024x768.jpg 1024w, https:\/\/www.labunie.com.pl\/wp-content\/uploads\/2026\/01\/IMG_20260112_131532-300x225.jpg 300w, https:\/\/www.labunie.com.pl\/wp-content\/uploads\/2026\/01\/IMG_20260112_131532-768x576.jpg 768w, https:\/\/www.labunie.com.pl\/wp-content\/uploads\/2026\/01\/IMG_20260112_131532-1536x1152.jpg 1536w, https:\/\/www.labunie.com.pl\/wp-content\/uploads\/2026\/01\/IMG_20260112_131532-2048x1536.jpg 2048w\" sizes=\"auto, (max-width: 1024px) 100vw, 1024px\" \/><\/a><\/figure>\n<\/figure>\n","protected":false},"excerpt":{"rendered":"<p>To&nbsp;prawdopodobnie najstarsza mieszkanka powiatu zamojskiego. Mowa o Pani Genowefie Lechowskiej z \u0141abu\u0144, kt\u00f3ra 10 stycznia 2026 r. sko\u0144czy\u0142a 105&nbsp;lat. &nbsp;<\/p>\n","protected":false},"author":11,"featured_media":42538,"comment_status":"closed","ping_status":"closed","sticky":false,"template":"","format":"standard","meta":{"footnotes":""},"categories":[1],"tags":[],"class_list":["post-42534","post","type-post","status-publish","format-standard","has-post-thumbnail","hentry","category-wpisy","clearfix"],"_links":{"self":[{"href":"https:\/\/www.labunie.com.pl\/index.php?rest_route=\/wp\/v2\/posts\/42534","targetHints":{"allow":["GET"]}}],"collection":[{"href":"https:\/\/www.labunie.com.pl\/index.php?rest_route=\/wp\/v2\/posts"}],"about":[{"href":"https:\/\/www.labunie.com.pl\/index.php?rest_route=\/wp\/v2\/types\/post"}],"author":[{"embeddable":true,"href":"https:\/\/www.labunie.com.pl\/index.php?rest_route=\/wp\/v2\/users\/11"}],"replies":[{"embeddable":true,"href":"https:\/\/www.labunie.com.pl\/index.php?rest_route=%2Fwp%2Fv2%2Fcomments&post=42534"}],"version-history":[{"count":3,"href":"https:\/\/www.labunie.com.pl\/index.php?rest_route=\/wp\/v2\/posts\/42534\/revisions"}],"predecessor-version":[{"id":42541,"href":"https:\/\/www.labunie.com.pl\/index.php?rest_route=\/wp\/v2\/posts\/42534\/revisions\/42541"}],"wp:featuredmedia":[{"embeddable":true,"href":"https:\/\/www.labunie.com.pl\/index.php?rest_route=\/wp\/v2\/media\/42538"}],"wp:attachment":[{"href":"https:\/\/www.labunie.com.pl\/index.php?rest_route=%2Fwp%2Fv2%2Fmedia&parent=42534"}],"wp:term":[{"taxonomy":"category","embeddable":true,"href":"https:\/\/www.labunie.com.pl\/index.php?rest_route=%2Fwp%2Fv2%2Fcategories&post=42534"},{"taxonomy":"post_tag","embeddable":true,"href":"https:\/\/www.labunie.com.pl\/index.php?rest_route=%2Fwp%2Fv2%2Ftags&post=42534"}],"curies":[{"name":"wp","href":"https:\/\/api.w.org\/{rel}","templated":true}]}}