{"id":42045,"date":"2025-12-05T13:05:27","date_gmt":"2025-12-05T12:05:27","guid":{"rendered":"https:\/\/www.labunie.com.pl\/?p=42045"},"modified":"2025-12-05T13:05:30","modified_gmt":"2025-12-05T12:05:30","slug":"to-wam-dowieziemy-zywe-drzewka-choinkowe-do-domu-2","status":"publish","type":"post","link":"https:\/\/www.labunie.com.pl\/?p=42045","title":{"rendered":"TO WAM DOWIEZIEMY \u017bYWE DRZEWKA CHOINKOWE DO DOMU"},"content":{"rendered":"\n<p><strong>Znamy zwyci\u0119zc\u00f3w VI edycji gminnego konkursu \u201cPoka\u017c choink\u0119 \u2013 dostaniesz choink\u0119\u201d. To im W\u00f3jt Gminy \u0141abunie \u2013 Mariusz Kukie\u0142ka dowiezie choinki do domu.\u00a0<\/strong><\/p>\n<div class=\"wp-block-spacer\" aria-hidden=\"true\">\u00a0<\/div>\n<p>\u00a0<\/p>\n\n\n\n<div style=\"height:19px\" aria-hidden=\"true\" class=\"wp-block-spacer\"><\/div>\n\n\n\n<!--more-->\n\n\n\n\n\n<p>W sumie nades\u0142ano 22 zdj\u0119cia. Chcieliby\u015bmy serdecznie podzi\u0119kowa\u0107 za nades\u0142ane zdj\u0119cia, za Pa\u0144stwa ch\u0119\u0107 udzia\u0142u w konkursie. Wszystkie choinki, <strong>bez wyj\u0105tku<\/strong> by\u0142y pi\u0119kne, bo pokaza\u0142y Wasz \u015bwi\u0105teczny nastr\u00f3j, Wasze wyczucie smaku. Najwi\u0119cej polubie\u0144 i tym samym zwyci\u0119zcami konkursu zostaj\u0105:<\/p>\n<div dir=\"auto\">1) Aleksandra Misztal &#8211; 76 polubie\u0144<\/div>\n<div dir=\"auto\"><span class=\"html-span xexx8yu xyri2b x18d9i69 x1c1uobl x1hl2dhg x16tdsg8 x1vvkbs x3nfvp2 x1j61x8r x1fcty0u xdj266r xat24cr xm2jcoa x1mpyi22 xxymvpz xlup9mm x1kky2od\">2) <\/span>Ewa Niemczuk &#8211; 67 polubie\u0144<\/div>\n<div dir=\"auto\"><span class=\"html-span xexx8yu xyri2b x18d9i69 x1c1uobl x1hl2dhg x16tdsg8 x1vvkbs x3nfvp2 x1j61x8r x1fcty0u xdj266r xat24cr xm2jcoa x1mpyi22 xxymvpz xlup9mm x1kky2od\">3) <\/span>Krzysztof Niemczycki &#8211; 63 polubienia<\/div>\n<div dir=\"auto\">4) Aneta Matwiejczuk &#8211; 48 polubie\u0144<\/div>\n<div dir=\"auto\"><span class=\"html-span xexx8yu xyri2b x18d9i69 x1c1uobl x1hl2dhg x16tdsg8 x1vvkbs x3nfvp2 x1j61x8r x1fcty0u xdj266r xat24cr xm2jcoa x1mpyi22 xxymvpz xlup9mm x1kky2od\">5) <\/span>Anna Bodys &#8211; 38 polubie\u0144<\/div>\n<p><strong>W\u00d3JT GMINY \u0141ABUNIE DOSTARCZY ZWYCI\u0118ZCOM KONKURSU \u015aWI\u0104TECZNE DRZEWKA W SOBOT\u0118, 13 GRUDNIA W GODZINACH OD 09.00 DO 11.00.<\/strong><\/p>\n\n\n\n<div style=\"height:23px\" aria-hidden=\"true\" class=\"wp-block-spacer\"><\/div>\n\n\n\n<figure class=\"wp-block-gallery has-nested-images columns-default is-cropped wp-block-gallery-1 is-layout-flex wp-block-gallery-is-layout-flex\">\n<figure class=\"wp-block-image size-large\"><img loading=\"lazy\" decoding=\"async\" width=\"728\" height=\"960\" data-id=\"42046\" src=\"https:\/\/www.labunie.com.pl\/wp-content\/uploads\/2025\/12\/Aleksandra-Misztal-Labunie.jpg\" alt=\"\" class=\"wp-image-42046\" srcset=\"https:\/\/www.labunie.com.pl\/wp-content\/uploads\/2025\/12\/Aleksandra-Misztal-Labunie.jpg 728w, https:\/\/www.labunie.com.pl\/wp-content\/uploads\/2025\/12\/Aleksandra-Misztal-Labunie-228x300.jpg 228w\" sizes=\"auto, (max-width: 728px) 100vw, 728px\" \/><figcaption class=\"wp-element-caption\">Choinka Aleksandry Misztal<\/figcaption><\/figure>\n\n\n\n<figure class=\"wp-block-image size-large\"><img loading=\"lazy\" decoding=\"async\" width=\"763\" height=\"1024\" data-id=\"42049\" src=\"https:\/\/www.labunie.com.pl\/wp-content\/uploads\/2025\/12\/Ewa-Niemczuk-Labunki-Pierwsze-763x1024.jpg\" alt=\"\" class=\"wp-image-42049\" srcset=\"https:\/\/www.labunie.com.pl\/wp-content\/uploads\/2025\/12\/Ewa-Niemczuk-Labunki-Pierwsze-763x1024.jpg 763w, https:\/\/www.labunie.com.pl\/wp-content\/uploads\/2025\/12\/Ewa-Niemczuk-Labunki-Pierwsze-224x300.jpg 224w, https:\/\/www.labunie.com.pl\/wp-content\/uploads\/2025\/12\/Ewa-Niemczuk-Labunki-Pierwsze-768x1031.jpg 768w, https:\/\/www.labunie.com.pl\/wp-content\/uploads\/2025\/12\/Ewa-Niemczuk-Labunki-Pierwsze-1144x1536.jpg 1144w, https:\/\/www.labunie.com.pl\/wp-content\/uploads\/2025\/12\/Ewa-Niemczuk-Labunki-Pierwsze.jpg 1520w\" sizes=\"auto, (max-width: 763px) 100vw, 763px\" \/><figcaption class=\"wp-element-caption\">Choinka Ewy Niemczuk<\/figcaption><\/figure>\n\n\n\n<figure class=\"wp-block-image size-large\"><img loading=\"lazy\" decoding=\"async\" width=\"472\" height=\"1024\" data-id=\"42050\" src=\"https:\/\/www.labunie.com.pl\/wp-content\/uploads\/2025\/12\/Krzysztof-Niemczycki-Labunie-Reforma-472x1024.jpg\" alt=\"\" class=\"wp-image-42050\" srcset=\"https:\/\/www.labunie.com.pl\/wp-content\/uploads\/2025\/12\/Krzysztof-Niemczycki-Labunie-Reforma-472x1024.jpg 472w, https:\/\/www.labunie.com.pl\/wp-content\/uploads\/2025\/12\/Krzysztof-Niemczycki-Labunie-Reforma-138x300.jpg 138w, https:\/\/www.labunie.com.pl\/wp-content\/uploads\/2025\/12\/Krzysztof-Niemczycki-Labunie-Reforma-768x1666.jpg 768w, https:\/\/www.labunie.com.pl\/wp-content\/uploads\/2025\/12\/Krzysztof-Niemczycki-Labunie-Reforma-708x1536.jpg 708w, https:\/\/www.labunie.com.pl\/wp-content\/uploads\/2025\/12\/Krzysztof-Niemczycki-Labunie-Reforma.jpg 944w\" sizes=\"auto, (max-width: 472px) 100vw, 472px\" \/><figcaption class=\"wp-element-caption\">Choinka Krzysztofa Niemczyckiego<\/figcaption><\/figure>\n\n\n\n<figure class=\"wp-block-image size-large\"><img loading=\"lazy\" decoding=\"async\" width=\"763\" height=\"1024\" data-id=\"42047\" src=\"https:\/\/www.labunie.com.pl\/wp-content\/uploads\/2025\/12\/Aneta-Matwiejczuk-Wierzbie-763x1024.jpg\" alt=\"\" class=\"wp-image-42047\" srcset=\"https:\/\/www.labunie.com.pl\/wp-content\/uploads\/2025\/12\/Aneta-Matwiejczuk-Wierzbie-763x1024.jpg 763w, https:\/\/www.labunie.com.pl\/wp-content\/uploads\/2025\/12\/Aneta-Matwiejczuk-Wierzbie-224x300.jpg 224w, https:\/\/www.labunie.com.pl\/wp-content\/uploads\/2025\/12\/Aneta-Matwiejczuk-Wierzbie-768x1031.jpg 768w, https:\/\/www.labunie.com.pl\/wp-content\/uploads\/2025\/12\/Aneta-Matwiejczuk-Wierzbie-1144x1536.jpg 1144w, https:\/\/www.labunie.com.pl\/wp-content\/uploads\/2025\/12\/Aneta-Matwiejczuk-Wierzbie.jpg 1520w\" sizes=\"auto, (max-width: 763px) 100vw, 763px\" \/><figcaption class=\"wp-element-caption\">Choinka Anety Matwiejczuk<\/figcaption><\/figure>\n\n\n\n<figure class=\"wp-block-image size-large\"><img loading=\"lazy\" decoding=\"async\" width=\"764\" height=\"1024\" data-id=\"42048\" src=\"https:\/\/www.labunie.com.pl\/wp-content\/uploads\/2025\/12\/Anna-Bodys-Wolka-Labunska-764x1024.jpg\" alt=\"\" class=\"wp-image-42048\" srcset=\"https:\/\/www.labunie.com.pl\/wp-content\/uploads\/2025\/12\/Anna-Bodys-Wolka-Labunska-764x1024.jpg 764w, https:\/\/www.labunie.com.pl\/wp-content\/uploads\/2025\/12\/Anna-Bodys-Wolka-Labunska-224x300.jpg 224w, https:\/\/www.labunie.com.pl\/wp-content\/uploads\/2025\/12\/Anna-Bodys-Wolka-Labunska-768x1029.jpg 768w, https:\/\/www.labunie.com.pl\/wp-content\/uploads\/2025\/12\/Anna-Bodys-Wolka-Labunska-1146x1536.jpg 1146w, https:\/\/www.labunie.com.pl\/wp-content\/uploads\/2025\/12\/Anna-Bodys-Wolka-Labunska.jpg 1504w\" sizes=\"auto, (max-width: 764px) 100vw, 764px\" \/><figcaption class=\"wp-element-caption\">Choinka Anny Bodys<\/figcaption><\/figure>\n<\/figure>\n","protected":false},"excerpt":{"rendered":"<p>Znamy zwyci\u0119zc\u00f3w VI edycji gminnego konkursu \u201cPoka\u017c choink\u0119 \u2013 dostaniesz choink\u0119\u201d. To im W\u00f3jt Gminy \u0141abunie \u2013 Mariusz Kukie\u0142ka dowiezie choinki do domu.\u00a0 \u00a0 \u00a0<\/p>\n","protected":false},"author":11,"featured_media":42051,"comment_status":"closed","ping_status":"closed","sticky":false,"template":"","format":"standard","meta":{"footnotes":""},"categories":[1],"tags":[],"class_list":["post-42045","post","type-post","status-publish","format-standard","has-post-thumbnail","hentry","category-wpisy","clearfix"],"_links":{"self":[{"href":"https:\/\/www.labunie.com.pl\/index.php?rest_route=\/wp\/v2\/posts\/42045","targetHints":{"allow":["GET"]}}],"collection":[{"href":"https:\/\/www.labunie.com.pl\/index.php?rest_route=\/wp\/v2\/posts"}],"about":[{"href":"https:\/\/www.labunie.com.pl\/index.php?rest_route=\/wp\/v2\/types\/post"}],"author":[{"embeddable":true,"href":"https:\/\/www.labunie.com.pl\/index.php?rest_route=\/wp\/v2\/users\/11"}],"replies":[{"embeddable":true,"href":"https:\/\/www.labunie.com.pl\/index.php?rest_route=%2Fwp%2Fv2%2Fcomments&post=42045"}],"version-history":[{"count":1,"href":"https:\/\/www.labunie.com.pl\/index.php?rest_route=\/wp\/v2\/posts\/42045\/revisions"}],"predecessor-version":[{"id":42052,"href":"https:\/\/www.labunie.com.pl\/index.php?rest_route=\/wp\/v2\/posts\/42045\/revisions\/42052"}],"wp:featuredmedia":[{"embeddable":true,"href":"https:\/\/www.labunie.com.pl\/index.php?rest_route=\/wp\/v2\/media\/42051"}],"wp:attachment":[{"href":"https:\/\/www.labunie.com.pl\/index.php?rest_route=%2Fwp%2Fv2%2Fmedia&parent=42045"}],"wp:term":[{"taxonomy":"category","embeddable":true,"href":"https:\/\/www.labunie.com.pl\/index.php?rest_route=%2Fwp%2Fv2%2Fcategories&post=42045"},{"taxonomy":"post_tag","embeddable":true,"href":"https:\/\/www.labunie.com.pl\/index.php?rest_route=%2Fwp%2Fv2%2Ftags&post=42045"}],"curies":[{"name":"wp","href":"https:\/\/api.w.org\/{rel}","templated":true}]}}