{"id":4166,"date":"2016-09-20T15:26:25","date_gmt":"2016-09-20T13:26:25","guid":{"rendered":"https:\/\/www.labunie.com.pl\/?p=4166"},"modified":"2016-09-20T16:36:11","modified_gmt":"2016-09-20T14:36:11","slug":"pielgrzymka-strazakow","status":"publish","type":"post","link":"https:\/\/www.labunie.com.pl\/?p=4166","title":{"rendered":"Pielgrzymka Stra\u017cak\u00f3w"},"content":{"rendered":"<p><strong>W niedziel\u0119, 18 wrze\u015bnia 2016 r. odby\u0142a si\u0119 Diecezjalna Pielgrzymka Stra\u017cak\u00f3w do Sanktuarium Maryjnego w Krasnobrodzie. W pielgrzymce uczestniczyli tak\u017ce druhowie i poczty sztandarowe z sze\u015bciu jednostek Ochotniczych  Stra\u017cy Po\u017carnych z terenu Gminy \u0141abunie.<\/strong><br \/>\n<!--more--><br \/>\n&nbsp;<br \/>\n&nbsp;<br \/>\n<div id='pe-gallery-1' class='pe-gallery pe-gallery-4166 columns-3 img-size-medium'><div class='pe-row'><div class='col-md-4'><figure tabindex='0' class='pe-gallery-item ' ><div class='pe-gallery-image landscape'>\n\t\t\t\t\t\t\t<a href=\"https:\/\/www.labunie.com.pl\/wp-content\/uploads\/2016\/09\/pielg_18-09_003.jpg\" data-rel=\"lightbox-gallery-a2ckgA6I\" data-rl_title=\"\" data-rl_caption=\"\" title=\"\"><img loading=\"lazy\" decoding=\"async\" width=\"300\" height=\"225\" src=\"https:\/\/www.labunie.com.pl\/wp-content\/uploads\/2016\/09\/pielg_18-09_003-300x225.jpg\" class=\"attachment-medium size-medium\" alt=\"pielg 18 09 003\" data-no-retina=\"\" aria-describedby=\"gallery-1-4169\" srcset=\"https:\/\/www.labunie.com.pl\/wp-content\/uploads\/2016\/09\/pielg_18-09_003-300x225.jpg 300w, https:\/\/www.labunie.com.pl\/wp-content\/uploads\/2016\/09\/pielg_18-09_003-768x576.jpg 768w, https:\/\/www.labunie.com.pl\/wp-content\/uploads\/2016\/09\/pielg_18-09_003.jpg 1000w\" sizes=\"auto, (max-width: 300px) 100vw, 300px\" \/><\/a>\n\t\t\t\t\t\t<\/div><figcaption class='wp-caption-text pe-gallery-caption'>\n\t\t\t\t\t\t\t\tpielg 18 09 003\n\t\t\t\t\t\t\t<\/figcaption><\/figure><\/div><div class='col-md-4'><figure tabindex='0' class='pe-gallery-item ' ><div class='pe-gallery-image landscape'>\n\t\t\t\t\t\t\t<a href=\"https:\/\/www.labunie.com.pl\/wp-content\/uploads\/2016\/09\/pielg_18-09_002.jpg\" data-rel=\"lightbox-gallery-a2ckgA6I\" data-rl_title=\"\" data-rl_caption=\"\" title=\"\"><img loading=\"lazy\" decoding=\"async\" width=\"300\" height=\"225\" src=\"https:\/\/www.labunie.com.pl\/wp-content\/uploads\/2016\/09\/pielg_18-09_002-300x225.jpg\" class=\"attachment-medium size-medium\" alt=\"pielg 18 09 002\" data-no-retina=\"\" aria-describedby=\"gallery-1-4168\" srcset=\"https:\/\/www.labunie.com.pl\/wp-content\/uploads\/2016\/09\/pielg_18-09_002-300x225.jpg 300w, https:\/\/www.labunie.com.pl\/wp-content\/uploads\/2016\/09\/pielg_18-09_002-768x576.jpg 768w, https:\/\/www.labunie.com.pl\/wp-content\/uploads\/2016\/09\/pielg_18-09_002.jpg 1000w\" sizes=\"auto, (max-width: 300px) 100vw, 300px\" \/><\/a>\n\t\t\t\t\t\t<\/div><figcaption class='wp-caption-text pe-gallery-caption'>\n\t\t\t\t\t\t\t\tpielg 18 09 002\n\t\t\t\t\t\t\t<\/figcaption><\/figure><\/div><div class='col-md-4'><figure tabindex='0' class='pe-gallery-item ' ><div class='pe-gallery-image landscape'>\n\t\t\t\t\t\t\t<a href=\"https:\/\/www.labunie.com.pl\/wp-content\/uploads\/2016\/09\/pielg_18-09_001.jpg\" data-rel=\"lightbox-gallery-a2ckgA6I\" data-rl_title=\"\" data-rl_caption=\"\" title=\"\"><img loading=\"lazy\" decoding=\"async\" width=\"300\" height=\"225\" src=\"https:\/\/www.labunie.com.pl\/wp-content\/uploads\/2016\/09\/pielg_18-09_001-300x225.jpg\" class=\"attachment-medium size-medium\" alt=\"pielg 18 09 001\" data-no-retina=\"\" aria-describedby=\"gallery-1-4167\" srcset=\"https:\/\/www.labunie.com.pl\/wp-content\/uploads\/2016\/09\/pielg_18-09_001-300x225.jpg 300w, https:\/\/www.labunie.com.pl\/wp-content\/uploads\/2016\/09\/pielg_18-09_001-768x576.jpg 768w, https:\/\/www.labunie.com.pl\/wp-content\/uploads\/2016\/09\/pielg_18-09_001.jpg 1000w\" sizes=\"auto, (max-width: 300px) 100vw, 300px\" \/><\/a>\n\t\t\t\t\t\t<\/div><figcaption class='wp-caption-text pe-gallery-caption'>\n\t\t\t\t\t\t\t\tpielg 18 09 001\n\t\t\t\t\t\t\t<\/figcaption><\/figure><\/div><\/div><\/div>\n<\/p>\n","protected":false},"excerpt":{"rendered":"<p>W niedziel\u0119, 18 wrze\u015bnia 2016 r. odby\u0142a si\u0119 Diecezjalna Pielgrzymka Stra\u017cak\u00f3w do Sanktuarium Maryjnego w Krasnobrodzie. W pielgrzymce uczestniczyli tak\u017ce druhowie i poczty sztandarowe z sze\u015bciu jednostek Ochotniczych Stra\u017cy Po\u017carnych z terenu Gminy \u0141abunie.<\/p>\n","protected":false},"author":7,"featured_media":4170,"comment_status":"closed","ping_status":"closed","sticky":false,"template":"","format":"standard","meta":{"footnotes":""},"categories":[1],"tags":[],"class_list":["post-4166","post","type-post","status-publish","format-standard","has-post-thumbnail","hentry","category-wpisy","clearfix"],"_links":{"self":[{"href":"https:\/\/www.labunie.com.pl\/index.php?rest_route=\/wp\/v2\/posts\/4166","targetHints":{"allow":["GET"]}}],"collection":[{"href":"https:\/\/www.labunie.com.pl\/index.php?rest_route=\/wp\/v2\/posts"}],"about":[{"href":"https:\/\/www.labunie.com.pl\/index.php?rest_route=\/wp\/v2\/types\/post"}],"author":[{"embeddable":true,"href":"https:\/\/www.labunie.com.pl\/index.php?rest_route=\/wp\/v2\/users\/7"}],"replies":[{"embeddable":true,"href":"https:\/\/www.labunie.com.pl\/index.php?rest_route=%2Fwp%2Fv2%2Fcomments&post=4166"}],"version-history":[{"count":3,"href":"https:\/\/www.labunie.com.pl\/index.php?rest_route=\/wp\/v2\/posts\/4166\/revisions"}],"predecessor-version":[{"id":4173,"href":"https:\/\/www.labunie.com.pl\/index.php?rest_route=\/wp\/v2\/posts\/4166\/revisions\/4173"}],"wp:featuredmedia":[{"embeddable":true,"href":"https:\/\/www.labunie.com.pl\/index.php?rest_route=\/wp\/v2\/media\/4170"}],"wp:attachment":[{"href":"https:\/\/www.labunie.com.pl\/index.php?rest_route=%2Fwp%2Fv2%2Fmedia&parent=4166"}],"wp:term":[{"taxonomy":"category","embeddable":true,"href":"https:\/\/www.labunie.com.pl\/index.php?rest_route=%2Fwp%2Fv2%2Fcategories&post=4166"},{"taxonomy":"post_tag","embeddable":true,"href":"https:\/\/www.labunie.com.pl\/index.php?rest_route=%2Fwp%2Fv2%2Ftags&post=4166"}],"curies":[{"name":"wp","href":"https:\/\/api.w.org\/{rel}","templated":true}]}}