{"id":4158,"date":"2016-09-20T16:23:20","date_gmt":"2016-09-20T14:23:20","guid":{"rendered":"https:\/\/www.labunie.com.pl\/?p=4158"},"modified":"2016-09-20T16:25:12","modified_gmt":"2016-09-20T14:25:12","slug":"zaproszenie-26","status":"publish","type":"post","link":"https:\/\/www.labunie.com.pl\/?p=4158","title":{"rendered":"Zaproszenie"},"content":{"rendered":"<p><strong>Prezes \u015awiatowego Zwi\u0105zku \u017bo\u0142nierzy Armii Krajowej Okr\u0119g Zamo\u015b\u0107 Pose\u0142 na Sejm RP S\u0142awomir Zawi\u015blak zaprasza na obchody 77. rocznicy powstania Polskiego Pa\u0144stwa Podziemnego, kt\u00f3re odb\u0119d\u0105 si\u0119 27 wrze\u015bnia br. w Zamo\u015bciu. <\/strong><br \/>\n<strong>Jednocze\u015bnie w ramach obchod\u00f3w ww. rocznicy \u015aZ\u017bAK Okr\u0119g Zamo\u015b\u0107 organizuje w dniach 23-24.09.2016 r. dwudniowy Rajd Pieszy \u201e\u015aladami Powstania Zamojskiego\u201d.<\/strong><\/p>\n<p style=\"text-align: right;\">\n<!--more--><br \/>\n&nbsp;<br \/>\n<img loading=\"lazy\" decoding=\"async\" class=\"aligncenter size-full wp-image-4160\" src=\"https:\/\/www.labunie.com.pl\/wp-content\/uploads\/2016\/09\/pol_pod_1.jpg\" alt=\"pol_pod_1\" width=\"630\" height=\"885\" srcset=\"https:\/\/www.labunie.com.pl\/wp-content\/uploads\/2016\/09\/pol_pod_1.jpg 630w, https:\/\/www.labunie.com.pl\/wp-content\/uploads\/2016\/09\/pol_pod_1-214x300.jpg 214w\" sizes=\"auto, (max-width: 630px) 100vw, 630px\" \/><br \/>\n&nbsp;<br \/>\n<img loading=\"lazy\" decoding=\"async\" class=\"aligncenter size-full wp-image-4161\" src=\"https:\/\/www.labunie.com.pl\/wp-content\/uploads\/2016\/09\/pol_pod_2.jpg\" alt=\"pol_pod_2\" width=\"630\" height=\"888\" srcset=\"https:\/\/www.labunie.com.pl\/wp-content\/uploads\/2016\/09\/pol_pod_2.jpg 630w, https:\/\/www.labunie.com.pl\/wp-content\/uploads\/2016\/09\/pol_pod_2-213x300.jpg 213w\" sizes=\"auto, (max-width: 630px) 100vw, 630px\" \/><br \/>\n&nbsp;<br \/>\n<em>Informacja nades\u0142ana przez \u015aZ\u017bAK Okr\u0119g Zamo\u015b\u0107<\/em><\/p>\n","protected":false},"excerpt":{"rendered":"<p>Prezes \u015awiatowego Zwi\u0105zku \u017bo\u0142nierzy Armii Krajowej Okr\u0119g Zamo\u015b\u0107 Pose\u0142 na Sejm RP S\u0142awomir Zawi\u015blak zaprasza na obchody 77. rocznicy powstania Polskiego Pa\u0144stwa Podziemnego, kt\u00f3re odb\u0119d\u0105 si\u0119 27 wrze\u015bnia br. w Zamo\u015bciu. Jednocze\u015bnie w ramach obchod\u00f3w ww. rocznicy \u015aZ\u017bAK Okr\u0119g Zamo\u015b\u0107 organizuje w dniach 23-24.09.2016 r. dwudniowy Rajd Pieszy \u201e\u015aladami Powstania Zamojskiego\u201d.<\/p>\n","protected":false},"author":7,"featured_media":4159,"comment_status":"closed","ping_status":"closed","sticky":false,"template":"","format":"standard","meta":{"footnotes":""},"categories":[1],"tags":[],"class_list":["post-4158","post","type-post","status-publish","format-standard","has-post-thumbnail","hentry","category-wpisy","clearfix"],"_links":{"self":[{"href":"https:\/\/www.labunie.com.pl\/index.php?rest_route=\/wp\/v2\/posts\/4158","targetHints":{"allow":["GET"]}}],"collection":[{"href":"https:\/\/www.labunie.com.pl\/index.php?rest_route=\/wp\/v2\/posts"}],"about":[{"href":"https:\/\/www.labunie.com.pl\/index.php?rest_route=\/wp\/v2\/types\/post"}],"author":[{"embeddable":true,"href":"https:\/\/www.labunie.com.pl\/index.php?rest_route=\/wp\/v2\/users\/7"}],"replies":[{"embeddable":true,"href":"https:\/\/www.labunie.com.pl\/index.php?rest_route=%2Fwp%2Fv2%2Fcomments&post=4158"}],"version-history":[{"count":4,"href":"https:\/\/www.labunie.com.pl\/index.php?rest_route=\/wp\/v2\/posts\/4158\/revisions"}],"predecessor-version":[{"id":4165,"href":"https:\/\/www.labunie.com.pl\/index.php?rest_route=\/wp\/v2\/posts\/4158\/revisions\/4165"}],"wp:featuredmedia":[{"embeddable":true,"href":"https:\/\/www.labunie.com.pl\/index.php?rest_route=\/wp\/v2\/media\/4159"}],"wp:attachment":[{"href":"https:\/\/www.labunie.com.pl\/index.php?rest_route=%2Fwp%2Fv2%2Fmedia&parent=4158"}],"wp:term":[{"taxonomy":"category","embeddable":true,"href":"https:\/\/www.labunie.com.pl\/index.php?rest_route=%2Fwp%2Fv2%2Fcategories&post=4158"},{"taxonomy":"post_tag","embeddable":true,"href":"https:\/\/www.labunie.com.pl\/index.php?rest_route=%2Fwp%2Fv2%2Ftags&post=4158"}],"curies":[{"name":"wp","href":"https:\/\/api.w.org\/{rel}","templated":true}]}}