{"id":4094,"date":"2016-09-08T12:57:13","date_gmt":"2016-09-08T10:57:13","guid":{"rendered":"https:\/\/www.labunie.com.pl\/?p=4094"},"modified":"2016-09-19T11:18:40","modified_gmt":"2016-09-19T09:18:40","slug":"apel-5","status":"publish","type":"post","link":"https:\/\/www.labunie.com.pl\/?p=4094","title":{"rendered":"APEL!!!"},"content":{"rendered":"<p><span style=\"color: #000000;\"><strong>W niedziel\u0119, 18 wrze\u015bnia w godz. 8:30-13:00 w Domu Kultury w \u0141abuniach (ul. Parkowa 9) przeprowadzona zostanie przez Regionalne Centrum Krwiodawstwa i Krwiolecznictwa w Lublinie akcja poboru krwi dla \u0141ukasza Zwolana z Wierzbia.<br \/>\n<\/strong><\/span><br \/>\n&nbsp;<br \/>\n&nbsp;<br \/>\n&nbsp;<br \/>\n<!--more--><\/p>\n<p>Szczeg\u00f3\u0142owe informacje na stronie <a href=\"http:\/\/www.rckik.lublin.pl\/\">www.rckik.lublin.pl<\/a><br \/>\n&nbsp;<br \/>\n<img loading=\"lazy\" decoding=\"async\" class=\"aligncenter size-full wp-image-4096\" src=\"https:\/\/www.labunie.com.pl\/wp-content\/uploads\/2016\/09\/lukasz_z1p.png\" alt=\"lukasz_z\" width=\"630\" height=\"1026\" \/><br \/>\n&nbsp;<br \/>\n<img loading=\"lazy\" decoding=\"async\" src=\"https:\/\/www.labunie.com.pl\/wp-content\/uploads\/2015\/11\/pasek630s.png\" alt=\"pasek630s\" width=\"630\" height=\"15\" class=\"aligncenter size-full wp-image-2314\" srcset=\"https:\/\/www.labunie.com.pl\/wp-content\/uploads\/2015\/11\/pasek630s.png 630w, https:\/\/www.labunie.com.pl\/wp-content\/uploads\/2015\/11\/pasek630s-300x7.png 300w\" sizes=\"auto, (max-width: 630px) 100vw, 630px\" \/><\/a><br \/>\n&nbsp;<br \/>\n<img loading=\"lazy\" decoding=\"async\" src=\"https:\/\/www.labunie.com.pl\/wp-content\/uploads\/2016\/09\/lukasz_z2.png\" alt=\"lukasz_z2\" width=\"630\" height=\"833\" class=\"aligncenter size-full wp-image-4116\" srcset=\"https:\/\/www.labunie.com.pl\/wp-content\/uploads\/2016\/09\/lukasz_z2.png 630w, https:\/\/www.labunie.com.pl\/wp-content\/uploads\/2016\/09\/lukasz_z2-227x300.png 227w\" sizes=\"auto, (max-width: 630px) 100vw, 630px\" \/><\/a><\/p>\n","protected":false},"excerpt":{"rendered":"<p>W niedziel\u0119, 18 wrze\u015bnia w godz. 8:30-13:00 w Domu Kultury w \u0141abuniach (ul. Parkowa 9) przeprowadzona zostanie przez Regionalne Centrum Krwiodawstwa i Krwiolecznictwa w Lublinie akcja poboru krwi dla \u0141ukasza Zwolana z Wierzbia. &nbsp; &nbsp; &nbsp;<\/p>\n","protected":false},"author":7,"featured_media":4095,"comment_status":"closed","ping_status":"closed","sticky":false,"template":"","format":"standard","meta":{"footnotes":""},"categories":[1],"tags":[],"class_list":["post-4094","post","type-post","status-publish","format-standard","has-post-thumbnail","hentry","category-wpisy","clearfix"],"_links":{"self":[{"href":"https:\/\/www.labunie.com.pl\/index.php?rest_route=\/wp\/v2\/posts\/4094","targetHints":{"allow":["GET"]}}],"collection":[{"href":"https:\/\/www.labunie.com.pl\/index.php?rest_route=\/wp\/v2\/posts"}],"about":[{"href":"https:\/\/www.labunie.com.pl\/index.php?rest_route=\/wp\/v2\/types\/post"}],"author":[{"embeddable":true,"href":"https:\/\/www.labunie.com.pl\/index.php?rest_route=\/wp\/v2\/users\/7"}],"replies":[{"embeddable":true,"href":"https:\/\/www.labunie.com.pl\/index.php?rest_route=%2Fwp%2Fv2%2Fcomments&post=4094"}],"version-history":[{"count":5,"href":"https:\/\/www.labunie.com.pl\/index.php?rest_route=\/wp\/v2\/posts\/4094\/revisions"}],"predecessor-version":[{"id":4150,"href":"https:\/\/www.labunie.com.pl\/index.php?rest_route=\/wp\/v2\/posts\/4094\/revisions\/4150"}],"wp:featuredmedia":[{"embeddable":true,"href":"https:\/\/www.labunie.com.pl\/index.php?rest_route=\/wp\/v2\/media\/4095"}],"wp:attachment":[{"href":"https:\/\/www.labunie.com.pl\/index.php?rest_route=%2Fwp%2Fv2%2Fmedia&parent=4094"}],"wp:term":[{"taxonomy":"category","embeddable":true,"href":"https:\/\/www.labunie.com.pl\/index.php?rest_route=%2Fwp%2Fv2%2Fcategories&post=4094"},{"taxonomy":"post_tag","embeddable":true,"href":"https:\/\/www.labunie.com.pl\/index.php?rest_route=%2Fwp%2Fv2%2Ftags&post=4094"}],"curies":[{"name":"wp","href":"https:\/\/api.w.org\/{rel}","templated":true}]}}