{"id":40708,"date":"2025-06-20T10:28:46","date_gmt":"2025-06-20T08:28:46","guid":{"rendered":"https:\/\/www.labunie.com.pl\/?p=40708"},"modified":"2025-06-20T10:29:05","modified_gmt":"2025-06-20T08:29:05","slug":"letnia-szkola-pisania-ikon","status":"publish","type":"post","link":"https:\/\/www.labunie.com.pl\/?p=40708","title":{"rendered":"Letnia szko\u0142a pisania ikon"},"content":{"rendered":"\n<p><strong>Biblioteka Publiczna Gminy \u0141abunie organizuje pod honorowym patronatem W\u00f3jta Gminy \u0141abunie \u2013 Pana Mariusza Kukie\u0142ki, z pomoc\u0105 so\u0142ectwa Moc\u00f3wka \u2013 Letni\u0105 szko\u0142\u0119 pisania ikon.<\/strong><\/p>\n\n\n\n<!--more-->\n\n\n\n<p>Propozycja sp\u0119dzenia dw\u00f3ch wakacyjnych tygodni podczas tworzenia \u015bwi\u0119tych obrazk\u00f3w jest skierowana do pe\u0142noletnich os\u00f3b \u2013 mieszka\u0144c\u00f3w Gminy \u0141abunie<\/p>\n\n\n\n<p>&#8211; zapraszamy, szczeg\u00f3\u0142y na plakacie.<\/p>\n\n\n\n<div style=\"height:20px\" aria-hidden=\"true\" class=\"wp-block-spacer\"><\/div>\n\n\n\n<p class=\"has-text-align-right\">A.Sz.<\/p>\n\n\n\n<div style=\"height:50px\" aria-hidden=\"true\" class=\"wp-block-spacer\"><\/div>\n\n\n\n<div class=\"wp-block-image\"><figure class=\"aligncenter size-full\"><img loading=\"lazy\" decoding=\"async\" width=\"1000\" height=\"1414\" src=\"https:\/\/www.labunie.com.pl\/wp-content\/uploads\/2025\/06\/Plakat_Ikony_czerwiec.jpg\" alt=\"\" class=\"wp-image-40709\" srcset=\"https:\/\/www.labunie.com.pl\/wp-content\/uploads\/2025\/06\/Plakat_Ikony_czerwiec.jpg 1000w, https:\/\/www.labunie.com.pl\/wp-content\/uploads\/2025\/06\/Plakat_Ikony_czerwiec-212x300.jpg 212w, https:\/\/www.labunie.com.pl\/wp-content\/uploads\/2025\/06\/Plakat_Ikony_czerwiec-724x1024.jpg 724w, https:\/\/www.labunie.com.pl\/wp-content\/uploads\/2025\/06\/Plakat_Ikony_czerwiec-768x1086.jpg 768w\" sizes=\"auto, (max-width: 1000px) 100vw, 1000px\" \/><\/figure><\/div>\n","protected":false},"excerpt":{"rendered":"<p>Biblioteka Publiczna Gminy \u0141abunie organizuje pod honorowym patronatem W\u00f3jta Gminy \u0141abunie \u2013 Pana Mariusza Kukie\u0142ki, z pomoc\u0105 so\u0142ectwa Moc\u00f3wka \u2013 Letni\u0105 szko\u0142\u0119 pisania ikon.<\/p>\n","protected":false},"author":7,"featured_media":38788,"comment_status":"closed","ping_status":"closed","sticky":false,"template":"","format":"standard","meta":{"footnotes":""},"categories":[1],"tags":[],"class_list":["post-40708","post","type-post","status-publish","format-standard","has-post-thumbnail","hentry","category-wpisy","clearfix"],"_links":{"self":[{"href":"https:\/\/www.labunie.com.pl\/index.php?rest_route=\/wp\/v2\/posts\/40708","targetHints":{"allow":["GET"]}}],"collection":[{"href":"https:\/\/www.labunie.com.pl\/index.php?rest_route=\/wp\/v2\/posts"}],"about":[{"href":"https:\/\/www.labunie.com.pl\/index.php?rest_route=\/wp\/v2\/types\/post"}],"author":[{"embeddable":true,"href":"https:\/\/www.labunie.com.pl\/index.php?rest_route=\/wp\/v2\/users\/7"}],"replies":[{"embeddable":true,"href":"https:\/\/www.labunie.com.pl\/index.php?rest_route=%2Fwp%2Fv2%2Fcomments&post=40708"}],"version-history":[{"count":2,"href":"https:\/\/www.labunie.com.pl\/index.php?rest_route=\/wp\/v2\/posts\/40708\/revisions"}],"predecessor-version":[{"id":40711,"href":"https:\/\/www.labunie.com.pl\/index.php?rest_route=\/wp\/v2\/posts\/40708\/revisions\/40711"}],"wp:featuredmedia":[{"embeddable":true,"href":"https:\/\/www.labunie.com.pl\/index.php?rest_route=\/wp\/v2\/media\/38788"}],"wp:attachment":[{"href":"https:\/\/www.labunie.com.pl\/index.php?rest_route=%2Fwp%2Fv2%2Fmedia&parent=40708"}],"wp:term":[{"taxonomy":"category","embeddable":true,"href":"https:\/\/www.labunie.com.pl\/index.php?rest_route=%2Fwp%2Fv2%2Fcategories&post=40708"},{"taxonomy":"post_tag","embeddable":true,"href":"https:\/\/www.labunie.com.pl\/index.php?rest_route=%2Fwp%2Fv2%2Ftags&post=40708"}],"curies":[{"name":"wp","href":"https:\/\/api.w.org\/{rel}","templated":true}]}}