{"id":4068,"date":"2016-09-02T10:26:18","date_gmt":"2016-09-02T08:26:18","guid":{"rendered":"https:\/\/www.labunie.com.pl\/?p=4068"},"modified":"2016-09-02T10:26:18","modified_gmt":"2016-09-02T08:26:18","slug":"77-rocznica-wybuchu-ii-wojny-swiatowej","status":"publish","type":"post","link":"https:\/\/www.labunie.com.pl\/?p=4068","title":{"rendered":"77 rocznica wybuchu II Wojny \u015awiatowej"},"content":{"rendered":"<p><strong>1 wrze\u015bnia 2016 r. Gmina \u0141abunie upami\u0119tni\u0142a poleg\u0142ych i dzia\u0142ania obronne Narodu Polskiego przeciw armii niemieckiej z 1939 r.<br \/>\nPo Mszy \u015bw. inauguruj\u0105cej rok szkolny 2016\/2017 dzieci i m\u0142odzie\u017c z zespo\u0142\u00f3w szk\u00f3\u0142 z \u0141abu\u0144 i \u0141abuniek Pierwszych wraz z gronem pedagogicznym i rodzicami przeszli na cmentarz parafialny, gdzie minut\u0105 ciszy uczczono pami\u0119\u0107 poleg\u0142ych w czasie II Wojny \u015awiatowej.<\/strong><br \/>\n<!--more--><br \/>\nM\u0142odzie\u017c z Gimnazjum w \u0141abu\u0144kach Pierwszych przygotowa\u0142a kr\u00f3tki rys historyczny przedstawiaj\u0105cy okoliczno\u015bci wybuchu oraz przebieg II Wojny \u015awiatowej.<br \/>\n&nbsp;<br \/>\nNast\u0119pnie W\u00f3jt Gminy \u0141abunie, Przewodnicz\u0105cy Rady Gminy \u0141abunie, dyrektorzy szk\u00f3\u0142 z terenu gminy oraz poczty sztandarowe organizacji kombatanckich z\u0142o\u017cyli wie\u0144ce pod pomnikiem \u201e\u017bo\u0142nierzy poleg\u0142ych w walkach pod \u0141abuniami i Barchaczowem\u201d oraz pomnikiem \u201ePoleg\u0142ych w walkach o niepodleg\u0142\u0105 Polsk\u0119\u201d.<br \/>\n&nbsp;<br \/>\nModlitw\u0119 za poleg\u0142ych odm\u00f3wi\u0142 proboszcz parafii \u0141abunie.<br \/>\n&nbsp;<br \/>\n<em>Od 19 wrze\u015bnia wojska polskie dowodzone przez genera\u0142a Tadeusza Piskora prowadzi\u0142y zaci\u0119te boje z niemieckim naje\u017ad\u017ac\u0105. W dniach 21-23 wrze\u015bnia 1939 r. 39. Dywizja Piechoty Rezerwowa przebijaj\u0105c si\u0119 na po\u0142udnie stoczy\u0142a z Niemcami bitw\u0119 o Wzg\u00f3rze 256 bardziej znan\u0105 jako bitwa pod Cze\u015bnikami. Zako\u0144czona bitwa pozosta\u0142a nierozstrzygni\u0119ta, straty osobowe po obu stronach by\u0142y podobne, 200 zabitych i ok. 600 rannych, ale sukces odnie\u015bli Polacy, bior\u0105c do niewoli ok. 100 je\u0144c\u00f3w i zdobywaj\u0105c ok. 150 motocykli i samochod\u00f3w. 183 \u017co\u0142nierzy polskich spocz\u0119\u0142o na cmentarzu w \u0141abuniach &#8211; 63 znanych z imienia i nazwiska i 120 ofiar bezimiennych. Cz\u0119\u015b\u0107 z walcz\u0105cych na naszej \u0142abu\u0144skiej ziemi dosta\u0142a si\u0119 do niewoli i zgin\u0119\u0142a z r\u0105k NKWD m.in. w Katyniu, Miednoje, Charkowie.<\/em><br \/>\n&nbsp;<br \/>\n[lg_folder folder=&#8221;20160901\/&#8221; count=&#8221;15&#8243;  paging=&#8221;false&#8221;]<\/p>\n","protected":false},"excerpt":{"rendered":"<p>1 wrze\u015bnia 2016 r. Gmina \u0141abunie upami\u0119tni\u0142a poleg\u0142ych i dzia\u0142ania obronne Narodu Polskiego przeciw armii niemieckiej z 1939 r. Po Mszy \u015bw. inauguruj\u0105cej rok szkolny 2016\/2017 dzieci i m\u0142odzie\u017c z zespo\u0142\u00f3w szk\u00f3\u0142 z \u0141abu\u0144 i \u0141abuniek Pierwszych wraz z gronem pedagogicznym i rodzicami przeszli na cmentarz parafialny, gdzie minut\u0105 ciszy uczczono pami\u0119\u0107 poleg\u0142ych w czasie [&hellip;]<\/p>\n","protected":false},"author":7,"featured_media":4071,"comment_status":"closed","ping_status":"closed","sticky":false,"template":"","format":"standard","meta":{"footnotes":""},"categories":[1],"tags":[],"class_list":["post-4068","post","type-post","status-publish","format-standard","has-post-thumbnail","hentry","category-wpisy","clearfix"],"_links":{"self":[{"href":"https:\/\/www.labunie.com.pl\/index.php?rest_route=\/wp\/v2\/posts\/4068","targetHints":{"allow":["GET"]}}],"collection":[{"href":"https:\/\/www.labunie.com.pl\/index.php?rest_route=\/wp\/v2\/posts"}],"about":[{"href":"https:\/\/www.labunie.com.pl\/index.php?rest_route=\/wp\/v2\/types\/post"}],"author":[{"embeddable":true,"href":"https:\/\/www.labunie.com.pl\/index.php?rest_route=\/wp\/v2\/users\/7"}],"replies":[{"embeddable":true,"href":"https:\/\/www.labunie.com.pl\/index.php?rest_route=%2Fwp%2Fv2%2Fcomments&post=4068"}],"version-history":[{"count":4,"href":"https:\/\/www.labunie.com.pl\/index.php?rest_route=\/wp\/v2\/posts\/4068\/revisions"}],"predecessor-version":[{"id":4073,"href":"https:\/\/www.labunie.com.pl\/index.php?rest_route=\/wp\/v2\/posts\/4068\/revisions\/4073"}],"wp:featuredmedia":[{"embeddable":true,"href":"https:\/\/www.labunie.com.pl\/index.php?rest_route=\/wp\/v2\/media\/4071"}],"wp:attachment":[{"href":"https:\/\/www.labunie.com.pl\/index.php?rest_route=%2Fwp%2Fv2%2Fmedia&parent=4068"}],"wp:term":[{"taxonomy":"category","embeddable":true,"href":"https:\/\/www.labunie.com.pl\/index.php?rest_route=%2Fwp%2Fv2%2Fcategories&post=4068"},{"taxonomy":"post_tag","embeddable":true,"href":"https:\/\/www.labunie.com.pl\/index.php?rest_route=%2Fwp%2Fv2%2Ftags&post=4068"}],"curies":[{"name":"wp","href":"https:\/\/api.w.org\/{rel}","templated":true}]}}