{"id":40477,"date":"2025-05-26T07:25:01","date_gmt":"2025-05-26T05:25:01","guid":{"rendered":"https:\/\/www.labunie.com.pl\/?p=40477"},"modified":"2025-05-27T07:31:43","modified_gmt":"2025-05-27T05:31:43","slug":"rzecz-o-konradzie-zolnierzu-armii-krajowej-z-gminy-labunie","status":"publish","type":"post","link":"https:\/\/www.labunie.com.pl\/?p=40477","title":{"rendered":"Rzecz o \u201eKonradzie\u201d \u2013 \u017co\u0142nierzu Armii Krajowej z Gminy \u0141abunie"},"content":{"rendered":"\n<p style=\"text-align: justify;\"><strong>Zapraszamy do wys\u0142uchania reporta\u017cu roztocze.net po\u015bwi\u0119conego por. Edwardowi Lachawcowi ps. \u201eKonrad\u201d \u2013 bohaterowi z \u0141abuniek.&nbsp;<\/strong><\/p>\n\n\n\n<div style=\"height:14px\" aria-hidden=\"true\" class=\"wp-block-spacer\"><\/div>\n\n\n\n<!--more-->\n\n\n\n<p>W 2025 r. mija 80 lat od \u015bmierci por. Edwarda Lachawca ps. \u201eKonrad\u201d \u2013 upami\u0119tnienie bohatera z \u0141abuniek. By ocali\u0107 od zapomnienia, posta\u0107 \u201eKonrada\u201d przedstawi\u0142 Bogdan Szyku\u0142a &#8211; wieloletni kierownik Biblioteki Publicznej Gminy \u0141abunie im. Aleksandra Szeptyckiego.<\/p>\n<p>Reporta\u017c portalu roztocze.net powsta\u0142 we wsp\u00f3\u0142pracy z Gmin\u0105 \u0141abunie i Bibliotek\u0105 Publiczn\u0105 im. Aleksandra Szeptyckiego w \u0141abuniach.<\/p>\n<p>Reporta\u017c mo\u017cna obejrze\u0107:<br \/><br \/><a href=\"https:\/\/roztocze.net\/pl\/19_wiadomosci-z-regionu\/968_labunie\/364077_rzecz-o-konradzie-zolnierzu-armii-krajowej-z-gminy-labunie.html\" target=\"_blank\" rel=\"noopener noreferrer\">https:\/\/roztocze.net\/pl\/19_wiadomosci-z-regionu\/968_labunie\/364077_rzecz-o-konradzie-zolnierzu-armii-krajowej-z-gminy-labunie.html<\/a><br \/><br \/>i na youtube:<\/p>\n\n\n\n<div style=\"height:25px\" aria-hidden=\"true\" class=\"wp-block-spacer\"><\/div>\n\n\n\n<figure class=\"wp-block-embed aligncenter is-type-video is-provider-youtube wp-block-embed-youtube wp-embed-aspect-16-9 wp-has-aspect-ratio\"><div class=\"wp-block-embed__wrapper\">\n<iframe loading=\"lazy\" title=\"Edward Lachawiec. Rzecz o \u201eKonradzie\u201d \u2013 \u017co\u0142nierzu Armii Krajowej z Gminy \u0141abunie\" width=\"1280\" height=\"720\" src=\"https:\/\/www.youtube.com\/embed\/fzGgKkBqyT0?feature=oembed\" frameborder=\"0\" allow=\"accelerometer; autoplay; clipboard-write; encrypted-media; gyroscope; picture-in-picture; web-share\" referrerpolicy=\"strict-origin-when-cross-origin\" allowfullscreen><\/iframe>\n<\/div><\/figure>\n","protected":false},"excerpt":{"rendered":"<p>Zapraszamy do wys\u0142uchania reporta\u017cu roztocze.net po\u015bwi\u0119conego por. Edwardowi Lachawcowi ps. \u201eKonrad\u201d \u2013 bohaterowi z \u0141abuniek.&nbsp;<\/p>\n","protected":false},"author":11,"featured_media":40481,"comment_status":"closed","ping_status":"closed","sticky":false,"template":"","format":"standard","meta":{"footnotes":""},"categories":[1],"tags":[],"class_list":["post-40477","post","type-post","status-publish","format-standard","has-post-thumbnail","hentry","category-wpisy","clearfix"],"_links":{"self":[{"href":"https:\/\/www.labunie.com.pl\/index.php?rest_route=\/wp\/v2\/posts\/40477","targetHints":{"allow":["GET"]}}],"collection":[{"href":"https:\/\/www.labunie.com.pl\/index.php?rest_route=\/wp\/v2\/posts"}],"about":[{"href":"https:\/\/www.labunie.com.pl\/index.php?rest_route=\/wp\/v2\/types\/post"}],"author":[{"embeddable":true,"href":"https:\/\/www.labunie.com.pl\/index.php?rest_route=\/wp\/v2\/users\/11"}],"replies":[{"embeddable":true,"href":"https:\/\/www.labunie.com.pl\/index.php?rest_route=%2Fwp%2Fv2%2Fcomments&post=40477"}],"version-history":[{"count":3,"href":"https:\/\/www.labunie.com.pl\/index.php?rest_route=\/wp\/v2\/posts\/40477\/revisions"}],"predecessor-version":[{"id":40514,"href":"https:\/\/www.labunie.com.pl\/index.php?rest_route=\/wp\/v2\/posts\/40477\/revisions\/40514"}],"wp:featuredmedia":[{"embeddable":true,"href":"https:\/\/www.labunie.com.pl\/index.php?rest_route=\/wp\/v2\/media\/40481"}],"wp:attachment":[{"href":"https:\/\/www.labunie.com.pl\/index.php?rest_route=%2Fwp%2Fv2%2Fmedia&parent=40477"}],"wp:term":[{"taxonomy":"category","embeddable":true,"href":"https:\/\/www.labunie.com.pl\/index.php?rest_route=%2Fwp%2Fv2%2Fcategories&post=40477"},{"taxonomy":"post_tag","embeddable":true,"href":"https:\/\/www.labunie.com.pl\/index.php?rest_route=%2Fwp%2Fv2%2Ftags&post=40477"}],"curies":[{"name":"wp","href":"https:\/\/api.w.org\/{rel}","templated":true}]}}