{"id":4027,"date":"2016-08-25T09:53:22","date_gmt":"2016-08-25T07:53:22","guid":{"rendered":"https:\/\/www.labunie.com.pl\/?p=4027"},"modified":"2016-08-25T15:01:23","modified_gmt":"2016-08-25T13:01:23","slug":"trwa-rekrutacja-do-projektu-lubelscy-seniorzy-w-akcji","status":"publish","type":"post","link":"https:\/\/www.labunie.com.pl\/?p=4027","title":{"rendered":"Trwa rekrutacja do projektu &#8220;Lubelscy seniorzy w akcji&#8221;"},"content":{"rendered":"<p><strong>Stowarzyszenie Krzewienia Kultury Medialnej im. Jana Paw\u0142a II i Katolickie Radio Zamo\u015b\u0107 serdecznie zapraszaj\u0105 do udzia\u0142u w projekcie pt. \u201eLubelscy seniorzy w akcji!\u201d. Projekt jest dofinansowany przez Ministerstwo Rodziny, Pracy i Polityki Spo\u0142ecznej, w ramach Rz\u0105dowego Programu na rzecz Aktywno\u015bci Os\u00f3b Starszych na lata 2014-2020 (ASOS).<\/strong><br \/>\n<!--more--><br \/>\n&nbsp;<br \/>\n&nbsp;<br \/>\nZaj\u0119cia b\u0119d\u0105 dobr\u0105 okazj\u0105, by wsp\u00f3lnie porozmawia\u0107 o problemach, kt\u00f3re seniorzy dostrzegaj\u0105 w swojej najbli\u017cszej okolicy i razem znale\u017a\u0107 dla nich rozwi\u0105zanie.<br \/>\n&nbsp;<br \/>\nProjekt pt. \u201eLubelscy seniorzy w akcji!\u201d obejmuje organizacje inicjatywy koncentruj\u0105cej si\u0119 przede wszystkim na wspieraniu aktywno\u015bci spo\u0142ecznej i zawodowej os\u00f3b starszych, na promowaniu edukacji przez ca\u0142e \u017cycie i korzy\u015bci p\u0142yn\u0105cych ze wsp\u00f3\u0142pracy mi\u0119dzypokoleniowej. Wa\u017cne miejsce w tych dzia\u0142aniach zajmuje przeciwdzia\u0142anie dyskryminacji ze wzgl\u0119du na wiek.<br \/>\n&nbsp;<br \/>\nW ramach projektu prowadzone b\u0119d\u0105 nast\u0119puj\u0105ce dzia\u0142ania:<\/p>\n<ol>\n<li>przeprowadzenie warsztat\u00f3w pracy opiekuna w zakresie obs\u0142ugi komputera, Internetu, podstawowych urz\u0105dze\u0144 IT, sprawowania opieki, gospodarowania bud\u017cetem domowym, umiej\u0119tno\u015bci psychospo\u0142ecznych dla 60 opiekun\u00f3w;<\/li>\n<li>przeprowadzenie zindywidualizowanych szkole\u0144 psychologicznych i coachingowych dla opiekun\u00f3w i podopiecznych. Podczas zaj\u0119\u0107 podopieczni b\u0119d\u0105 rozmawia\u0107 o trudno\u015bciach, problemach m. in. nieumiej\u0119tno\u015bci radzenia sobie ze stresem, konfliktami, chorobami, staro\u015bci\u0105, obci\u0105\u017ceniami, problematyk\u0105 uzale\u017cnie\u0144, poczucia odrzucenia spo\u0142ecznego;<\/li>\n<li>realizacja zaj\u0119\u0107 pn. \u201eWsp\u00f3lne zaj\u0119cia dla 100 podopiecznych oraz zaj\u0119\u0107 integracyjnych.<\/li>\n<\/ol>\n<p>Zaj\u0119cia pozwol\u0105 interesuj\u0105co sp\u0119dzi\u0107 czas, poszerzy\u0107 swoje zainteresowania i pozyska\u0107 nowe umiej\u0119tno\u015bci. Stanowi\u0105 mo\u017cliwo\u015b\u0107 do podj\u0119cia wsp\u00f3lnej dyskusji oraz dzielenia si\u0119 swoimi pomys\u0142ami i do\u015bwiadczeniami. Jest to tak\u017ce dobra okazja, by pozna\u0107 ciekawych ludzi i nawi\u0105za\u0107 kontakty, kt\u00f3re by\u0107 mo\u017ce w przysz\u0142o\u015bci zaowocuj\u0105 realizacj\u0105 nowatorskich przedsi\u0119wzi\u0119\u0107.<br \/>\n&nbsp;<br \/>\nZaj\u0119cia realizowane b\u0119d\u0105 od sierpnia do grudnia br.<br \/>\n&nbsp;<br \/>\nUdzia\u0142 w projekcie jest bezp\u0142atny, wszyscy uczestnicy otrzymaj\u0105 materia\u0142y edukacyjne oraz drobny pocz\u0119stunek. Warunkiem udzia\u0142u w projekcie jest uko\u0144czenie 60. roku \u017cycia oraz zamieszkanie na terenie woj. lubelskiego.<br \/>\n&nbsp;<br \/>\nDrodzy seniorzy, podejmijcie wyzwanie! Podzielcie si\u0119 swoimi pomys\u0142ami, zacznijmy wsp\u00f3lnie dzia\u0142a\u0107 i zmieniajmy razem Lubelszczyzn\u0119!<br \/>\n&nbsp;<br \/>\nOsoby zainteresowane prosimy o wype\u0142nienie kr\u00f3tkiego formularza zg\u0142oszeniowego, dost\u0119pnego na stronie internetowej <strong><a href=\"http:\/\/www.skkm.pl\/\">www.skkm.pl<\/a><\/strong> oraz poni\u017cej i dostarczy\u0107 poczt\u0105 (e-mail albo tradycyjn\u0105) lub osobi\u015bcie do biura projektu na ul. Hetmana Jana Zamoyskiego 1, 22-400 Zamo\u015b\u0107. Dodatkowe informacje mo\u017cna uzyska\u0107 pod numerem telefonu: 501\u00a0101 165 lub e-mail: <a href=\"mailto:lubelscyseniorzy@gmail.com\"><strong>lubelscyseniorzy@gmail.com<\/strong><\/a><br \/>\n&nbsp;<\/p>\n<table>\n<tbody>\n<tr>\n<td><a href=\"http:\/\/www.skkm.pl\/wp-content\/uploads\/2016\/07\/formularz_asos_Zamo%C5%9B%C4%87-1.doc\"><img loading=\"lazy\" decoding=\"async\" class=\"aligncenter size-full wp-image-1484\" src=\"https:\/\/www.labunie.com.pl\/wp-content\/uploads\/2015\/07\/doc1.png\" alt=\"doc\" width=\"50\" height=\"50\" \/><\/a><\/td>\n<td><a href=\"http:\/\/www.skkm.pl\/wp-content\/uploads\/2016\/07\/formularz_asos_Zamo%C5%9B%C4%87-1.doc\">Formularz zg\u0142oszeniowy<\/a><\/td>\n<\/tr>\n<\/tbody>\n<\/table>\n<p>&nbsp;<\/p>\n","protected":false},"excerpt":{"rendered":"<p>Stowarzyszenie Krzewienia Kultury Medialnej im. Jana Paw\u0142a II i Katolickie Radio Zamo\u015b\u0107 serdecznie zapraszaj\u0105 do udzia\u0142u w projekcie pt. \u201eLubelscy seniorzy w akcji!\u201d. Projekt jest dofinansowany przez Ministerstwo Rodziny, Pracy i Polityki Spo\u0142ecznej, w ramach Rz\u0105dowego Programu na rzecz Aktywno\u015bci Os\u00f3b Starszych na lata 2014-2020 (ASOS).<\/p>\n","protected":false},"author":7,"featured_media":4028,"comment_status":"closed","ping_status":"closed","sticky":false,"template":"","format":"standard","meta":{"footnotes":""},"categories":[1],"tags":[],"class_list":["post-4027","post","type-post","status-publish","format-standard","has-post-thumbnail","hentry","category-wpisy","clearfix"],"_links":{"self":[{"href":"https:\/\/www.labunie.com.pl\/index.php?rest_route=\/wp\/v2\/posts\/4027","targetHints":{"allow":["GET"]}}],"collection":[{"href":"https:\/\/www.labunie.com.pl\/index.php?rest_route=\/wp\/v2\/posts"}],"about":[{"href":"https:\/\/www.labunie.com.pl\/index.php?rest_route=\/wp\/v2\/types\/post"}],"author":[{"embeddable":true,"href":"https:\/\/www.labunie.com.pl\/index.php?rest_route=\/wp\/v2\/users\/7"}],"replies":[{"embeddable":true,"href":"https:\/\/www.labunie.com.pl\/index.php?rest_route=%2Fwp%2Fv2%2Fcomments&post=4027"}],"version-history":[{"count":4,"href":"https:\/\/www.labunie.com.pl\/index.php?rest_route=\/wp\/v2\/posts\/4027\/revisions"}],"predecessor-version":[{"id":4032,"href":"https:\/\/www.labunie.com.pl\/index.php?rest_route=\/wp\/v2\/posts\/4027\/revisions\/4032"}],"wp:featuredmedia":[{"embeddable":true,"href":"https:\/\/www.labunie.com.pl\/index.php?rest_route=\/wp\/v2\/media\/4028"}],"wp:attachment":[{"href":"https:\/\/www.labunie.com.pl\/index.php?rest_route=%2Fwp%2Fv2%2Fmedia&parent=4027"}],"wp:term":[{"taxonomy":"category","embeddable":true,"href":"https:\/\/www.labunie.com.pl\/index.php?rest_route=%2Fwp%2Fv2%2Fcategories&post=4027"},{"taxonomy":"post_tag","embeddable":true,"href":"https:\/\/www.labunie.com.pl\/index.php?rest_route=%2Fwp%2Fv2%2Ftags&post=4027"}],"curies":[{"name":"wp","href":"https:\/\/api.w.org\/{rel}","templated":true}]}}