{"id":40187,"date":"2025-04-23T10:19:32","date_gmt":"2025-04-23T08:19:32","guid":{"rendered":"https:\/\/www.labunie.com.pl\/?p=40187"},"modified":"2025-04-23T10:20:02","modified_gmt":"2025-04-23T08:20:02","slug":"przemocy-mowimy-nie-akcja-przeciwdzialania-przemocy-i-agresji-wsrod-mlodziezy","status":"publish","type":"post","link":"https:\/\/www.labunie.com.pl\/?p=40187","title":{"rendered":"&#8220;Przemocy m\u00f3wimy NIE&#8221; \u2013 akcja przeciwdzia\u0142ania przemocy i agresji w\u015br\u00f3d m\u0142odzie\u017cy"},"content":{"rendered":"\n<p><strong>W&nbsp;najbli\u017cszy pi\u0105tek (25 IV) o godz. 10.00 w Domu Kultury w \u0141abuniach odb\u0119dzie si\u0119 podsumowanie I. Przegl\u0105du plastycznego po\u015bwi\u0119conego przeciwdzia\u0142aniu przemocy w\u015br\u00f3d m\u0142odzie\u017cy &#8220;Przemocy m\u00f3wimy NIE&#8221;.<\/strong><\/p>\n\n\n\n<!--more-->\n\n\n\n<p>Przedsi\u0119wzi\u0119cie jest inicjatyw\u0105 Gminy \u0141abunie, Zespo\u0142u Interdyscyplinarnego w \u0141abuniach i Biblioteki Publicznej Gminy \u0141abunie.<\/p>\n\n\n\n<p>Do akcji zosta\u0142y w\u0142\u0105czone Szko\u0142y Podstawowe w \u0141abuniach i \u0141abu\u0144kach Pierwszych. Uczniowie klas V-VIII wykonali pod kierunkiem nauczycieli plastyki, szkolnych pedagog\u00f3w lub samodzielnie, plakaty i afisze dotycz\u0105ce tytu\u0142owego has\u0142a.<\/p>\n\n\n\n<p>Spotkaniu towarzyszy\u0107 b\u0119dzie wystawa tych prac (hol biblioteki, ul. Orzechowa 10), a jest ich prawie 60! oraz spotkanie z Katarzyn\u0105 Rodzik po\u015bwi\u0119cone przeciwdzia\u0142aniu agresji i przemocy w\u015br\u00f3d m\u0142odych.<\/p>\n\n\n\n<div style=\"height:50px\" aria-hidden=\"true\" class=\"wp-block-spacer\"><\/div>\n\n\n\n<p class=\"has-text-align-right\">A.Sz.<\/p>\n\n\n\n<div style=\"height:50px\" aria-hidden=\"true\" class=\"wp-block-spacer\"><\/div>\n\n\n\n<div class=\"wp-block-image\"><figure class=\"aligncenter size-full\"><img loading=\"lazy\" decoding=\"async\" width=\"1000\" height=\"1414\" src=\"https:\/\/www.labunie.com.pl\/wp-content\/uploads\/2025\/04\/Plakat_przemoc-25-04.jpg\" alt=\"\" class=\"wp-image-40188\" srcset=\"https:\/\/www.labunie.com.pl\/wp-content\/uploads\/2025\/04\/Plakat_przemoc-25-04.jpg 1000w, https:\/\/www.labunie.com.pl\/wp-content\/uploads\/2025\/04\/Plakat_przemoc-25-04-212x300.jpg 212w, https:\/\/www.labunie.com.pl\/wp-content\/uploads\/2025\/04\/Plakat_przemoc-25-04-724x1024.jpg 724w, https:\/\/www.labunie.com.pl\/wp-content\/uploads\/2025\/04\/Plakat_przemoc-25-04-768x1086.jpg 768w\" sizes=\"auto, (max-width: 1000px) 100vw, 1000px\" \/><\/figure><\/div>\n","protected":false},"excerpt":{"rendered":"<p>W&nbsp;najbli\u017cszy pi\u0105tek (25 IV) o godz. 10.00 w Domu Kultury w \u0141abuniach odb\u0119dzie si\u0119 podsumowanie I. Przegl\u0105du plastycznego po\u015bwi\u0119conego przeciwdzia\u0142aniu przemocy w\u015br\u00f3d m\u0142odzie\u017cy &#8220;Przemocy m\u00f3wimy NIE&#8221;.<\/p>\n","protected":false},"author":7,"featured_media":40028,"comment_status":"closed","ping_status":"closed","sticky":false,"template":"","format":"standard","meta":{"footnotes":""},"categories":[1],"tags":[],"class_list":["post-40187","post","type-post","status-publish","format-standard","has-post-thumbnail","hentry","category-wpisy","clearfix"],"_links":{"self":[{"href":"https:\/\/www.labunie.com.pl\/index.php?rest_route=\/wp\/v2\/posts\/40187","targetHints":{"allow":["GET"]}}],"collection":[{"href":"https:\/\/www.labunie.com.pl\/index.php?rest_route=\/wp\/v2\/posts"}],"about":[{"href":"https:\/\/www.labunie.com.pl\/index.php?rest_route=\/wp\/v2\/types\/post"}],"author":[{"embeddable":true,"href":"https:\/\/www.labunie.com.pl\/index.php?rest_route=\/wp\/v2\/users\/7"}],"replies":[{"embeddable":true,"href":"https:\/\/www.labunie.com.pl\/index.php?rest_route=%2Fwp%2Fv2%2Fcomments&post=40187"}],"version-history":[{"count":2,"href":"https:\/\/www.labunie.com.pl\/index.php?rest_route=\/wp\/v2\/posts\/40187\/revisions"}],"predecessor-version":[{"id":40190,"href":"https:\/\/www.labunie.com.pl\/index.php?rest_route=\/wp\/v2\/posts\/40187\/revisions\/40190"}],"wp:featuredmedia":[{"embeddable":true,"href":"https:\/\/www.labunie.com.pl\/index.php?rest_route=\/wp\/v2\/media\/40028"}],"wp:attachment":[{"href":"https:\/\/www.labunie.com.pl\/index.php?rest_route=%2Fwp%2Fv2%2Fmedia&parent=40187"}],"wp:term":[{"taxonomy":"category","embeddable":true,"href":"https:\/\/www.labunie.com.pl\/index.php?rest_route=%2Fwp%2Fv2%2Fcategories&post=40187"},{"taxonomy":"post_tag","embeddable":true,"href":"https:\/\/www.labunie.com.pl\/index.php?rest_route=%2Fwp%2Fv2%2Ftags&post=40187"}],"curies":[{"name":"wp","href":"https:\/\/api.w.org\/{rel}","templated":true}]}}