{"id":3954,"date":"2016-08-12T09:33:50","date_gmt":"2016-08-12T07:33:50","guid":{"rendered":"https:\/\/www.labunie.com.pl\/?p=3954"},"modified":"2016-08-17T09:44:54","modified_gmt":"2016-08-17T07:44:54","slug":"xxi-festiwal-piesni-maryjnej-w-gorecku-koscielnym","status":"publish","type":"post","link":"https:\/\/www.labunie.com.pl\/?p=3954","title":{"rendered":"XXI Festiwal Pie\u015bni Maryjnej w G\u00f3recku Ko\u015bcielnym"},"content":{"rendered":"<p><strong>W niedziel\u0119 7 sierpnia po raz XXI w G\u00f3recku Ko\u015bcielnym &#8211; Amfiteatr D\u0105browa odby\u0142 si\u0119 Festiwal Pie\u015bni Maryjnej. T\u0119 popularn\u0105 imprez\u0119 zapocz\u0105tkowa\u0142 g\u00f3recki proboszcz, ks. Tadeusz Sochan. Tegoroczny festiwal by\u0142 szczeg\u00f3lny, ze wzgl\u0119du na po\u017cegnanie kap\u0142ana, kt\u00f3ry 17 sierpnia przechodzi na emerytur\u0119. Gmin\u0119 \u0141abunie reprezentowa\u0142 Kameralny Ch\u00f3r &#8220;Konsonans&#8221;.<\/strong><\/p>\n<p style=\"text-align: left;\"><!--more--><br \/>\n&nbsp;<br \/>\nWyst\u0119p spotka\u0142 si\u0119 z wyj\u0105tkowo ciep\u0142ym przyj\u0119ciem publiczno\u015bci i zespo\u0142\u00f3w. By\u0142y g\u0142o\u015bne owacje zgromadzonych na widowni sympatyk\u00f3w &#8220;Konsonansu&#8221;, kt\u00f3ry zd\u0105\u017cy\u0142 ju\u017c wyrobi\u0107 sobie &#8220;dobr\u0105 mark\u0119&#8221; i zdoby\u0107 sta\u0142ych fan\u00f3w, towarzysz\u0105cych ch\u00f3rowi w jego wyst\u0119pach. W dow\u00f3d uznania Ch\u00f3r otrzyma\u0142 propozycj\u0119 koncert\u00f3w, miedzy innymi w \u015awidniku.<br \/>\n&nbsp;<br \/>\n<img loading=\"lazy\" decoding=\"async\" class=\"aligncenter size-full wp-image-3955\" src=\"https:\/\/www.labunie.com.pl\/wp-content\/uploads\/2016\/08\/chor_gorecko_16.jpg\" alt=\"chor_gorecko_16\" width=\"630\" height=\"469\" srcset=\"https:\/\/www.labunie.com.pl\/wp-content\/uploads\/2016\/08\/chor_gorecko_16.jpg 630w, https:\/\/www.labunie.com.pl\/wp-content\/uploads\/2016\/08\/chor_gorecko_16-300x223.jpg 300w\" sizes=\"auto, (max-width: 630px) 100vw, 630px\" \/><br \/>\n&nbsp;<br \/>\nNa r\u0119ce kierownika, pani Agnieszki Brylewicz, wp\u0142yn\u0119\u0142y liczne gratulacje za reprezentowanie wysokiego poziomu artystycznego od organizator\u00f3w, obserwator\u00f3w, W\u00f3jta Gminy \u0141abunie, a tak\u017ce ksi\u0119dza Tadeusza Sochana. Gratulacje pop\u0142yn\u0119\u0142y r\u00f3wnie\u017c do W\u00f3jta Gminy \u0141abunie, pana Antoniego Wojciecha Turczyna, za krzewienie kultury i jej aktywne wspieranie.<\/p>\n<p>&nbsp;<\/p>\n<p style=\"text-align: right;\"><em><span style=\"font-size: 8pt;\">Agnieszka Brylewicz<\/span><\/em><\/p>\n","protected":false},"excerpt":{"rendered":"<p>W niedziel\u0119 7 sierpnia po raz XXI w G\u00f3recku Ko\u015bcielnym &#8211; Amfiteatr D\u0105browa odby\u0142 si\u0119 Festiwal Pie\u015bni Maryjnej. T\u0119 popularn\u0105 imprez\u0119 zapocz\u0105tkowa\u0142 g\u00f3recki proboszcz, ks. Tadeusz Sochan. Tegoroczny festiwal by\u0142 szczeg\u00f3lny, ze wzgl\u0119du na po\u017cegnanie kap\u0142ana, kt\u00f3ry 17 sierpnia przechodzi na emerytur\u0119. Gmin\u0119 \u0141abunie reprezentowa\u0142 Kameralny Ch\u00f3r &#8220;Konsonans&#8221;.<\/p>\n","protected":false},"author":7,"featured_media":3956,"comment_status":"closed","ping_status":"closed","sticky":false,"template":"","format":"standard","meta":{"footnotes":""},"categories":[1],"tags":[],"class_list":["post-3954","post","type-post","status-publish","format-standard","has-post-thumbnail","hentry","category-wpisy","clearfix"],"_links":{"self":[{"href":"https:\/\/www.labunie.com.pl\/index.php?rest_route=\/wp\/v2\/posts\/3954","targetHints":{"allow":["GET"]}}],"collection":[{"href":"https:\/\/www.labunie.com.pl\/index.php?rest_route=\/wp\/v2\/posts"}],"about":[{"href":"https:\/\/www.labunie.com.pl\/index.php?rest_route=\/wp\/v2\/types\/post"}],"author":[{"embeddable":true,"href":"https:\/\/www.labunie.com.pl\/index.php?rest_route=\/wp\/v2\/users\/7"}],"replies":[{"embeddable":true,"href":"https:\/\/www.labunie.com.pl\/index.php?rest_route=%2Fwp%2Fv2%2Fcomments&post=3954"}],"version-history":[{"count":5,"href":"https:\/\/www.labunie.com.pl\/index.php?rest_route=\/wp\/v2\/posts\/3954\/revisions"}],"predecessor-version":[{"id":3961,"href":"https:\/\/www.labunie.com.pl\/index.php?rest_route=\/wp\/v2\/posts\/3954\/revisions\/3961"}],"wp:featuredmedia":[{"embeddable":true,"href":"https:\/\/www.labunie.com.pl\/index.php?rest_route=\/wp\/v2\/media\/3956"}],"wp:attachment":[{"href":"https:\/\/www.labunie.com.pl\/index.php?rest_route=%2Fwp%2Fv2%2Fmedia&parent=3954"}],"wp:term":[{"taxonomy":"category","embeddable":true,"href":"https:\/\/www.labunie.com.pl\/index.php?rest_route=%2Fwp%2Fv2%2Fcategories&post=3954"},{"taxonomy":"post_tag","embeddable":true,"href":"https:\/\/www.labunie.com.pl\/index.php?rest_route=%2Fwp%2Fv2%2Ftags&post=3954"}],"curies":[{"name":"wp","href":"https:\/\/api.w.org\/{rel}","templated":true}]}}