{"id":3939,"date":"2016-08-16T12:49:53","date_gmt":"2016-08-16T10:49:53","guid":{"rendered":"https:\/\/www.labunie.com.pl\/?p=3939"},"modified":"2016-08-16T12:49:53","modified_gmt":"2016-08-16T10:49:53","slug":"informacja-11","status":"publish","type":"post","link":"https:\/\/www.labunie.com.pl\/?p=3939","title":{"rendered":"Informacja"},"content":{"rendered":"<p><strong>Gminny O\u015brodek Pomocy Spo\u0142ecznej w \u0141abuniach uprzejmie informuje, \u017ce od dnia 1 sierpnia 2016 r. rozpoczyna przyjmowane wniosk\u00f3w o ustalenie prawa do \u015bwiadcze\u0144 z funduszu alimentacyjnego na okres zasi\u0142kowy 2016\/2017.<\/strong><br \/>\n&nbsp;<br \/>\n&nbsp;<br \/>\n<!--more--><br \/>\nW przypadku gdy osoba ubiegaj\u0105ca si\u0119 o \u015bwiadczenia z funduszu alimentacyjnego na nowy okres  \u015bwiadczeniowy z\u0142o\u017cy wniosek wraz z dokumentami do dnia 31 sierpnia, ustalenie prawa do \u015bwiadcze\u0144 z funduszu alimentacyjnego oraz wyp\u0142ata \u015bwiadcze\u0144 przys\u0142uguj\u0105cych za miesi\u0105c pa\u017adziernik nast\u0119puje do dnia 31 pa\u017adziernika.<br \/>\n&nbsp;<br \/>\nW przypadku gdy osoba ubiegaj\u0105ca si\u0119 o \u015bwiadczenia z funduszu alimentacyjnego na nowy okres \u015bwiadczeniowy z\u0142o\u017cy wniosek wraz z dokumentami w okresie od dnia 1 wrze\u015bnia do dnia 31 pa\u017adziernika, ustalenie prawa do \u015bwiadcze\u0144 z funduszu alimentacyjnego oraz wyp\u0142ata \u015bwiadcze\u0144 przys\u0142uguj\u0105cych za miesi\u0105c pa\u017adziernik nast\u0119puje do dnia 30 listopada.<br \/>\n&nbsp;<br \/>\nJednocze\u015bnie informujemy,  aby otrzyma\u0107 wyp\u0142at\u0119 \u015bwiadcze\u0144 z funduszu alimentacyjnego za miesi\u0105c wrzesie\u0144 2016 r. nale\u017cy dostarczy\u0107 do dnia 19 wrze\u015bnia   2016 r. za\u015bwiadczenie (wystawione po 1 wrze\u015bnia 2016 r.) o podj\u0119ciu lub kontynuowaniu nauki dzieci powy\u017cej 16 roku \u017cycia tj. uczni\u00f3w szk\u00f3\u0142 ponadgimnazjalnych lub z\u0142o\u017cy\u0107 o\u015bwiadczenie o ucz\u0119szczaniu dziecka do szko\u0142y ponadgimnazjalnej.<\/p>\n","protected":false},"excerpt":{"rendered":"<p>Gminny O\u015brodek Pomocy Spo\u0142ecznej w \u0141abuniach uprzejmie informuje, \u017ce od dnia 1 sierpnia 2016 r. rozpoczyna przyjmowane wniosk\u00f3w o ustalenie prawa do \u015bwiadcze\u0144 z funduszu alimentacyjnego na okres zasi\u0142kowy 2016\/2017. &nbsp; &nbsp;<\/p>\n","protected":false},"author":7,"featured_media":1476,"comment_status":"closed","ping_status":"closed","sticky":false,"template":"","format":"standard","meta":{"footnotes":""},"categories":[1],"tags":[],"class_list":["post-3939","post","type-post","status-publish","format-standard","has-post-thumbnail","hentry","category-wpisy","clearfix"],"_links":{"self":[{"href":"https:\/\/www.labunie.com.pl\/index.php?rest_route=\/wp\/v2\/posts\/3939","targetHints":{"allow":["GET"]}}],"collection":[{"href":"https:\/\/www.labunie.com.pl\/index.php?rest_route=\/wp\/v2\/posts"}],"about":[{"href":"https:\/\/www.labunie.com.pl\/index.php?rest_route=\/wp\/v2\/types\/post"}],"author":[{"embeddable":true,"href":"https:\/\/www.labunie.com.pl\/index.php?rest_route=\/wp\/v2\/users\/7"}],"replies":[{"embeddable":true,"href":"https:\/\/www.labunie.com.pl\/index.php?rest_route=%2Fwp%2Fv2%2Fcomments&post=3939"}],"version-history":[{"count":3,"href":"https:\/\/www.labunie.com.pl\/index.php?rest_route=\/wp\/v2\/posts\/3939\/revisions"}],"predecessor-version":[{"id":3942,"href":"https:\/\/www.labunie.com.pl\/index.php?rest_route=\/wp\/v2\/posts\/3939\/revisions\/3942"}],"wp:featuredmedia":[{"embeddable":true,"href":"https:\/\/www.labunie.com.pl\/index.php?rest_route=\/wp\/v2\/media\/1476"}],"wp:attachment":[{"href":"https:\/\/www.labunie.com.pl\/index.php?rest_route=%2Fwp%2Fv2%2Fmedia&parent=3939"}],"wp:term":[{"taxonomy":"category","embeddable":true,"href":"https:\/\/www.labunie.com.pl\/index.php?rest_route=%2Fwp%2Fv2%2Fcategories&post=3939"},{"taxonomy":"post_tag","embeddable":true,"href":"https:\/\/www.labunie.com.pl\/index.php?rest_route=%2Fwp%2Fv2%2Ftags&post=3939"}],"curies":[{"name":"wp","href":"https:\/\/api.w.org\/{rel}","templated":true}]}}