{"id":3918,"date":"2016-08-09T19:21:12","date_gmt":"2016-08-09T17:21:12","guid":{"rendered":"https:\/\/www.labunie.com.pl\/?p=3918"},"modified":"2016-08-09T21:34:06","modified_gmt":"2016-08-09T19:34:06","slug":"informacja-lgd","status":"publish","type":"post","link":"https:\/\/www.labunie.com.pl\/?p=3918","title":{"rendered":"Informacja LGD"},"content":{"rendered":"<p><strong>Stowarzyszenie Lokalna Grupa Dzia\u0142ania \u201eZiemia Zamojska\u201d obejmuje swym oddzia\u0142ywaniem obszar 9 gmin powiatu zamojskiego: Grabowiec, Komar\u00f3w-Osada, \u0141abunie, Mi\u0105czyn, Nielisz, Sitno, Skierbiesz\u00f3w, Stary Zamo\u015b\u0107 i Su\u0142\u00f3w.<\/strong><br \/>\n&nbsp;<br \/>\n&nbsp;<br \/>\n&nbsp;<br \/>\n<!--more--><br \/>\nCelem dzia\u0142ania LGD jest podejmowanie dzia\u0142a\u0144 wp\u0142ywaj\u0105cych na rzecz rozwoju obszar\u00f3w wiejskich, poprawa konkurencyjno\u015bci jako miejsca zamieszkania i prowadzenie dzia\u0142alno\u015bci gospodarczej przez mieszka\u0144c\u00f3w obszaru, a tak\u017ce aktywizacja i rozw\u00f3j lokalnych \u015brodowisk.<br \/>\n&nbsp;<br \/>\nPoprzez swoj\u0105 dzia\u0142alno\u015b\u0107 LGD ma mo\u017cliwo\u015b\u0107 udzielenia wsparcia finansowego w ramach Programu Rozwoju Obszar\u00f3w Wiejskich na lata 2014-2020 na nast\u0119puj\u0105ce zakresy projekt\u00f3w:<\/p>\n<ul>\n<li>podejmowanie dzia\u0142alno\u015bci gospodarczej,<\/li>\n<li>rozw\u00f3j dzia\u0142alno\u015bci gospodarczej,<\/li>\n<li>wspieranie wsp\u00f3\u0142pracy pomi\u0119dzy podmiotami<\/li>\n<li>wzmocnienie kapita\u0142u spo\u0142ecznego, w tym poprzez podnoszenie wiedzy spo\u0142eczno\u015bci lokalnej w zakresie ochrony \u015brodowiska i zmian klimatycznych, tak\u017ce z wykorzystaniem rozwi\u0105za\u0144 innowacyjnych, zachowanie dziedzictwa lokalnego, budowa lub przebudowa og\u00f3lnodost\u0119pnej i niekomercyjne infrastruktury turystycznej lub rekreacyjnej, lub kulturalnej oraz promowanie obszaru obj\u0119tego LSR.<\/li>\n<\/ul>\n<p>&nbsp;<br \/>\nDo ka\u017cdego zakresu LGD stosuje odpowiednie kryteria wyboru, kt\u00f3re s\u0105 dost\u0119pne na stronie internetowej <a href=\"http:\/\/www.lgdziemiazamojska.pl\">www.lgdziemiazamojska.pl <\/a>oraz w Biurze LGD Ziemia Zamojska.<br \/>\n&nbsp;<br \/>\nPonadto ka\u017cdy projekt musi wpisywa\u0107 si\u0119 w jeden cel og\u00f3lny, jeden cel szczeg\u00f3\u0142owy i jedno przedsi\u0119wzi\u0119cie opisane w Strategii Rozwoju Lokalnego Kierowanego przez Spo\u0142eczno\u015b\u0107 na lata 2015-2023.<br \/>\nZe wsparcia skorzysta\u0107 mog\u0105 osoby fizyczne, przedsi\u0119biorcy, samorz\u0105dy i organizacje pozarz\u0105dowe.<br \/>\n&nbsp;<br \/>\nPo wi\u0119cej informacji zapraszamy do Biura LGD Ziemia Zamojska, kt\u00f3re mie\u015bci si\u0119 w budynku szko\u0142y Podstawowej w Kornel\u00f3wce, Kornel\u00f3wka 41, 22-424 Sitno, na stron\u0119 internetow\u0105 Stowarzyszenia <a href=\"http:\/\/www.lgdziemiazamojska.pl\">www.lgdziemiazamojska.pl<\/a>, pod nr tel. 84 307 22 07 oraz na naszym profilu na FB.<br \/>\n&nbsp;<\/p>\n<p align=\"JUSTIFY\"><a href=\"https:\/\/www.labunie.com.pl\/wp-content\/uploads\/2016\/08\/ue-leader-lgd-prow.png\" data-rel=\"lightbox-gallery-guiOLOYc\" data-rl_title=\"\" data-rl_caption=\"\" title=\"\"><img loading=\"lazy\" decoding=\"async\" class=\"aligncenter size-full wp-image-3919\" src=\"https:\/\/www.labunie.com.pl\/wp-content\/uploads\/2016\/08\/ue-leader-lgd-prow.png\" alt=\"ue-leader-lgd-prow\" width=\"630\" height=\"91\" srcset=\"https:\/\/www.labunie.com.pl\/wp-content\/uploads\/2016\/08\/ue-leader-lgd-prow.png 630w, https:\/\/www.labunie.com.pl\/wp-content\/uploads\/2016\/08\/ue-leader-lgd-prow-300x43.png 300w\" sizes=\"auto, (max-width: 630px) 100vw, 630px\" \/><\/a><\/p>\n<p align=\"CENTER\"><span style=\"font-size: 8pt;\">\u201eEuropejski Fundusz Rolny na rzecz Rozwoju Obszar\u00f3w Wiejskich: Europa inwestuj\u0105ca w obszary wiejskie\u201d<br \/>\nMateria\u0142 opracowany przez Stowarzyszenie Lokalna Grupa Dzia\u0142ania \u201eZiemia Zamojska\u201d<br \/>\nInstytucja Zarz\u0105dzaj\u0105ca PROW 2014-2020 \u2013 Minister Rolnictwa i Rozwoju Wsi<br \/>\nMateria\u0142 wsp\u00f3\u0142finansowany ze \u015brodk\u00f3w Unii Europejskiej w ramach poddzia\u0142ania 19.4 \u201eWsparcie na rzecz koszt\u00f3w bie\u017c\u0105cych i aktywizacji\u201d Programu Rozwoju Obszar\u00f3w Wiejskich na lata 2014-2020<\/span><\/p>\n","protected":false},"excerpt":{"rendered":"<p>Stowarzyszenie Lokalna Grupa Dzia\u0142ania \u201eZiemia Zamojska\u201d obejmuje swym oddzia\u0142ywaniem obszar 9 gmin powiatu zamojskiego: Grabowiec, Komar\u00f3w-Osada, \u0141abunie, Mi\u0105czyn, Nielisz, Sitno, Skierbiesz\u00f3w, Stary Zamo\u015b\u0107 i Su\u0142\u00f3w. &nbsp; &nbsp; &nbsp;<\/p>\n","protected":false},"author":7,"featured_media":1003,"comment_status":"closed","ping_status":"closed","sticky":false,"template":"","format":"standard","meta":{"footnotes":""},"categories":[1],"tags":[],"class_list":["post-3918","post","type-post","status-publish","format-standard","has-post-thumbnail","hentry","category-wpisy","clearfix"],"_links":{"self":[{"href":"https:\/\/www.labunie.com.pl\/index.php?rest_route=\/wp\/v2\/posts\/3918","targetHints":{"allow":["GET"]}}],"collection":[{"href":"https:\/\/www.labunie.com.pl\/index.php?rest_route=\/wp\/v2\/posts"}],"about":[{"href":"https:\/\/www.labunie.com.pl\/index.php?rest_route=\/wp\/v2\/types\/post"}],"author":[{"embeddable":true,"href":"https:\/\/www.labunie.com.pl\/index.php?rest_route=\/wp\/v2\/users\/7"}],"replies":[{"embeddable":true,"href":"https:\/\/www.labunie.com.pl\/index.php?rest_route=%2Fwp%2Fv2%2Fcomments&post=3918"}],"version-history":[{"count":5,"href":"https:\/\/www.labunie.com.pl\/index.php?rest_route=\/wp\/v2\/posts\/3918\/revisions"}],"predecessor-version":[{"id":3925,"href":"https:\/\/www.labunie.com.pl\/index.php?rest_route=\/wp\/v2\/posts\/3918\/revisions\/3925"}],"wp:featuredmedia":[{"embeddable":true,"href":"https:\/\/www.labunie.com.pl\/index.php?rest_route=\/wp\/v2\/media\/1003"}],"wp:attachment":[{"href":"https:\/\/www.labunie.com.pl\/index.php?rest_route=%2Fwp%2Fv2%2Fmedia&parent=3918"}],"wp:term":[{"taxonomy":"category","embeddable":true,"href":"https:\/\/www.labunie.com.pl\/index.php?rest_route=%2Fwp%2Fv2%2Fcategories&post=3918"},{"taxonomy":"post_tag","embeddable":true,"href":"https:\/\/www.labunie.com.pl\/index.php?rest_route=%2Fwp%2Fv2%2Ftags&post=3918"}],"curies":[{"name":"wp","href":"https:\/\/api.w.org\/{rel}","templated":true}]}}