{"id":3861,"date":"2016-07-26T13:24:54","date_gmt":"2016-07-26T11:24:54","guid":{"rendered":"https:\/\/www.labunie.com.pl\/?p=3861"},"modified":"2016-07-26T13:34:43","modified_gmt":"2016-07-26T11:34:43","slug":"kopciuszek-w-labuniach","status":"publish","type":"post","link":"https:\/\/www.labunie.com.pl\/?p=3861","title":{"rendered":"Kopciuszek w \u0141abuniach"},"content":{"rendered":"<p><strong>22 lipca w 300. urodziny Jana Jakuba Zamoyskiego AKTe &#8211; Amatorskie Ko\u0142o Teatralne wystawi\u0142o ba\u015b\u0144 o Kopciuszku w nowej lokalnej ods\u0142onie w re\u017cyserii Agnieszki Pieli (Kierownik Referatu Promocji, Kultury, Sportu i Informacji Urz\u0119du Gminy w \u0141abuniach) wed\u0142ug autorskiego tekstu i scenariusza Piotra Pieli (Biblioteka Publiczna Gminy \u0141abunie). To by\u0142 naprawd\u0119 pi\u0119kny bal!<\/strong><br \/>\n&nbsp;<br \/>\n&nbsp;<br \/>\n<!--more--><\/p>\n<p>W malowniczej scenerii Pa\u0142acu Jana Jakuba Zamoyskiego na cze\u015b\u0107 tego, kt\u00f3ry \u0141abunie ukocha\u0142 nade wszystko, w nawi\u0105zaniu do bogatej tradycji teatralnej Gminy \u0141abunie grupa lokalnych animator\u00f3w, pasjonat\u00f3w przygotowa\u0142a spektakl na motywach znanej i lubianej ba\u015bni.<br \/>\n&nbsp;<br \/>\nRole bohater\u00f3w powierzono:<\/p>\n<ul>\n<li>Kopciuszek &#8211; Beata Klimko (KGW \u0141abu\u0144ki Pierwsze),<\/li>\n<li>Ksi\u0105\u017c\u0119 Janek &#8211; Adam Knia\u017a (Przewodnicz\u0105cy Rady Gminy \u0141abunie, so\u0142tys wsi \u0141abunie),<\/li>\n<li>Kr\u00f3lowa &#8211; Danuta Wiater (KGW Rusz\u00f3w),<\/li>\n<li>Kr\u00f3l &#8211; Bogdan Szyku\u0142a (Kierownik Biblioteki Publicznej Gminy \u0141abunie),<\/li>\n<li>Ojciec Kopciuszka &#8211; W\u0142adys\u0142aw Burdzy (So\u0142tys wsi Moc\u00f3wka),<\/li>\n<li>Macocha &#8211; Helena Wa\u0142aszyk (KGW Moc\u00f3wka),<\/li>\n<li>C\u00f3rki &#8211; Anna Skiba i Justyna Swatowska (KGW W\u00f3lka \u0141abu\u0144ska),<\/li>\n<li>Szambelan &#8211; Waldemar Pokrywka (mieszkaniec \u0141abu\u0144),<\/li>\n<li>Herold &#8211; Grzegorz Synowiec (so\u0142tys wsi Rusz\u00f3w-Kolonia),<\/li>\n<li>Szofer &#8211; J\u00f3zef Modrzewski (mieszkaniec Moc\u00f3wki),<\/li>\n<li>Pan &#8211; Marek G\u00f3ra (so\u0142tys wsi D\u0105browa),<\/li>\n<li>Wr\u00f3\u017cka &#8211; El\u017cbieta Ku\u017ama (KGW Barchacz\u00f3w, Radna Rady Gminy \u0141abunie, so\u0142tys wsi Barchacz\u00f3w),<\/li>\n<li>Dama Dworu &#8211; Ewa Paska (KGW Moc\u00f3wka),<\/li>\n<li>Narrator &#8211; Teresa Zwolan (Radna Rady Gminy \u0141abunie, KGW Wierzbie).<\/li>\n<\/ul>\n<p>Scenografi\u0119 przygotowa\u0142a siostra Teresa Neitsch FMM (przy wsparciu si\u00f3str FMM). Wyst\u0105pi\u0142y solistki Amelia Binda i Magdalena \u015awistowska. Wykorzystano utwory Strauss\u00f3w \u2013 ojca i syna. Ud\u017awi\u0119kowienie \u2013 Miros\u0142aw Wolski (Urz\u0105d Gminy \u0141abunie). Nad bezpiecze\u0144stwem czuwa\u0142a \u0142abu\u0144ska OSP.<br \/>\n&nbsp;<br \/>\nBrawurowy wyst\u0119p aktor\u00f3w-amator\u00f3w zachwyci\u0142 licznie przyby\u0142ych widz\u00f3w. Na widowni zasiedli go\u015bcie z Lublina, Warszawy, Zamo\u015bcia i mieszka\u0144cy gminy \u0141abunie. Jak to na urodzinach nie mog\u0142o zabrakn\u0105\u0107 tortu&#8230; zaskakuj\u0105cy w formie i wy\u015bmienity w smaku przygotowany zosta\u0142 przez &#8220;Poezj\u0119 Smaku&#8221; z Zamo\u015bcia. Polecamy!<br \/>\n&nbsp;<\/p>\n<p style=\"text-align: left;\">\u017badne s\u0142owa nie oddadz\u0105 tego, co wydarzy\u0142o si\u0119 w ten wyj\u0105tkowy wiecz\u00f3r. Patronat Honorowy sprawowa\u0142 W\u00f3jt Gminy \u0141abunie Antoni Wojciech Turczyn. Nowy Kurier Zamojski obj\u0105\u0142 nad wydarzeniem patronat medialny. Dopisa\u0142a pogoda, nie zawiod\u0142a publiczno\u015b\u0107&#8230; by\u0142y zas\u0142u\u017cone brawa, szczere gratulacje i pro\u015bba o wi\u0119cej&#8230; czekamy na ci\u0105g dalszy&#8230; By\u0142o Pi\u0119knie!<\/p>\n<p style=\"text-align: right;\">AKTe<\/p>\n<p>&nbsp;<\/p>\n<h1 style=\"text-align: left;\">Kopciuszek w obiektywie Piotra Pieli:<\/h1>\n<p style=\"text-align: left;\">[lg_folder folder=&#8221;20160722A\/&#8221; count=&#8221;109&#8243; paging=&#8221;false&#8221;]<\/p>\n<p>&nbsp;<\/p>\n<h1 style=\"text-align: left;\">Kopciuszek w obiektywie Oliwii Wolskiej:<\/h1>\n<p style=\"text-align: left;\">[lg_folder folder=&#8221;20160722B\/&#8221; count=&#8221;62&#8243; paging=&#8221;false&#8221;]<\/p>\n<p>&nbsp;<\/p>\n<h1 style=\"text-align: left;\">Kopciuszek w obiektywie Aleksandry i Natalii:<\/h1>\n<p style=\"text-align: left;\">[lg_folder folder=&#8221;20160722C\/&#8221; count=&#8221;25&#8243; paging=&#8221;false&#8221;]<\/p>\n","protected":false},"excerpt":{"rendered":"<p>22 lipca w 300. urodziny Jana Jakuba Zamoyskiego AKTe &#8211; Amatorskie Ko\u0142o Teatralne wystawi\u0142o ba\u015b\u0144 o Kopciuszku w nowej lokalnej ods\u0142onie w re\u017cyserii Agnieszki Pieli (Kierownik Referatu Promocji, Kultury, Sportu i Informacji Urz\u0119du Gminy w \u0141abuniach) wed\u0142ug autorskiego tekstu i scenariusza Piotra Pieli (Biblioteka Publiczna Gminy \u0141abunie). To by\u0142 naprawd\u0119 pi\u0119kny bal! &nbsp; &nbsp;<\/p>\n","protected":false},"author":7,"featured_media":3862,"comment_status":"closed","ping_status":"closed","sticky":false,"template":"","format":"standard","meta":{"footnotes":""},"categories":[1],"tags":[],"class_list":["post-3861","post","type-post","status-publish","format-standard","has-post-thumbnail","hentry","category-wpisy","clearfix"],"_links":{"self":[{"href":"https:\/\/www.labunie.com.pl\/index.php?rest_route=\/wp\/v2\/posts\/3861","targetHints":{"allow":["GET"]}}],"collection":[{"href":"https:\/\/www.labunie.com.pl\/index.php?rest_route=\/wp\/v2\/posts"}],"about":[{"href":"https:\/\/www.labunie.com.pl\/index.php?rest_route=\/wp\/v2\/types\/post"}],"author":[{"embeddable":true,"href":"https:\/\/www.labunie.com.pl\/index.php?rest_route=\/wp\/v2\/users\/7"}],"replies":[{"embeddable":true,"href":"https:\/\/www.labunie.com.pl\/index.php?rest_route=%2Fwp%2Fv2%2Fcomments&post=3861"}],"version-history":[{"count":5,"href":"https:\/\/www.labunie.com.pl\/index.php?rest_route=\/wp\/v2\/posts\/3861\/revisions"}],"predecessor-version":[{"id":3868,"href":"https:\/\/www.labunie.com.pl\/index.php?rest_route=\/wp\/v2\/posts\/3861\/revisions\/3868"}],"wp:featuredmedia":[{"embeddable":true,"href":"https:\/\/www.labunie.com.pl\/index.php?rest_route=\/wp\/v2\/media\/3862"}],"wp:attachment":[{"href":"https:\/\/www.labunie.com.pl\/index.php?rest_route=%2Fwp%2Fv2%2Fmedia&parent=3861"}],"wp:term":[{"taxonomy":"category","embeddable":true,"href":"https:\/\/www.labunie.com.pl\/index.php?rest_route=%2Fwp%2Fv2%2Fcategories&post=3861"},{"taxonomy":"post_tag","embeddable":true,"href":"https:\/\/www.labunie.com.pl\/index.php?rest_route=%2Fwp%2Fv2%2Ftags&post=3861"}],"curies":[{"name":"wp","href":"https:\/\/api.w.org\/{rel}","templated":true}]}}