{"id":3830,"date":"2016-07-20T12:29:47","date_gmt":"2016-07-20T10:29:47","guid":{"rendered":"https:\/\/www.labunie.com.pl\/?p=3830"},"modified":"2016-07-20T12:40:50","modified_gmt":"2016-07-20T10:40:50","slug":"wizyta-studyjna-w-krainie-rumianku","status":"publish","type":"post","link":"https:\/\/www.labunie.com.pl\/?p=3830","title":{"rendered":"Wizyta studyjna w Krainie Rumianku"},"content":{"rendered":"<p><strong>W podzi\u0119kowaniu za wsp\u00f3\u0142prac\u0119, aktywne dzia\u0142anie na rzecz swoich so\u0142ectw i promocj\u0119 gminy \u0141abunie w wydarzeniach kulturalnych w powiecie i wojew\u00f3dztwie W\u00f3jt Gminy \u0141abunie zaprosi\u0142 KGW do udzia\u0142u w wyje\u017adzie integracyjnym do Krainy Rumianku w Ho\u0142ownie, gm. Podedw\u00f3rze.<\/strong><br \/>\n<!--more--><br \/>\n&nbsp;<br \/>\n<a href=\"https:\/\/www.labunie.com.pl\/wp-content\/uploads\/2016\/07\/rum_16b.jpg\" data-rel=\"lightbox-gallery-cTLMGFj0\" data-rl_title=\"\" data-rl_caption=\"\" title=\"\"><img loading=\"lazy\" decoding=\"async\" src=\"https:\/\/www.labunie.com.pl\/wp-content\/uploads\/2016\/07\/rum_16b.jpg\" alt=\"rum_16b\" width=\"630\" height=\"472\" class=\"aligncenter size-full wp-image-3838\" srcset=\"https:\/\/www.labunie.com.pl\/wp-content\/uploads\/2016\/07\/rum_16b.jpg 630w, https:\/\/www.labunie.com.pl\/wp-content\/uploads\/2016\/07\/rum_16b-300x225.jpg 300w\" sizes=\"auto, (max-width: 630px) 100vw, 630px\" \/><\/a><br \/>\n&nbsp;<br \/>\nZ zaproszenia skorzysta\u0142o 25 os\u00f3b z 6 KGW. Uczestnicy zostali bardzo mile powitani przez Prezes Stowarzyszenia Aktywizacji Polesia Lubelskiego pani\u0105 Gabriel\u0119 Bilkiewicz, kt\u00f3ra opowiedzia\u0142a o pomys\u0142ach na rumiankow\u0105 wiosk\u0119, trudnych pocz\u0105tkach i wsp\u00f3lnych celach. W ramach wizyty uczestnicy wzi\u0119li udzia\u0142 w grze fabularnej \u201eAwantura w Krainie Rumianku\u201d, w kt\u00f3rej wsp\u00f3lnymi si\u0142ami utopili \u201ez\u0142e licho\u201d, ale tak\u017ce w warsztatach zielarskich czy samodzielnie wykonywali myde\u0142ka glicerynowe. W drodze powrotnej odwiedzili Muzeum J\u00f3zefa Ignacego Kraszewskiego w Romanowie.<br \/>\n&nbsp;<br \/>\n[lg_folder folder=&#8221;20160716\/&#8221; count=&#8221;55&#8243;  paging=&#8221;false&#8221;]<\/p>\n","protected":false},"excerpt":{"rendered":"<p>W podzi\u0119kowaniu za wsp\u00f3\u0142prac\u0119, aktywne dzia\u0142anie na rzecz swoich so\u0142ectw i promocj\u0119 gminy \u0141abunie w wydarzeniach kulturalnych w powiecie i wojew\u00f3dztwie W\u00f3jt Gminy \u0141abunie zaprosi\u0142 KGW do udzia\u0142u w wyje\u017adzie integracyjnym do Krainy Rumianku w Ho\u0142ownie, gm. Podedw\u00f3rze.<\/p>\n","protected":false},"author":7,"featured_media":3832,"comment_status":"closed","ping_status":"closed","sticky":false,"template":"","format":"standard","meta":{"footnotes":""},"categories":[1],"tags":[],"class_list":["post-3830","post","type-post","status-publish","format-standard","has-post-thumbnail","hentry","category-wpisy","clearfix"],"_links":{"self":[{"href":"https:\/\/www.labunie.com.pl\/index.php?rest_route=\/wp\/v2\/posts\/3830","targetHints":{"allow":["GET"]}}],"collection":[{"href":"https:\/\/www.labunie.com.pl\/index.php?rest_route=\/wp\/v2\/posts"}],"about":[{"href":"https:\/\/www.labunie.com.pl\/index.php?rest_route=\/wp\/v2\/types\/post"}],"author":[{"embeddable":true,"href":"https:\/\/www.labunie.com.pl\/index.php?rest_route=\/wp\/v2\/users\/7"}],"replies":[{"embeddable":true,"href":"https:\/\/www.labunie.com.pl\/index.php?rest_route=%2Fwp%2Fv2%2Fcomments&post=3830"}],"version-history":[{"count":5,"href":"https:\/\/www.labunie.com.pl\/index.php?rest_route=\/wp\/v2\/posts\/3830\/revisions"}],"predecessor-version":[{"id":3839,"href":"https:\/\/www.labunie.com.pl\/index.php?rest_route=\/wp\/v2\/posts\/3830\/revisions\/3839"}],"wp:featuredmedia":[{"embeddable":true,"href":"https:\/\/www.labunie.com.pl\/index.php?rest_route=\/wp\/v2\/media\/3832"}],"wp:attachment":[{"href":"https:\/\/www.labunie.com.pl\/index.php?rest_route=%2Fwp%2Fv2%2Fmedia&parent=3830"}],"wp:term":[{"taxonomy":"category","embeddable":true,"href":"https:\/\/www.labunie.com.pl\/index.php?rest_route=%2Fwp%2Fv2%2Fcategories&post=3830"},{"taxonomy":"post_tag","embeddable":true,"href":"https:\/\/www.labunie.com.pl\/index.php?rest_route=%2Fwp%2Fv2%2Ftags&post=3830"}],"curies":[{"name":"wp","href":"https:\/\/api.w.org\/{rel}","templated":true}]}}