{"id":38251,"date":"2024-11-08T09:33:16","date_gmt":"2024-11-08T08:33:16","guid":{"rendered":"https:\/\/www.labunie.com.pl\/?p=38251"},"modified":"2024-11-12T08:28:45","modified_gmt":"2024-11-12T07:28:45","slug":"gmina-labunie-dla-niepodleglej-9","status":"publish","type":"post","link":"https:\/\/www.labunie.com.pl\/?p=38251","title":{"rendered":"Gmina \u0141abunie dla Niepodleg\u0142ej"},"content":{"rendered":"\n<p style=\"text-align: justify;\"><span class=\"x193iq5w xeuugli x13faqbe x1vvkbs x1xmvt09 x1lliihq x1s928wv xhkezso x1gmr53x x1cpjm7i x1fgarty x1943h6x xudqn12 x3x7a5m x6prxxf xvq8zen xo1l8bm xzsf02u x1yc453h\" dir=\"auto\"><strong>Zapraszamy do wzi\u0119cia udzia\u0142u w gminnych obchodach 106. rocznicy odzyskania przez Polsk\u0119 Niepodleg\u0142o\u015bci. Szczeg\u00f3\u0142y na plakacie.<\/strong> <br \/><\/span><\/p>\n\n\n\n<div style=\"height:27px\" aria-hidden=\"true\" class=\"wp-block-spacer\"><\/div>\n\n\n\n<!--more-->\n\n\n\n\n\n<figure class=\"wp-block-image size-large\"><img loading=\"lazy\" decoding=\"async\" width=\"724\" height=\"1024\" src=\"https:\/\/www.labunie.com.pl\/wp-content\/uploads\/2024\/11\/PLAKAT-NA-STRONE-106.-rocznicy-odzyskania-przez-Polske-Niepodleglosci-2-724x1024.png\" alt=\"\" class=\"wp-image-38252\" srcset=\"https:\/\/www.labunie.com.pl\/wp-content\/uploads\/2024\/11\/PLAKAT-NA-STRONE-106.-rocznicy-odzyskania-przez-Polske-Niepodleglosci-2-724x1024.png 724w, https:\/\/www.labunie.com.pl\/wp-content\/uploads\/2024\/11\/PLAKAT-NA-STRONE-106.-rocznicy-odzyskania-przez-Polske-Niepodleglosci-2-212x300.png 212w, https:\/\/www.labunie.com.pl\/wp-content\/uploads\/2024\/11\/PLAKAT-NA-STRONE-106.-rocznicy-odzyskania-przez-Polske-Niepodleglosci-2-768x1086.png 768w, https:\/\/www.labunie.com.pl\/wp-content\/uploads\/2024\/11\/PLAKAT-NA-STRONE-106.-rocznicy-odzyskania-przez-Polske-Niepodleglosci-2-1086x1536.png 1086w, https:\/\/www.labunie.com.pl\/wp-content\/uploads\/2024\/11\/PLAKAT-NA-STRONE-106.-rocznicy-odzyskania-przez-Polske-Niepodleglosci-2-1448x2048.png 1448w, https:\/\/www.labunie.com.pl\/wp-content\/uploads\/2024\/11\/PLAKAT-NA-STRONE-106.-rocznicy-odzyskania-przez-Polske-Niepodleglosci-2.png 1587w\" sizes=\"auto, (max-width: 724px) 100vw, 724px\" \/><\/figure>\n","protected":false},"excerpt":{"rendered":"<p>Zapraszamy do wzi\u0119cia udzia\u0142u w gminnych obchodach 106. rocznicy odzyskania przez Polsk\u0119 Niepodleg\u0142o\u015bci. Szczeg\u00f3\u0142y na plakacie.<\/p>\n","protected":false},"author":11,"featured_media":38253,"comment_status":"closed","ping_status":"closed","sticky":false,"template":"","format":"standard","meta":{"footnotes":""},"categories":[1],"tags":[],"class_list":["post-38251","post","type-post","status-publish","format-standard","has-post-thumbnail","hentry","category-wpisy","clearfix"],"_links":{"self":[{"href":"https:\/\/www.labunie.com.pl\/index.php?rest_route=\/wp\/v2\/posts\/38251","targetHints":{"allow":["GET"]}}],"collection":[{"href":"https:\/\/www.labunie.com.pl\/index.php?rest_route=\/wp\/v2\/posts"}],"about":[{"href":"https:\/\/www.labunie.com.pl\/index.php?rest_route=\/wp\/v2\/types\/post"}],"author":[{"embeddable":true,"href":"https:\/\/www.labunie.com.pl\/index.php?rest_route=\/wp\/v2\/users\/11"}],"replies":[{"embeddable":true,"href":"https:\/\/www.labunie.com.pl\/index.php?rest_route=%2Fwp%2Fv2%2Fcomments&post=38251"}],"version-history":[{"count":1,"href":"https:\/\/www.labunie.com.pl\/index.php?rest_route=\/wp\/v2\/posts\/38251\/revisions"}],"predecessor-version":[{"id":38254,"href":"https:\/\/www.labunie.com.pl\/index.php?rest_route=\/wp\/v2\/posts\/38251\/revisions\/38254"}],"wp:featuredmedia":[{"embeddable":true,"href":"https:\/\/www.labunie.com.pl\/index.php?rest_route=\/wp\/v2\/media\/38253"}],"wp:attachment":[{"href":"https:\/\/www.labunie.com.pl\/index.php?rest_route=%2Fwp%2Fv2%2Fmedia&parent=38251"}],"wp:term":[{"taxonomy":"category","embeddable":true,"href":"https:\/\/www.labunie.com.pl\/index.php?rest_route=%2Fwp%2Fv2%2Fcategories&post=38251"},{"taxonomy":"post_tag","embeddable":true,"href":"https:\/\/www.labunie.com.pl\/index.php?rest_route=%2Fwp%2Fv2%2Ftags&post=38251"}],"curies":[{"name":"wp","href":"https:\/\/api.w.org\/{rel}","templated":true}]}}