{"id":38206,"date":"2024-10-31T11:41:42","date_gmt":"2024-10-31T10:41:42","guid":{"rendered":"https:\/\/www.labunie.com.pl\/?p=38206"},"modified":"2024-12-13T13:09:05","modified_gmt":"2024-12-13T12:09:05","slug":"biblioteka-w-labuniach-dostrzezona","status":"publish","type":"post","link":"https:\/\/www.labunie.com.pl\/?p=38206","title":{"rendered":"Biblioteka w \u0141abuniach \u2013 dostrze\u017cona"},"content":{"rendered":"\n<p><strong>Biblioteka Publiczna Gminy \u0141abunie im. Aleksandra Szeptyckiego zosta\u0142a zaproszona do udzia\u0142u w VI edycji Lubelskich Spotka\u0144 Mi\u0142o\u015bnik\u00f3w Regionu. Organizatorzy przedsi\u0119wzi\u0119cia \u2013 Wojew\u00f3dzka Biblioteka Publiczna im. Hieronima \u0141opaci\u0144skiego dostrzegli aktywno\u015b\u0107 naszej biblioteki w dziedzinie promowania pami\u0119ci o Ma\u0142ej Ojczy\u017anie. <\/strong><\/p>\n\n\n\n<!--more-->\n\n\n\n<p>A s\u0105 to r\u00f3\u017cne przedsi\u0119wzi\u0119cia, m. in.:<\/p>\n\n\n\n<ul class=\"wp-block-list\"><li>publikacje w ramach \u201e\u0141abu\u0144skiej Biblioteczki Regionalisty\u201d<\/li><li>kalendarze z serii \u201eDziedzictwo Kulturowe Gminy \u0141abunie\u201d<\/li><li>rocznik \u201ePrzyczynki do Poznania dziej\u00f3w miejscowo\u015bci Gminy \u0141abunie\u201d<\/li><\/ul>\n\n\n\n<p>Ponadto &#8211; artyku\u0142y w serii \u201eHistoria st\u0105d\u201d w kwartalniku Gminy \u0141abunie \u201eU \u0179r\u00f3d\u0142a\u201d<\/p>\n\n\n\n<p>Prowadzimy:<\/p>\n\n\n\n<ul class=\"wp-block-list\"><li>\u0141abu\u0144sk\u0105 Fototek\u0119 Cyfrow\u0105, gdzie s\u0105 udost\u0119pniane dawne fotografie z album\u00f3w naszych czytelnik\u00f3w<\/li><li>cykliczne spotkania tematyczne z podopiecznymi Centrum Opieku\u0144czo-Mieszkalnego w Br\u00f3dku<\/li><li>Izb\u0119 Muzealn\u0105 w kt\u00f3rej s\u0105 gromadzone zabytki kultury materialnej z terenu Gminy \u0141abunie<\/li><li>Rejestrujemy wspomnienia mieszka\u0144c\u00f3w, najstarszych czytelnik\u00f3w\u2026<\/li><\/ul>\n\n\n\n<div style=\"height:50px\" aria-hidden=\"true\" class=\"wp-block-spacer\"><\/div>\n\n\n\n<p>Ta aktywno\u015b\u0107, i wiele innych ciekawych przedsi\u0119wzi\u0119\u0107, jak np. spacery szlakami zabytk\u00f3w Gminy \u0141abunie, Kwesta na rzecz ratowania zabytkowych nagrobk\u00f3w na cmentarzu parafialnym, spotkania potomk\u00f3w mieszka\u0144c\u00f3w \u0141abu\u0144 \u2013 obecnie zamieszka\u0142ych w r\u00f3\u017cnych miejscach Polski b\u0119d\u0105 tematem najbli\u017cszego wyst\u0105pienia podczas VI Spotka\u0144 Mi\u0142o\u015bnik\u00f3w Regionu. Szczeg\u00f3\u0142y na plakacie.<\/p>\n\n\n\n<div style=\"height:50px\" aria-hidden=\"true\" class=\"wp-block-spacer\"><\/div>\n\n\n\n<p class=\"has-text-align-right\">A.Sz.<\/p>\n\n\n\n<div style=\"height:50px\" aria-hidden=\"true\" class=\"wp-block-spacer\"><\/div>\n\n\n\n<figure class=\"wp-block-gallery columns-2 is-cropped wp-block-gallery-1 is-layout-flex wp-block-gallery-is-layout-flex\"><ul class=\"blocks-gallery-grid\"><li class=\"blocks-gallery-item\"><figure><a href=\"https:\/\/www.labunie.com.pl\/wp-content\/uploads\/2024\/10\/lsmr-1.jpg\" data-rel=\"lightbox-gallery-pz3KfazA\" data-rl_title=\"\" data-rl_caption=\"\" title=\"\"><img loading=\"lazy\" decoding=\"async\" width=\"604\" height=\"1024\" src=\"https:\/\/www.labunie.com.pl\/wp-content\/uploads\/2024\/10\/lsmr-1-604x1024.jpg\" alt=\"\" data-id=\"38207\" data-full-url=\"https:\/\/www.labunie.com.pl\/wp-content\/uploads\/2024\/10\/lsmr-1.jpg\" data-link=\"https:\/\/www.labunie.com.pl\/?attachment_id=38207\" class=\"wp-image-38207\" srcset=\"https:\/\/www.labunie.com.pl\/wp-content\/uploads\/2024\/10\/lsmr-1-604x1024.jpg 604w, https:\/\/www.labunie.com.pl\/wp-content\/uploads\/2024\/10\/lsmr-1-177x300.jpg 177w, https:\/\/www.labunie.com.pl\/wp-content\/uploads\/2024\/10\/lsmr-1-768x1302.jpg 768w, https:\/\/www.labunie.com.pl\/wp-content\/uploads\/2024\/10\/lsmr-1-906x1536.jpg 906w, https:\/\/www.labunie.com.pl\/wp-content\/uploads\/2024\/10\/lsmr-1-1208x2048.jpg 1208w, https:\/\/www.labunie.com.pl\/wp-content\/uploads\/2024\/10\/lsmr-1.jpg 1255w\" sizes=\"auto, (max-width: 604px) 100vw, 604px\" \/><\/a><\/figure><\/li><li class=\"blocks-gallery-item\"><figure><a href=\"https:\/\/www.labunie.com.pl\/wp-content\/uploads\/2024\/10\/lsmr-2.jpg\" data-rel=\"lightbox-gallery-pz3KfazA\" data-rl_title=\"\" data-rl_caption=\"\" title=\"\"><img loading=\"lazy\" decoding=\"async\" width=\"606\" height=\"1024\" src=\"https:\/\/www.labunie.com.pl\/wp-content\/uploads\/2024\/10\/lsmr-2-606x1024.jpg\" alt=\"\" data-id=\"38208\" data-full-url=\"https:\/\/www.labunie.com.pl\/wp-content\/uploads\/2024\/10\/lsmr-2.jpg\" data-link=\"https:\/\/www.labunie.com.pl\/?attachment_id=38208\" class=\"wp-image-38208\" srcset=\"https:\/\/www.labunie.com.pl\/wp-content\/uploads\/2024\/10\/lsmr-2-606x1024.jpg 606w, https:\/\/www.labunie.com.pl\/wp-content\/uploads\/2024\/10\/lsmr-2-177x300.jpg 177w, https:\/\/www.labunie.com.pl\/wp-content\/uploads\/2024\/10\/lsmr-2-768x1298.jpg 768w, https:\/\/www.labunie.com.pl\/wp-content\/uploads\/2024\/10\/lsmr-2-909x1536.jpg 909w, https:\/\/www.labunie.com.pl\/wp-content\/uploads\/2024\/10\/lsmr-2-1212x2048.jpg 1212w, https:\/\/www.labunie.com.pl\/wp-content\/uploads\/2024\/10\/lsmr-2.jpg 1259w\" sizes=\"auto, (max-width: 606px) 100vw, 606px\" \/><\/a><\/figure><\/li><\/ul><\/figure>\n","protected":false},"excerpt":{"rendered":"<p>Biblioteka Publiczna Gminy \u0141abunie im. Aleksandra Szeptyckiego zosta\u0142a zaproszona do udzia\u0142u w VI edycji Lubelskich Spotka\u0144 Mi\u0142o\u015bnik\u00f3w Regionu. Organizatorzy przedsi\u0119wzi\u0119cia \u2013 Wojew\u00f3dzka Biblioteka Publiczna im. Hieronima \u0141opaci\u0144skiego dostrzegli aktywno\u015b\u0107 naszej biblioteki w dziedzinie promowania pami\u0119ci o Ma\u0142ej Ojczy\u017anie.<\/p>\n","protected":false},"author":7,"featured_media":38788,"comment_status":"closed","ping_status":"closed","sticky":false,"template":"","format":"standard","meta":{"footnotes":""},"categories":[1],"tags":[],"class_list":["post-38206","post","type-post","status-publish","format-standard","has-post-thumbnail","hentry","category-wpisy","clearfix"],"_links":{"self":[{"href":"https:\/\/www.labunie.com.pl\/index.php?rest_route=\/wp\/v2\/posts\/38206","targetHints":{"allow":["GET"]}}],"collection":[{"href":"https:\/\/www.labunie.com.pl\/index.php?rest_route=\/wp\/v2\/posts"}],"about":[{"href":"https:\/\/www.labunie.com.pl\/index.php?rest_route=\/wp\/v2\/types\/post"}],"author":[{"embeddable":true,"href":"https:\/\/www.labunie.com.pl\/index.php?rest_route=\/wp\/v2\/users\/7"}],"replies":[{"embeddable":true,"href":"https:\/\/www.labunie.com.pl\/index.php?rest_route=%2Fwp%2Fv2%2Fcomments&post=38206"}],"version-history":[{"count":3,"href":"https:\/\/www.labunie.com.pl\/index.php?rest_route=\/wp\/v2\/posts\/38206\/revisions"}],"predecessor-version":[{"id":38211,"href":"https:\/\/www.labunie.com.pl\/index.php?rest_route=\/wp\/v2\/posts\/38206\/revisions\/38211"}],"wp:featuredmedia":[{"embeddable":true,"href":"https:\/\/www.labunie.com.pl\/index.php?rest_route=\/wp\/v2\/media\/38788"}],"wp:attachment":[{"href":"https:\/\/www.labunie.com.pl\/index.php?rest_route=%2Fwp%2Fv2%2Fmedia&parent=38206"}],"wp:term":[{"taxonomy":"category","embeddable":true,"href":"https:\/\/www.labunie.com.pl\/index.php?rest_route=%2Fwp%2Fv2%2Fcategories&post=38206"},{"taxonomy":"post_tag","embeddable":true,"href":"https:\/\/www.labunie.com.pl\/index.php?rest_route=%2Fwp%2Fv2%2Ftags&post=38206"}],"curies":[{"name":"wp","href":"https:\/\/api.w.org\/{rel}","templated":true}]}}