{"id":37977,"date":"2024-10-02T14:07:47","date_gmt":"2024-10-02T12:07:47","guid":{"rendered":"https:\/\/www.labunie.com.pl\/?p=37977"},"modified":"2024-10-23T08:09:00","modified_gmt":"2024-10-23T06:09:00","slug":"gminny-dzien-seniora-3","status":"publish","type":"post","link":"https:\/\/www.labunie.com.pl\/?p=37977","title":{"rendered":"Gminny Dzie\u0144 Seniora"},"content":{"rendered":"\n<p style=\"text-align: justify;\"><strong><span class=\"x193iq5w xeuugli x13faqbe x1vvkbs x1xmvt09 x1lliihq x1s928wv xhkezso x1gmr53x x1cpjm7i x1fgarty x1943h6x xudqn12 x3x7a5m x6prxxf xvq8zen xo1l8bm xzsf02u x1yc453h\" dir=\"auto\">Stowarzyszenie na Rzecz Rozwoju Gminy \u0141abunie oraz W\u00f3jt Gminy \u0141abunie &#8211; Mariusz Kukie\u0142ka zapraszaj\u0105 na Gminny Dzie\u0144 Seniora. Program wydarzenia i szczeg\u00f3\u0142y dotycz\u0105ce zapis\u00f3w &#8211; na plakacie.<\/span><\/strong><\/p>\n\n\n\n<div style=\"height:21px\" aria-hidden=\"true\" class=\"wp-block-spacer\"><\/div>\n\n\n\n<!--more-->\n\n\n\n\n\n<figure class=\"wp-block-image size-large\"><img loading=\"lazy\" decoding=\"async\" width=\"724\" height=\"1024\" src=\"https:\/\/www.labunie.com.pl\/wp-content\/uploads\/2024\/10\/PLAKAT-DZIEN-SENIORA-724x1024.png\" alt=\"\" class=\"wp-image-37978\" srcset=\"https:\/\/www.labunie.com.pl\/wp-content\/uploads\/2024\/10\/PLAKAT-DZIEN-SENIORA-724x1024.png 724w, https:\/\/www.labunie.com.pl\/wp-content\/uploads\/2024\/10\/PLAKAT-DZIEN-SENIORA-212x300.png 212w, https:\/\/www.labunie.com.pl\/wp-content\/uploads\/2024\/10\/PLAKAT-DZIEN-SENIORA-768x1086.png 768w, https:\/\/www.labunie.com.pl\/wp-content\/uploads\/2024\/10\/PLAKAT-DZIEN-SENIORA-1086x1536.png 1086w, https:\/\/www.labunie.com.pl\/wp-content\/uploads\/2024\/10\/PLAKAT-DZIEN-SENIORA-1448x2048.png 1448w, https:\/\/www.labunie.com.pl\/wp-content\/uploads\/2024\/10\/PLAKAT-DZIEN-SENIORA.png 1587w\" sizes=\"auto, (max-width: 724px) 100vw, 724px\" \/><\/figure>\n","protected":false},"excerpt":{"rendered":"<p>Stowarzyszenie na Rzecz Rozwoju Gminy \u0141abunie oraz W\u00f3jt Gminy \u0141abunie &#8211; Mariusz Kukie\u0142ka zapraszaj\u0105 na Gminny Dzie\u0144 Seniora. Program wydarzenia i szczeg\u00f3\u0142y dotycz\u0105ce zapis\u00f3w &#8211; na plakacie.<\/p>\n","protected":false},"author":11,"featured_media":37980,"comment_status":"closed","ping_status":"closed","sticky":false,"template":"","format":"standard","meta":{"footnotes":""},"categories":[1],"tags":[],"class_list":["post-37977","post","type-post","status-publish","format-standard","has-post-thumbnail","hentry","category-wpisy","clearfix"],"_links":{"self":[{"href":"https:\/\/www.labunie.com.pl\/index.php?rest_route=\/wp\/v2\/posts\/37977","targetHints":{"allow":["GET"]}}],"collection":[{"href":"https:\/\/www.labunie.com.pl\/index.php?rest_route=\/wp\/v2\/posts"}],"about":[{"href":"https:\/\/www.labunie.com.pl\/index.php?rest_route=\/wp\/v2\/types\/post"}],"author":[{"embeddable":true,"href":"https:\/\/www.labunie.com.pl\/index.php?rest_route=\/wp\/v2\/users\/11"}],"replies":[{"embeddable":true,"href":"https:\/\/www.labunie.com.pl\/index.php?rest_route=%2Fwp%2Fv2%2Fcomments&post=37977"}],"version-history":[{"count":1,"href":"https:\/\/www.labunie.com.pl\/index.php?rest_route=\/wp\/v2\/posts\/37977\/revisions"}],"predecessor-version":[{"id":37979,"href":"https:\/\/www.labunie.com.pl\/index.php?rest_route=\/wp\/v2\/posts\/37977\/revisions\/37979"}],"wp:featuredmedia":[{"embeddable":true,"href":"https:\/\/www.labunie.com.pl\/index.php?rest_route=\/wp\/v2\/media\/37980"}],"wp:attachment":[{"href":"https:\/\/www.labunie.com.pl\/index.php?rest_route=%2Fwp%2Fv2%2Fmedia&parent=37977"}],"wp:term":[{"taxonomy":"category","embeddable":true,"href":"https:\/\/www.labunie.com.pl\/index.php?rest_route=%2Fwp%2Fv2%2Fcategories&post=37977"},{"taxonomy":"post_tag","embeddable":true,"href":"https:\/\/www.labunie.com.pl\/index.php?rest_route=%2Fwp%2Fv2%2Ftags&post=37977"}],"curies":[{"name":"wp","href":"https:\/\/api.w.org\/{rel}","templated":true}]}}