{"id":3747,"date":"2016-06-27T09:00:43","date_gmt":"2016-06-27T07:00:43","guid":{"rendered":"https:\/\/www.labunie.com.pl\/?p=3747"},"modified":"2016-06-30T16:41:31","modified_gmt":"2016-06-30T14:41:31","slug":"vi-noc-swietojanska-nad-krynica","status":"publish","type":"post","link":"https:\/\/www.labunie.com.pl\/?p=3747","title":{"rendered":"VI Noc \u015awi\u0119toja\u0144ska nad Krynic\u0105"},"content":{"rendered":"<p><strong>VI Noc \u015awi\u0119toja\u0144ska nad Krynic\u0105 ju\u017c za nami. Impreza pod has\u0142em &#8220;cuda wianki i r\u00f3\u017cne inne niespodzianki&#8221; odby\u0142a si\u0119 26 czerwca 2016 r. przy \u015awietlicy Wiejskiej w Wierzbiu. Organizatorami tej corocznej imprezy plenerowej byli: W\u00f3jt Gminy \u0141abunie, udzielaj\u0105c wsparcia finansowego, technicznego i osobowego, Ko\u0142o Gospody\u0144 Wiejskich w Wierzbiu, So\u0142tys i Rada So\u0142ecka wsi Wierzbie.<\/strong><\/p>\n<p><!--more--><br \/>\n&nbsp;<br \/>\nSwoj\u0105 obecno\u015bci\u0105 zaszczycili nas: W\u00f3jt Gminy \u0141abunie pan <strong>Antoni Wojciech Turczyn<\/strong>, Przewodnicz\u0105cy Rady Gminy pan <strong>Adam Knia\u017a<\/strong>, Kierownik Referatu Kultury i Promocji Urz\u0119du Gminy \u0141abunie pani <strong>Agnieszka Piela<\/strong>, Kierownik Gminnej Biblioteki Publicznej w \u0141abuniach pan <strong>Bogdan Szyku\u0142a<\/strong>, pracownik Biblioteki w \u0141abuniach i pasjonat historii pan <strong>Piotr Piela<\/strong>, Ko\u0142a Gospody\u0144 Wiejskich Gminy \u0141abunie, Duet &#8220;One&#8221;, przyjaciele i sponsorzy oraz mieszka\u0144cy wsi Wierzbie i go\u015bcie z okolicznych miejscowo\u015bci.<br \/>\n&nbsp;<br \/>\nNad zabezpieczeniem technicznym imprezy czuwali: pan <strong>Miros\u0142aw Wolski<\/strong> &#8211; realizator d\u017awi\u0119ku, pan <strong>Mariusz Branecki<\/strong> &#8211; Prezes Oddzia\u0142u Gminnego ZOSP w \u0141abuniach oraz pan <strong>S\u0142awomir Umyla\u0144ski<\/strong> i pan <strong>Pawe\u0142 Paszt<\/strong> &#8211; stra\u017cacy OSP \u0141abunie, pan <strong>Artur Branecki<\/strong> &#8211; szef punktu gastronomicznego. Ponadto tego dnia nad bezpiecze\u0144stwem we wsi czuwa\u0142 patrol policji z Komisariatu Policji w \u0141abuniach. Wszystkim przyby\u0142ym go\u015bciom i osobom zaanga\u017cowanym w obs\u0142ug\u0119 i organizacj\u0119 imprezy organizatorzy sk\u0142adaj\u0105 serdeczne podzi\u0119kowania.<br \/>\n&nbsp;<br \/>\n&#8220;Noc \u015awi\u0119toja\u0144ska nad Krynic\u0105&#8221; to spektakularne wydarzenie, kt\u00f3re ma na celu kultywowanie tradycji nocy \u015bwi\u0119toja\u0144skiej, ukazywanie urok\u00f3w polskiej wsi, aktywizacj\u0119 i integracj\u0119 mieszka\u0144c\u00f3w Gminy \u0141abunie. Jedn\u0105 z atrakcji sob\u00f3tkowego wieczoru by\u0142y pi\u0119kne, misternie uwite wianki \u015bwi\u0119toja\u0144skie, wykonane przez ko\u0142a gospody\u0144 wiejskich i osoby prywatne. Z uwagi, \u017ce ka\u017cdy wianek zachwyca\u0142 pi\u0119knem wszystkim wykonawcom zosta\u0142y przyznane nagrody. Wiele rado\u015bci sprawi\u0142y tak\u017ce drobne upominki przygotowane dla najm\u0142odszych uczestnik\u00f3w imprezy oraz loteria fantowa dla starszych. Ponadto ka\u017cdy z uczestnik\u00f3w imprezy zosta\u0142 pocz\u0119stowany lodami, p\u0105czkami i pysznym bigosem. Wszystkie nagrody, upominki, fanty oraz smakowito\u015bci, za kt\u00f3re bardzo dzi\u0119kujemy, ufundowa\u0142 W\u00f3jt Gminy \u0141abunie.<br \/>\n&nbsp;<br \/>\nOczywi\u015bcie tego sob\u00f3tkowego wieczora nie mog\u0142o zabrakn\u0105\u0107 dobrej muzyki i zabawy. Na barwnej \u015bwi\u0119toja\u0144skiej scenie z programem p\u00f3\u0142 \u017cartem p\u00f3\u0142 serio, a w\u0142a\u015bciwie bardziej \u017cartem ni\u017c serio wyst\u0105pi\u0142 zesp\u00f3\u0142 KGW &#8220;Zorza&#8221; z Wierzbia wraz z przewodnicz\u0105c\u0105 pani\u0105 <strong>Mari\u0105 Niemczuk<\/strong>, so\u0142tysem panem <strong>Stanis\u0142awem Pysiem<\/strong> i panami z rady so\u0142eckiej: <strong>Stanis\u0142awem Kycko<\/strong> i <strong>Jackiem Pokryszk\u0105<\/strong>. Nast\u0119pnie prezentowa\u0142y si\u0119 na scenie z piosenk\u0105 ludow\u0105, biesiadn\u0105 i rozrywkow\u0105 zespo\u0142y KGW Gminy \u0141abunie, Duet &#8220;One&#8221; w sk\u0142adzie: pani <strong>Bo\u017cena Wr\u00f3blewska<\/strong> i <strong>Kamilka Wr\u00f3blewska<\/strong> oraz <strong>Julka Nowak<\/strong>. Skoczne rytmy muzyki podczas zabawy pod gwiazdami a\u017c do p\u00f3\u0142nocy zapewni\u0142 pan <strong>Miros\u0142aw Wolski<\/strong>.<br \/>\n&nbsp;<br \/>\nNiestety pr\u00f3cz znamienitych go\u015bci pojawi\u0142 si\u0119 w Wierzbiu go\u015b\u0107 nieproszony &#8211; burza. I cho\u0107 ca\u0142e szcz\u0119\u015bcie deszczowa chmura szk\u00f3d nie wyczyni\u0142a to plany troch\u0119 pokrzy\u017cowa\u0142a, poniewa\u017c nie pozwoli\u0142a na wyj\u015bcie korowodu z wiankami na poblisk\u0105 krynic\u0119. Okaza\u0142o si\u0119 jednak, \u017ce nie taka burza straszna jak ma si\u0119 do dyspozycji du\u017c\u0105 \u015bwietlic\u0119. Mamy nadziej\u0119 i zapewnienia uczestnik\u00f3w, \u017ce mimo kapry\u015bnej aury ka\u017cdy bawi\u0142 si\u0119 \u015bwietnie w Wierzbiu w t\u0119 \u015bwi\u0119toja\u0144sk\u0105 noc.<br \/>\n&nbsp;<br \/>\nOrganizatorzy sk\u0142adaj\u0105 serdeczne podzi\u0119kowania wszystkim, kt\u00f3rzy do\u0142o\u017cyli wszelkich stara\u0144 oraz udzielili wsparcia i pomocy w przygotowanie tej \u015bwi\u0119toja\u0144skiej imprezy. A nade wszystko dzi\u0119kujemy wszystkim uczestnikom spotkania. Do zobaczenia za rok.<\/p>\n<p style=\"text-align: right;\"><span style=\"font-size: 8pt;\">Radna wsi Wierzbie<br \/>\nTeresa Urszula Zwolan<\/span><\/p>\n<p style=\"text-align: left;\">\u00a0[lg_folder folder=&#8221;20160626\/&#8221; count=&#8221;25&#8243; paging=&#8221;false&#8221;]<\/p>\n","protected":false},"excerpt":{"rendered":"<p>VI Noc \u015awi\u0119toja\u0144ska nad Krynic\u0105 ju\u017c za nami. Impreza pod has\u0142em &#8220;cuda wianki i r\u00f3\u017cne inne niespodzianki&#8221; odby\u0142a si\u0119 26 czerwca 2016 r. przy \u015awietlicy Wiejskiej w Wierzbiu. Organizatorami tej corocznej imprezy plenerowej byli: W\u00f3jt Gminy \u0141abunie, udzielaj\u0105c wsparcia finansowego, technicznego i osobowego, Ko\u0142o Gospody\u0144 Wiejskich w Wierzbiu, So\u0142tys i Rada So\u0142ecka wsi Wierzbie.<\/p>\n","protected":false},"author":7,"featured_media":3748,"comment_status":"closed","ping_status":"closed","sticky":false,"template":"","format":"standard","meta":{"footnotes":""},"categories":[1],"tags":[],"class_list":["post-3747","post","type-post","status-publish","format-standard","has-post-thumbnail","hentry","category-wpisy","clearfix"],"_links":{"self":[{"href":"https:\/\/www.labunie.com.pl\/index.php?rest_route=\/wp\/v2\/posts\/3747","targetHints":{"allow":["GET"]}}],"collection":[{"href":"https:\/\/www.labunie.com.pl\/index.php?rest_route=\/wp\/v2\/posts"}],"about":[{"href":"https:\/\/www.labunie.com.pl\/index.php?rest_route=\/wp\/v2\/types\/post"}],"author":[{"embeddable":true,"href":"https:\/\/www.labunie.com.pl\/index.php?rest_route=\/wp\/v2\/users\/7"}],"replies":[{"embeddable":true,"href":"https:\/\/www.labunie.com.pl\/index.php?rest_route=%2Fwp%2Fv2%2Fcomments&post=3747"}],"version-history":[{"count":3,"href":"https:\/\/www.labunie.com.pl\/index.php?rest_route=\/wp\/v2\/posts\/3747\/revisions"}],"predecessor-version":[{"id":3751,"href":"https:\/\/www.labunie.com.pl\/index.php?rest_route=\/wp\/v2\/posts\/3747\/revisions\/3751"}],"wp:featuredmedia":[{"embeddable":true,"href":"https:\/\/www.labunie.com.pl\/index.php?rest_route=\/wp\/v2\/media\/3748"}],"wp:attachment":[{"href":"https:\/\/www.labunie.com.pl\/index.php?rest_route=%2Fwp%2Fv2%2Fmedia&parent=3747"}],"wp:term":[{"taxonomy":"category","embeddable":true,"href":"https:\/\/www.labunie.com.pl\/index.php?rest_route=%2Fwp%2Fv2%2Fcategories&post=3747"},{"taxonomy":"post_tag","embeddable":true,"href":"https:\/\/www.labunie.com.pl\/index.php?rest_route=%2Fwp%2Fv2%2Ftags&post=3747"}],"curies":[{"name":"wp","href":"https:\/\/api.w.org\/{rel}","templated":true}]}}