{"id":3681,"date":"2016-08-21T21:10:52","date_gmt":"2016-08-21T19:10:52","guid":{"rendered":"https:\/\/www.labunie.com.pl\/?p=3681"},"modified":"2016-08-21T21:54:13","modified_gmt":"2016-08-21T19:54:13","slug":"w-roku-henryka-sienkiewicza-konkurs","status":"publish","type":"post","link":"https:\/\/www.labunie.com.pl\/?p=3681","title":{"rendered":"W Roku Henryka Sienkiewicza &#8211; konkurs"},"content":{"rendered":"<p><strong>Referat Promocji, Kultury, Sportu i Informacji Urz\u0119du Gminy \u0141abunie, Biblioteka Publiczna Gminy \u0141abunie og\u0142aszaj\u0105 IX Konkurs literacki, plastyczny i wiedzy dla Mieszka\u0144c\u00f3w Gminy \u0141abunie pod honorowym patronatem W\u00f3jta Gminy \u0141abunie Antoniego Wojciecha Turczyna &#8211; &#8220;W Roku Henryka Sienkiewicza&#8221;.<\/strong><\/p>\n<p><strong>Fina\u0142: 3 wrze\u015bnia podczas Narodowego Czytania \u201eQuo Vadis\u201d.<\/strong><\/p>\n<p><!--more--><\/p>\n<p style=\"text-align: center;\"><em>Drodzy uczestnicy!<\/em><\/p>\n<p style=\"text-align: left;\"><em>To ju\u017c\u00a0 dziewi\u0105ta edycja naszego gminnego konkursu. Tym razem gmina \u0141abunie oddaje cze\u015b\u0107 powie\u015bciopisarzowi, publicy\u015bcie, pierwszemu polskiemu laureatowi Nagrody Nobla, Henrykowi Sienkiewiczowi.<\/em><\/p>\n<p style=\"text-align: left;\"><em>Rok 2016 og\u0142oszony przez Sejm Rzeczypospolitej m. in. Rokiem Henryka Sienkiewicza jest okazj\u0105 do w\u0142\u0105czenia si\u0119 w og\u00f3lnopolskie obchody tego wydarzenia i og\u0142oszenia konkursu, kt\u00f3rego motywem przewodnim s\u0105 bogata spu\u015bcizna literacka i s\u0142owa noblisty \u201eGdy si\u0119 kto\u015b zaczyta, zawsze albo si\u0119 czego\u015b nauczy, albo zapomni o tym, co mu dolega, albo za\u015bnie\u00a0 \u2013 w ka\u017cdym razie wygra\u201d.<\/em><br \/>\n<em>Konkurs skierowany jest do dzieci, m\u0142odzie\u017cy i doros\u0142ych mieszka\u0144c\u00f3w gminy \u0141abunie. Jego celem jest prezentacja lokalnej tw\u00f3rczo\u015bci.<\/em><\/p>\n<p style=\"text-align: left;\"><em>Wszystkim uczestnikom \u017cycz\u0119, aby poszukuj\u0105c inspiracji odkryli prawdziwe pi\u0119kno naszej\u00a0 Ma\u0142ej Ojczyzny i docenili warto\u015bci p\u0142yn\u0105ce z obcowania ze s\u0142owem pisanym. Czytajmy wi\u0119c&#8230;<\/em><\/p>\n<p>&nbsp;<\/p>\n<p style=\"text-align: right;\"><em>Antoni Wojciech Turczyn<\/em><br \/>\n<em>W\u00f3jt Gminy \u0141abunie<\/em><\/p>\n<p style=\"text-align: center;\"><em>\u0141abunie, czerwiec 2016 r.<\/em><\/p>\n<p>&nbsp;<\/p>\n<p style=\"text-align: center;\"><img loading=\"lazy\" decoding=\"async\" class=\"aligncenter size-full wp-image-2314\" src=\"https:\/\/www.labunie.com.pl\/wp-content\/uploads\/2015\/11\/pasek630s.png\" alt=\"pasek630s\" width=\"630\" height=\"15\" srcset=\"https:\/\/www.labunie.com.pl\/wp-content\/uploads\/2015\/11\/pasek630s.png 630w, https:\/\/www.labunie.com.pl\/wp-content\/uploads\/2015\/11\/pasek630s-300x7.png 300w\" sizes=\"auto, (max-width: 630px) 100vw, 630px\" \/><\/p>\n<p>&nbsp;<\/p>\n<p style=\"text-align: center;\"><span style=\"text-decoration: underline;\"><strong>Regulamin Konkursu Literackiego<\/strong><\/span><\/p>\n<p style=\"text-align: left;\">Konkurs skierowany jest do uczni\u00f3w i doros\u0142ych mieszka\u0144c\u00f3w gminy \u0141abunie. Uczestnicy konkursu prezentuj\u0105 &#8211; w formie wydruku komputerowego i elektronicznie na adres a.piela@labunie.com.pl (czcionka Times New Roman, rozmiar 12, odst\u0119py 1,5)- wiersz lub proz\u0119 zgodne z tematem konkursu. Na odwrocie wydruku komputerowego (str. 2) nale\u017cy umie\u015bci\u0107 swoje dane osobowe: imi\u0119 i nazwisko autora, wiek.<\/p>\n<p style=\"text-align: left;\">Uczestnicy powinni do\u0142\u0105czy\u0107 o\u015bwiadczenie o samodzielnym napisaniu utwor\u00f3w, zgod\u0119 na przetwarzanie danych osobowych, wykorzystanie wizerunku w celach zwi\u0105zanych z promocj\u0105, organizacj\u0105 i przebiegiem konkursu (za\u0142\u0105cznik nr 1 do Regulaminu; www.labunie.com.pl.)<\/p>\n<p>&nbsp;<\/p>\n<p style=\"text-align: center;\"><span style=\"text-decoration: underline;\"><strong>Regulamin Konkursu Plastycznego<\/strong><\/span><\/p>\n<p style=\"text-align: left;\">Konkurs skierowany jest do przedszkolak\u00f3w, uczni\u00f3w i doros\u0142ych mieszka\u0144c\u00f3w gminy \u0141abunie. Uczestnicy wykonuj\u0105 zgodne z tematem konkursu prace plastyczne dowolnymi technikami (haft, rze\u017aba, rysunek) w formacie A3.<\/p>\n<p style=\"text-align: left;\">Prace zbiorowe nie b\u0119d\u0105 oceniane. Na odwrocie pracy nale\u017cy poda\u0107: imi\u0119 i nazwisko autora, wiek.<\/p>\n<p style=\"text-align: left;\">Uczestnicy powinni do\u0142\u0105czy\u0107 zgod\u0119 na przetwarzanie danych osobowych, wykorzystanie wizerunku w celach zw. z promocj\u0105, organizacj\u0105 i przebiegiem konkursu (za\u0142\u0105cznik nr 1 do Regulaminu; www.labunie.com.pl.)<\/p>\n<p>&nbsp;<\/p>\n<p style=\"text-align: center;\"><span style=\"text-decoration: underline;\"><strong>Regulamin konkursu wiedzy<\/strong><\/span><\/p>\n<p style=\"text-align: left;\">Konkurs skierowany jest do uczni\u00f3w i doros\u0142ych mieszka\u0144c\u00f3w gminy \u0141abunie. Uczestnicy 3 wrze\u015bnia 2016 r. podczas Narodowego Czytania \u201eQuo Vadis\u201d\u00a0 rozwi\u0105\u017c\u0105 test wiedzy o \u017cyciu i tw\u00f3rczo\u015bci Henryka Sienkiewicza.\u00a0 Test zostanie opracowany na podstawie \u017ar\u00f3de\u0142 dost\u0119pnych w \u0142abu\u0144skiej bibliotece i Internecie. Zg\u0142oszenia (imi\u0119 i nazwisko, wiek) nale\u017cy nadsy\u0142a\u0107 na adres a.piela@labunie.com.pl.<\/p>\n<p>&nbsp;<\/p>\n<p style=\"text-align: left;\">Prace nale\u017cy dostarczy\u0107 na adres mailowy: a.piela@labunie.com.pl, do Urz\u0119du Gminy w \u0141abuniach, pok\u00f3j nr 10\u00a0 do 25 sierpnia 2016 roku do godziny 15.00<\/p>\n<p>&nbsp;<\/p>\n<p style=\"text-align: left;\">Termin uroczystego wr\u0119czenia nagr\u00f3d: 3 wrze\u015bnia 2016 r. (sobota)<\/p>\n<p>&nbsp;<\/p>\n<p style=\"text-align: left;\">Szczeg\u00f3\u0142owe informacje zostan\u0105 podane na stronie www.labunie.com.pl<\/p>\n<p>&nbsp;<\/p>\n<p style=\"text-align: left;\">Organizator konkursu nie zwraca prac i zastrzega sobie prawo do ich publikowania.<\/p>\n<p>&nbsp;<\/p>\n<h1 style=\"text-align: center;\"><em><strong>Zapraszamy!<\/strong><\/em><\/h1>\n<table>\n<tbody>\n<tr>\n<td><a href=\"https:\/\/www.labunie.com.pl\/wp-content\/uploads\/2016\/06\/oswiadczenie_odo.pdf\"><img loading=\"lazy\" decoding=\"async\" class=\"aligncenter size-full wp-image-1477\" src=\"https:\/\/www.labunie.com.pl\/wp-content\/uploads\/2015\/07\/pdf.png\" alt=\"pdf\" width=\"50\" height=\"50\" \/><\/a><\/td>\n<td><a href=\"https:\/\/www.labunie.com.pl\/wp-content\/uploads\/2016\/06\/oswiadczenie_odo.pdf\">Za\u0142\u0105cznik nr 1: O\u015bwiadczenie<\/a><\/td>\n<\/tr>\n<tr>\n<td><a href=\"https:\/\/www.labunie.com.pl\/wp-content\/uploads\/2016\/06\/w_roku_sienkiewicza.pdf\"><img loading=\"lazy\" decoding=\"async\" class=\"aligncenter size-full wp-image-1477\" src=\"https:\/\/www.labunie.com.pl\/wp-content\/uploads\/2015\/07\/pdf.png\" alt=\"pdf\" width=\"50\" height=\"50\" \/><\/a><\/td>\n<td><a href=\"https:\/\/www.labunie.com.pl\/wp-content\/uploads\/2016\/06\/w_roku_sienkiewicza.pdf\">Informator o konkursie<\/a><\/td>\n<\/tr>\n<\/tbody>\n<\/table>\n<p>&nbsp;<\/p>\n<p style=\"text-align: left;\"><a href=\"https:\/\/www.labunie.com.pl\/wp-content\/uploads\/2016\/06\/gl-bpgl.png\" data-rel=\"lightbox-gallery-X2ZFQxOd\" data-rl_title=\"\" data-rl_caption=\"\" title=\"\"><img loading=\"lazy\" decoding=\"async\" class=\"aligncenter size-full wp-image-3685\" src=\"https:\/\/www.labunie.com.pl\/wp-content\/uploads\/2016\/06\/gl-bpgl.png\" alt=\"gl-bpgl\" width=\"630\" height=\"89\" srcset=\"https:\/\/www.labunie.com.pl\/wp-content\/uploads\/2016\/06\/gl-bpgl.png 630w, https:\/\/www.labunie.com.pl\/wp-content\/uploads\/2016\/06\/gl-bpgl-300x42.png 300w\" sizes=\"auto, (max-width: 630px) 100vw, 630px\" \/><\/a><\/p>\n","protected":false},"excerpt":{"rendered":"<p>Referat Promocji, Kultury, Sportu i Informacji Urz\u0119du Gminy \u0141abunie, Biblioteka Publiczna Gminy \u0141abunie og\u0142aszaj\u0105 IX Konkurs literacki, plastyczny i wiedzy dla Mieszka\u0144c\u00f3w Gminy \u0141abunie pod honorowym patronatem W\u00f3jta Gminy \u0141abunie Antoniego Wojciecha Turczyna &#8211; &#8220;W Roku Henryka Sienkiewicza&#8221;. Fina\u0142: 3 wrze\u015bnia podczas Narodowego Czytania \u201eQuo Vadis\u201d.<\/p>\n","protected":false},"author":7,"featured_media":3691,"comment_status":"closed","ping_status":"closed","sticky":false,"template":"","format":"standard","meta":{"footnotes":""},"categories":[1],"tags":[],"class_list":["post-3681","post","type-post","status-publish","format-standard","has-post-thumbnail","hentry","category-wpisy","clearfix"],"_links":{"self":[{"href":"https:\/\/www.labunie.com.pl\/index.php?rest_route=\/wp\/v2\/posts\/3681","targetHints":{"allow":["GET"]}}],"collection":[{"href":"https:\/\/www.labunie.com.pl\/index.php?rest_route=\/wp\/v2\/posts"}],"about":[{"href":"https:\/\/www.labunie.com.pl\/index.php?rest_route=\/wp\/v2\/types\/post"}],"author":[{"embeddable":true,"href":"https:\/\/www.labunie.com.pl\/index.php?rest_route=\/wp\/v2\/users\/7"}],"replies":[{"embeddable":true,"href":"https:\/\/www.labunie.com.pl\/index.php?rest_route=%2Fwp%2Fv2%2Fcomments&post=3681"}],"version-history":[{"count":5,"href":"https:\/\/www.labunie.com.pl\/index.php?rest_route=\/wp\/v2\/posts\/3681\/revisions"}],"predecessor-version":[{"id":3694,"href":"https:\/\/www.labunie.com.pl\/index.php?rest_route=\/wp\/v2\/posts\/3681\/revisions\/3694"}],"wp:featuredmedia":[{"embeddable":true,"href":"https:\/\/www.labunie.com.pl\/index.php?rest_route=\/wp\/v2\/media\/3691"}],"wp:attachment":[{"href":"https:\/\/www.labunie.com.pl\/index.php?rest_route=%2Fwp%2Fv2%2Fmedia&parent=3681"}],"wp:term":[{"taxonomy":"category","embeddable":true,"href":"https:\/\/www.labunie.com.pl\/index.php?rest_route=%2Fwp%2Fv2%2Fcategories&post=3681"},{"taxonomy":"post_tag","embeddable":true,"href":"https:\/\/www.labunie.com.pl\/index.php?rest_route=%2Fwp%2Fv2%2Ftags&post=3681"}],"curies":[{"name":"wp","href":"https:\/\/api.w.org\/{rel}","templated":true}]}}