{"id":3583,"date":"2016-06-07T17:34:45","date_gmt":"2016-06-07T15:34:45","guid":{"rendered":"https:\/\/www.labunie.com.pl\/?p=3583"},"modified":"2016-06-13T19:40:17","modified_gmt":"2016-06-13T17:40:17","slug":"3583","status":"publish","type":"post","link":"https:\/\/www.labunie.com.pl\/?p=3583","title":{"rendered":"Turniej karate w Tomaszowie Lubelskim"},"content":{"rendered":"<p><strong>W dniu 4 czerwca 2016 roku w Tomaszowie Lubelskim odby\u0142 si\u0119 3rd International Integration Kyokushin Karate Cup in Memory of Sosai Mas Oyama. W turnieju wystartowa\u0142o 200 zawodnik\u00f3w z Polski i Ukrainy.<\/strong><br \/>\n&nbsp;<br \/>\n&nbsp;<br \/>\n&nbsp;<br \/>\n<!--more--><\/p>\n<p>Zamojski Klub Karate Kyokushin reprezentowali zawodnicy z Gminy \u0141abunie:<\/p>\n<ul>\n<li>Wiktor Kolaja I m-ce kumite<\/li>\n<li>Dawid Tymczuk i Alan Kania (tym razem bez medali).<\/li>\n<\/ul>\n<div id='pe-gallery-1' class='pe-gallery pe-gallery-3583 columns-4 img-size-medium'><div class='pe-row'><div class='col-md-3'><figure tabindex='0' class='pe-gallery-item ' ><div class='pe-gallery-image landscape'>\n\t\t\t\t\t\t\t<a href=\"https:\/\/www.labunie.com.pl\/wp-content\/uploads\/2016\/06\/3rd-INTERNATIONAL-INTEGRATION-KYOKUSHIN-KARATE-CUP-IN-MEMORY-OF-SOSAI-MAS-OYAMA-04.jpg\" data-rel=\"lightbox-gallery-8GmsdlZB\" data-rl_title=\"\" data-rl_caption=\"\" title=\"\"><img loading=\"lazy\" decoding=\"async\" width=\"300\" height=\"225\" src=\"https:\/\/www.labunie.com.pl\/wp-content\/uploads\/2016\/06\/3rd-INTERNATIONAL-INTEGRATION-KYOKUSHIN-KARATE-CUP-IN-MEMORY-OF-SOSAI-MAS-OYAMA-04-300x225.jpg\" class=\"attachment-medium size-medium\" alt=\"3rd INTERNATIONAL INTEGRATION KYOKUSHIN KARATE CUP IN MEMORY OF SOSAI MAS OYAMA 04\" data-no-retina=\"\" aria-describedby=\"gallery-1-3589\" srcset=\"https:\/\/www.labunie.com.pl\/wp-content\/uploads\/2016\/06\/3rd-INTERNATIONAL-INTEGRATION-KYOKUSHIN-KARATE-CUP-IN-MEMORY-OF-SOSAI-MAS-OYAMA-04-300x225.jpg 300w, https:\/\/www.labunie.com.pl\/wp-content\/uploads\/2016\/06\/3rd-INTERNATIONAL-INTEGRATION-KYOKUSHIN-KARATE-CUP-IN-MEMORY-OF-SOSAI-MAS-OYAMA-04-768x577.jpg 768w, https:\/\/www.labunie.com.pl\/wp-content\/uploads\/2016\/06\/3rd-INTERNATIONAL-INTEGRATION-KYOKUSHIN-KARATE-CUP-IN-MEMORY-OF-SOSAI-MAS-OYAMA-04.jpg 999w\" sizes=\"auto, (max-width: 300px) 100vw, 300px\" \/><\/a>\n\t\t\t\t\t\t<\/div><figcaption class='wp-caption-text pe-gallery-caption'>\n\t\t\t\t\t\t\t\t3rd INTERNATIONAL INTEGRATION KYOKUSHIN KARATE CUP IN MEMORY OF SOSAI MAS OYAMA 04\n\t\t\t\t\t\t\t<\/figcaption><\/figure><\/div><div class='col-md-3'><figure tabindex='0' class='pe-gallery-item ' ><div class='pe-gallery-image landscape'>\n\t\t\t\t\t\t\t<a href=\"https:\/\/www.labunie.com.pl\/wp-content\/uploads\/2016\/06\/3rd-INTERNATIONAL-INTEGRATION-KYOKUSHIN-KARATE-CUP-IN-MEMORY-OF-SOSAI-MAS-OYAMA-03.jpg\" data-rel=\"lightbox-gallery-8GmsdlZB\" data-rl_title=\"\" data-rl_caption=\"\" title=\"\"><img loading=\"lazy\" decoding=\"async\" width=\"300\" height=\"225\" src=\"https:\/\/www.labunie.com.pl\/wp-content\/uploads\/2016\/06\/3rd-INTERNATIONAL-INTEGRATION-KYOKUSHIN-KARATE-CUP-IN-MEMORY-OF-SOSAI-MAS-OYAMA-03-300x225.jpg\" class=\"attachment-medium size-medium\" alt=\"3rd INTERNATIONAL INTEGRATION KYOKUSHIN KARATE CUP IN MEMORY OF SOSAI MAS OYAMA 03\" data-no-retina=\"\" aria-describedby=\"gallery-1-3588\" srcset=\"https:\/\/www.labunie.com.pl\/wp-content\/uploads\/2016\/06\/3rd-INTERNATIONAL-INTEGRATION-KYOKUSHIN-KARATE-CUP-IN-MEMORY-OF-SOSAI-MAS-OYAMA-03-300x225.jpg 300w, https:\/\/www.labunie.com.pl\/wp-content\/uploads\/2016\/06\/3rd-INTERNATIONAL-INTEGRATION-KYOKUSHIN-KARATE-CUP-IN-MEMORY-OF-SOSAI-MAS-OYAMA-03-768x576.jpg 768w, https:\/\/www.labunie.com.pl\/wp-content\/uploads\/2016\/06\/3rd-INTERNATIONAL-INTEGRATION-KYOKUSHIN-KARATE-CUP-IN-MEMORY-OF-SOSAI-MAS-OYAMA-03.jpg 1000w\" sizes=\"auto, (max-width: 300px) 100vw, 300px\" \/><\/a>\n\t\t\t\t\t\t<\/div><figcaption class='wp-caption-text pe-gallery-caption'>\n\t\t\t\t\t\t\t\t3rd INTERNATIONAL INTEGRATION KYOKUSHIN KARATE CUP IN MEMORY OF SOSAI MAS OYAMA 03\n\t\t\t\t\t\t\t<\/figcaption><\/figure><\/div><div class='col-md-3'><figure tabindex='0' class='pe-gallery-item ' ><div class='pe-gallery-image landscape'>\n\t\t\t\t\t\t\t<a href=\"https:\/\/www.labunie.com.pl\/wp-content\/uploads\/2016\/06\/3rd-INTERNATIONAL-INTEGRATION-KYOKUSHIN-KARATE-CUP-IN-MEMORY-OF-SOSAI-MAS-OYAMA-02.jpg\" data-rel=\"lightbox-gallery-8GmsdlZB\" data-rl_title=\"\" data-rl_caption=\"\" title=\"\"><img loading=\"lazy\" decoding=\"async\" width=\"300\" height=\"225\" src=\"https:\/\/www.labunie.com.pl\/wp-content\/uploads\/2016\/06\/3rd-INTERNATIONAL-INTEGRATION-KYOKUSHIN-KARATE-CUP-IN-MEMORY-OF-SOSAI-MAS-OYAMA-02-300x225.jpg\" class=\"attachment-medium size-medium\" alt=\"3rd INTERNATIONAL INTEGRATION KYOKUSHIN KARATE CUP IN MEMORY OF SOSAI MAS OYAMA 02\" data-no-retina=\"\" aria-describedby=\"gallery-1-3587\" srcset=\"https:\/\/www.labunie.com.pl\/wp-content\/uploads\/2016\/06\/3rd-INTERNATIONAL-INTEGRATION-KYOKUSHIN-KARATE-CUP-IN-MEMORY-OF-SOSAI-MAS-OYAMA-02-300x225.jpg 300w, https:\/\/www.labunie.com.pl\/wp-content\/uploads\/2016\/06\/3rd-INTERNATIONAL-INTEGRATION-KYOKUSHIN-KARATE-CUP-IN-MEMORY-OF-SOSAI-MAS-OYAMA-02-768x576.jpg 768w, https:\/\/www.labunie.com.pl\/wp-content\/uploads\/2016\/06\/3rd-INTERNATIONAL-INTEGRATION-KYOKUSHIN-KARATE-CUP-IN-MEMORY-OF-SOSAI-MAS-OYAMA-02.jpg 1000w\" sizes=\"auto, (max-width: 300px) 100vw, 300px\" \/><\/a>\n\t\t\t\t\t\t<\/div><figcaption class='wp-caption-text pe-gallery-caption'>\n\t\t\t\t\t\t\t\t3rd INTERNATIONAL INTEGRATION KYOKUSHIN KARATE CUP IN MEMORY OF SOSAI MAS OYAMA 02\n\t\t\t\t\t\t\t<\/figcaption><\/figure><\/div><div class='col-md-3'><figure tabindex='0' class='pe-gallery-item ' ><div class='pe-gallery-image landscape'>\n\t\t\t\t\t\t\t<a href=\"https:\/\/www.labunie.com.pl\/wp-content\/uploads\/2016\/06\/3rd-INTERNATIONAL-INTEGRATION-KYOKUSHIN-KARATE-CUP-IN-MEMORY-OF-SOSAI-MAS-OYAMA-01.jpg\" data-rel=\"lightbox-gallery-8GmsdlZB\" data-rl_title=\"\" data-rl_caption=\"\" title=\"\"><img loading=\"lazy\" decoding=\"async\" width=\"300\" height=\"225\" src=\"https:\/\/www.labunie.com.pl\/wp-content\/uploads\/2016\/06\/3rd-INTERNATIONAL-INTEGRATION-KYOKUSHIN-KARATE-CUP-IN-MEMORY-OF-SOSAI-MAS-OYAMA-01-300x225.jpg\" class=\"attachment-medium size-medium\" alt=\"3rd INTERNATIONAL INTEGRATION KYOKUSHIN KARATE CUP IN MEMORY OF SOSAI MAS OYAMA 01\" data-no-retina=\"\" aria-describedby=\"gallery-1-3586\" srcset=\"https:\/\/www.labunie.com.pl\/wp-content\/uploads\/2016\/06\/3rd-INTERNATIONAL-INTEGRATION-KYOKUSHIN-KARATE-CUP-IN-MEMORY-OF-SOSAI-MAS-OYAMA-01-300x225.jpg 300w, https:\/\/www.labunie.com.pl\/wp-content\/uploads\/2016\/06\/3rd-INTERNATIONAL-INTEGRATION-KYOKUSHIN-KARATE-CUP-IN-MEMORY-OF-SOSAI-MAS-OYAMA-01-768x576.jpg 768w, https:\/\/www.labunie.com.pl\/wp-content\/uploads\/2016\/06\/3rd-INTERNATIONAL-INTEGRATION-KYOKUSHIN-KARATE-CUP-IN-MEMORY-OF-SOSAI-MAS-OYAMA-01.jpg 1000w\" sizes=\"auto, (max-width: 300px) 100vw, 300px\" \/><\/a>\n\t\t\t\t\t\t<\/div><figcaption class='wp-caption-text pe-gallery-caption'>\n\t\t\t\t\t\t\t\t3rd INTERNATIONAL INTEGRATION KYOKUSHIN KARATE CUP IN MEMORY OF SOSAI MAS OYAMA 01\n\t\t\t\t\t\t\t<\/figcaption><\/figure><\/div><div class='col-md-3'><figure tabindex='0' class='pe-gallery-item ' ><div class='pe-gallery-image portrait'>\n\t\t\t\t\t\t\t<a href=\"https:\/\/www.labunie.com.pl\/wp-content\/uploads\/2016\/06\/3rd-INTERNATIONAL-INTEGRATION-KYOKUSHIN-KARATE-CUP-IN-MEMORY-OF-SOSAI-MAS-OYAMA-05.jpg\" data-rel=\"lightbox-gallery-8GmsdlZB\" data-rl_title=\"\" data-rl_caption=\"\" title=\"\"><img loading=\"lazy\" decoding=\"async\" width=\"223\" height=\"300\" src=\"https:\/\/www.labunie.com.pl\/wp-content\/uploads\/2016\/06\/3rd-INTERNATIONAL-INTEGRATION-KYOKUSHIN-KARATE-CUP-IN-MEMORY-OF-SOSAI-MAS-OYAMA-05-223x300.jpg\" class=\"attachment-medium size-medium\" alt=\"3rd INTERNATIONAL INTEGRATION KYOKUSHIN KARATE CUP IN MEMORY OF SOSAI MAS OYAMA 05\" data-no-retina=\"\" aria-describedby=\"gallery-1-3590\" srcset=\"https:\/\/www.labunie.com.pl\/wp-content\/uploads\/2016\/06\/3rd-INTERNATIONAL-INTEGRATION-KYOKUSHIN-KARATE-CUP-IN-MEMORY-OF-SOSAI-MAS-OYAMA-05-223x300.jpg 223w, https:\/\/www.labunie.com.pl\/wp-content\/uploads\/2016\/06\/3rd-INTERNATIONAL-INTEGRATION-KYOKUSHIN-KARATE-CUP-IN-MEMORY-OF-SOSAI-MAS-OYAMA-05.jpg 744w\" sizes=\"auto, (max-width: 223px) 100vw, 223px\" \/><\/a>\n\t\t\t\t\t\t<\/div><figcaption class='wp-caption-text pe-gallery-caption'>\n\t\t\t\t\t\t\t\t3rd INTERNATIONAL INTEGRATION KYOKUSHIN KARATE CUP IN MEMORY OF SOSAI MAS OYAMA 05\n\t\t\t\t\t\t\t<\/figcaption><\/figure><\/div><div class='col-md-3'><figure tabindex='0' class='pe-gallery-item ' ><div class='pe-gallery-image landscape'>\n\t\t\t\t\t\t\t<a href=\"https:\/\/www.labunie.com.pl\/wp-content\/uploads\/2016\/06\/3rd-INTERNATIONAL-INTEGRATION-KYOKUSHIN-KARATE-CUP-IN-MEMORY-OF-SOSAI-MAS-OYAMA-06.jpg\" data-rel=\"lightbox-gallery-8GmsdlZB\" data-rl_title=\"\" data-rl_caption=\"\" title=\"\"><img loading=\"lazy\" decoding=\"async\" width=\"300\" height=\"225\" src=\"https:\/\/www.labunie.com.pl\/wp-content\/uploads\/2016\/06\/3rd-INTERNATIONAL-INTEGRATION-KYOKUSHIN-KARATE-CUP-IN-MEMORY-OF-SOSAI-MAS-OYAMA-06-300x225.jpg\" class=\"attachment-medium size-medium\" alt=\"3rd INTERNATIONAL INTEGRATION KYOKUSHIN KARATE CUP IN MEMORY OF SOSAI MAS OYAMA 06\" data-no-retina=\"\" aria-describedby=\"gallery-1-3585\" srcset=\"https:\/\/www.labunie.com.pl\/wp-content\/uploads\/2016\/06\/3rd-INTERNATIONAL-INTEGRATION-KYOKUSHIN-KARATE-CUP-IN-MEMORY-OF-SOSAI-MAS-OYAMA-06-300x225.jpg 300w, https:\/\/www.labunie.com.pl\/wp-content\/uploads\/2016\/06\/3rd-INTERNATIONAL-INTEGRATION-KYOKUSHIN-KARATE-CUP-IN-MEMORY-OF-SOSAI-MAS-OYAMA-06-768x576.jpg 768w, https:\/\/www.labunie.com.pl\/wp-content\/uploads\/2016\/06\/3rd-INTERNATIONAL-INTEGRATION-KYOKUSHIN-KARATE-CUP-IN-MEMORY-OF-SOSAI-MAS-OYAMA-06.jpg 1000w\" sizes=\"auto, (max-width: 300px) 100vw, 300px\" \/><\/a>\n\t\t\t\t\t\t<\/div><figcaption class='wp-caption-text pe-gallery-caption'>\n\t\t\t\t\t\t\t\t3rd INTERNATIONAL INTEGRATION KYOKUSHIN KARATE CUP IN MEMORY OF SOSAI MAS OYAMA 06\n\t\t\t\t\t\t\t<\/figcaption><\/figure><\/div><\/div><\/div>\n\n<p style=\"text-align: right;\"><span style=\"font-size: 8pt;\"><em>Krzysztof Policha<\/em><\/span><\/p>\n","protected":false},"excerpt":{"rendered":"<p>W dniu 4 czerwca 2016 roku w Tomaszowie Lubelskim odby\u0142 si\u0119 3rd International Integration Kyokushin Karate Cup in Memory of Sosai Mas Oyama. W turnieju wystartowa\u0142o 200 zawodnik\u00f3w z Polski i Ukrainy. &nbsp; &nbsp; &nbsp;<\/p>\n","protected":false},"author":7,"featured_media":3584,"comment_status":"closed","ping_status":"closed","sticky":false,"template":"","format":"standard","meta":{"footnotes":""},"categories":[1],"tags":[],"class_list":["post-3583","post","type-post","status-publish","format-standard","has-post-thumbnail","hentry","category-wpisy","clearfix"],"_links":{"self":[{"href":"https:\/\/www.labunie.com.pl\/index.php?rest_route=\/wp\/v2\/posts\/3583","targetHints":{"allow":["GET"]}}],"collection":[{"href":"https:\/\/www.labunie.com.pl\/index.php?rest_route=\/wp\/v2\/posts"}],"about":[{"href":"https:\/\/www.labunie.com.pl\/index.php?rest_route=\/wp\/v2\/types\/post"}],"author":[{"embeddable":true,"href":"https:\/\/www.labunie.com.pl\/index.php?rest_route=\/wp\/v2\/users\/7"}],"replies":[{"embeddable":true,"href":"https:\/\/www.labunie.com.pl\/index.php?rest_route=%2Fwp%2Fv2%2Fcomments&post=3583"}],"version-history":[{"count":4,"href":"https:\/\/www.labunie.com.pl\/index.php?rest_route=\/wp\/v2\/posts\/3583\/revisions"}],"predecessor-version":[{"id":3607,"href":"https:\/\/www.labunie.com.pl\/index.php?rest_route=\/wp\/v2\/posts\/3583\/revisions\/3607"}],"wp:featuredmedia":[{"embeddable":true,"href":"https:\/\/www.labunie.com.pl\/index.php?rest_route=\/wp\/v2\/media\/3584"}],"wp:attachment":[{"href":"https:\/\/www.labunie.com.pl\/index.php?rest_route=%2Fwp%2Fv2%2Fmedia&parent=3583"}],"wp:term":[{"taxonomy":"category","embeddable":true,"href":"https:\/\/www.labunie.com.pl\/index.php?rest_route=%2Fwp%2Fv2%2Fcategories&post=3583"},{"taxonomy":"post_tag","embeddable":true,"href":"https:\/\/www.labunie.com.pl\/index.php?rest_route=%2Fwp%2Fv2%2Ftags&post=3583"}],"curies":[{"name":"wp","href":"https:\/\/api.w.org\/{rel}","templated":true}]}}