{"id":3570,"date":"2016-06-07T14:00:56","date_gmt":"2016-06-07T12:00:56","guid":{"rendered":"https:\/\/www.labunie.com.pl\/?p=3570"},"modified":"2016-06-07T14:13:03","modified_gmt":"2016-06-07T12:13:03","slug":"sukces-grupy-teatralnej-gimnazjum-w-labunkach-pierwszych","status":"publish","type":"post","link":"https:\/\/www.labunie.com.pl\/?p=3570","title":{"rendered":"Sukces grupy teatralnej Gimnazjum w \u0141abu\u0144kach Pierwszych"},"content":{"rendered":"<p align=\"JUSTIFY\"><span style=\"font-family: Times New Roman,serif;\"><span style=\"font-size: medium;\"><strong>3 czerwca br. grupa teatralna Gimnazjum w \u0141abu\u0144kach Pierwszych zdoby\u0142a pierwsze miejsce w XV Przegl\u0105dzie Teatralnym Gimnazj\u00f3w Powiatu Zamojskiego.<\/strong> <\/span><\/span><\/p>\n<p align=\"JUSTIFY\"><!--more--><\/p>\n<p align=\"JUSTIFY\"><span style=\"font-family: Times New Roman,serif;\"><span style=\"font-size: medium;\"> Sztuka \u201ePolak Show\u201d, kt\u00f3r\u0105 gimnazjali\u015bci zaprezentowali na scenie, zosta\u0142a nagrodzona gromkimi brawami publiczno\u015bci i jednog\u0142o\u015bnym werdyktem jury. Dodatkowe wyr\u00f3\u017cnienie, za gr\u0119 aktorsk\u0105, otrzyma\u0142a Natalia Karchut.<\/span><\/span><\/p>\n<p align=\"JUSTIFY\"><span style=\"font-family: Times New Roman,serif;\"><span style=\"font-size: medium;\"> Jest to ju\u017c drugi sukces grupy teatralnej \u201eZa Kurtyn\u0105\u201d. W grudniu 2015 r. uczniowie zdobyli II miejsce w IX Przegl\u0105dzie M\u0142odzie\u017cowych Spotka\u0144 Teatralnych Ekonomik 2015, wystawiaj\u0105c \u201eDziady cz. II\u201d. <\/span><\/span><\/p>\n<p align=\"JUSTIFY\"><span style=\"font-family: Times New Roman,serif;\"><span style=\"font-size: medium;\"> Grupa \u201eZa Kurtyn\u0105 istnieje od wrze\u015bnia 2015 r. tworz\u0105 j\u0105 uczniowie klasy III gimnazjum. Opiekunem zespo\u0142u jest p. Marta Pakos. Uczniowie na zaj\u0119ciach tworz\u0105 w\u0142asne scenariusze przedstawie\u0144, \u0107wicz\u0105 dykcj\u0119, pracuj\u0105 nad scenografi\u0105, kostiumami, dekoracj\u0105. Wiele pomys\u0142\u00f3w rodzi si\u0119 w trakcie pr\u00f3b, a nawet po ich zako\u0144czeniu \u2013 spontanicznie, z u\u015bmiechem, w artystycznym chaosie. <\/span><\/span><\/p>\n<p align=\"JUSTIFY\"><span style=\"font-family: Times New Roman,serif;\"><span style=\"font-size: medium;\"> Przygotowania do wyst\u0119p\u00f3w wymagaj\u0105 wiele pracowito\u015bci i zaanga\u017cowania, bywaj\u0105 chwile zw\u0105tpienia, jednak efekty przynosz\u0105 rado\u015b\u0107 i daj\u0105 motywacj\u0119 do dalszej pracy. <\/span><\/span><\/p>\n<p align=\"RIGHT\"><span style=\"font-family: Times New Roman,serif;\"><span style=\"font-size: medium;\">Marta Pakos<\/span><\/span><\/p>\n<p align=\"RIGHT\"><a href=\"https:\/\/www.labunie.com.pl\/wp-content\/uploads\/2016\/06\/gim_lab3.jpg\" target=\"_blank\" data-rel=\"lightbox-gallery-nFsyCeVy\" data-rl_title=\"\" data-rl_caption=\"\" title=\"\"><img loading=\"lazy\" decoding=\"async\" class=\"alignleft wp-image-3579 size-medium\" src=\"https:\/\/www.labunie.com.pl\/wp-content\/uploads\/2016\/06\/gim_lab3-300x200.jpg\" alt=\"gim_lab3\" width=\"300\" height=\"200\" srcset=\"https:\/\/www.labunie.com.pl\/wp-content\/uploads\/2016\/06\/gim_lab3-300x200.jpg 300w, https:\/\/www.labunie.com.pl\/wp-content\/uploads\/2016\/06\/gim_lab3-768x512.jpg 768w, https:\/\/www.labunie.com.pl\/wp-content\/uploads\/2016\/06\/gim_lab3.jpg 1024w\" sizes=\"auto, (max-width: 300px) 100vw, 300px\" \/><\/a> <a href=\"https:\/\/www.labunie.com.pl\/wp-content\/uploads\/2016\/06\/gim_lab2.jpg\" target=\"_blank\" data-rel=\"lightbox-gallery-nFsyCeVy\" data-rl_title=\"\" data-rl_caption=\"\" title=\"\"><img loading=\"lazy\" decoding=\"async\" class=\"alignleft wp-image-3578 size-medium\" src=\"https:\/\/www.labunie.com.pl\/wp-content\/uploads\/2016\/06\/gim_lab2-300x200.jpg\" alt=\"gim_lab2\" width=\"300\" height=\"200\" srcset=\"https:\/\/www.labunie.com.pl\/wp-content\/uploads\/2016\/06\/gim_lab2-300x200.jpg 300w, https:\/\/www.labunie.com.pl\/wp-content\/uploads\/2016\/06\/gim_lab2-768x512.jpg 768w, https:\/\/www.labunie.com.pl\/wp-content\/uploads\/2016\/06\/gim_lab2.jpg 1024w\" sizes=\"auto, (max-width: 300px) 100vw, 300px\" \/><\/a><\/p>\n","protected":false},"excerpt":{"rendered":"<p>3 czerwca br. grupa teatralna Gimnazjum w \u0141abu\u0144kach Pierwszych zdoby\u0142a pierwsze miejsce w XV Przegl\u0105dzie Teatralnym Gimnazj\u00f3w Powiatu Zamojskiego.<\/p>\n","protected":false},"author":9,"featured_media":3577,"comment_status":"closed","ping_status":"closed","sticky":false,"template":"","format":"standard","meta":{"footnotes":""},"categories":[1],"tags":[],"class_list":["post-3570","post","type-post","status-publish","format-standard","has-post-thumbnail","hentry","category-wpisy","clearfix"],"_links":{"self":[{"href":"https:\/\/www.labunie.com.pl\/index.php?rest_route=\/wp\/v2\/posts\/3570","targetHints":{"allow":["GET"]}}],"collection":[{"href":"https:\/\/www.labunie.com.pl\/index.php?rest_route=\/wp\/v2\/posts"}],"about":[{"href":"https:\/\/www.labunie.com.pl\/index.php?rest_route=\/wp\/v2\/types\/post"}],"author":[{"embeddable":true,"href":"https:\/\/www.labunie.com.pl\/index.php?rest_route=\/wp\/v2\/users\/9"}],"replies":[{"embeddable":true,"href":"https:\/\/www.labunie.com.pl\/index.php?rest_route=%2Fwp%2Fv2%2Fcomments&post=3570"}],"version-history":[{"count":5,"href":"https:\/\/www.labunie.com.pl\/index.php?rest_route=\/wp\/v2\/posts\/3570\/revisions"}],"predecessor-version":[{"id":3582,"href":"https:\/\/www.labunie.com.pl\/index.php?rest_route=\/wp\/v2\/posts\/3570\/revisions\/3582"}],"wp:featuredmedia":[{"embeddable":true,"href":"https:\/\/www.labunie.com.pl\/index.php?rest_route=\/wp\/v2\/media\/3577"}],"wp:attachment":[{"href":"https:\/\/www.labunie.com.pl\/index.php?rest_route=%2Fwp%2Fv2%2Fmedia&parent=3570"}],"wp:term":[{"taxonomy":"category","embeddable":true,"href":"https:\/\/www.labunie.com.pl\/index.php?rest_route=%2Fwp%2Fv2%2Fcategories&post=3570"},{"taxonomy":"post_tag","embeddable":true,"href":"https:\/\/www.labunie.com.pl\/index.php?rest_route=%2Fwp%2Fv2%2Ftags&post=3570"}],"curies":[{"name":"wp","href":"https:\/\/api.w.org\/{rel}","templated":true}]}}