{"id":3540,"date":"2016-06-07T11:52:23","date_gmt":"2016-06-07T09:52:23","guid":{"rendered":"https:\/\/www.labunie.com.pl\/?p=3540"},"modified":"2018-06-18T09:02:55","modified_gmt":"2018-06-18T07:02:55","slug":"100-lat-osp-labunie","status":"publish","type":"post","link":"https:\/\/www.labunie.com.pl\/?p=3540","title":{"rendered":"100 lat OSP \u0141abunie"},"content":{"rendered":"<p><strong>5 czerwca 2016 r. Ochotnicza Stra\u017c Po\u017carna w \u0141abuniach \u015bwi\u0119towa\u0142a jubileusz 100-lecia dzia\u0142alno\u015bci.<\/strong><br \/>\n&nbsp;<br \/>\n&nbsp;<br \/>\n&nbsp;<br \/>\n&nbsp;<br \/>\n<!--more--><br \/>\nObchody jubileuszu rozpocz\u0119\u0142y si\u0119 Msz\u0105 \u015bw. w ko\u015bciele parafialnym w \u0141abuniach, kt\u00f3r\u0105 w intencji stra\u017cak\u00f3w celebrowali ks. proboszcz Piotr Rawlik i ks. prof. Czes\u0142aw Galek. Uroczysto\u015b\u0107 u\u015bwietni\u0142a Gminna Orkiestra D\u0119ta pod batut\u0105 kapelmistrza Zbigniewa Pieczykolana.<br \/>\n&nbsp;<br \/>\nNast\u0119pnie poczty sztandarowe OSP z terenu Gminy \u0141abunie przesz\u0142y na boisko sportowe w \u0141abuniach, gdzie rozpocz\u0119\u0142a si\u0119 cz\u0119\u015b\u0107 oficjalna uroczysto\u015bci.<br \/>\n&nbsp;<br \/>\nMeldunek Prezesowi Zarz\u0105du Gminnego Zwi\u0105zku Ochotniczych Stra\u017cy Po\u017carnych w \u0141abuniach dh Mariuszowi Braneckiemu z\u0142o\u017cy\u0142 Komendant Gminny dh Pawe\u0142 Mr\u00f3z. Po podniesieniu flagi pa\u0144stwowej na maszt otwarcia uroczysto\u015bci dokona\u0142 Prezes Ochotniczej Stra\u017cy Po\u017carnej w \u0141abuniach dh Tadeusz Ga\u0142ek. Powita\u0142 zaproszonych go\u015bci: p\u0142k. Mieczys\u0142awa Skib\u0119, dh. Kazimierza Mielnickiego \u2013 Prezesa Zarz\u0105du Powiatowego ZOSP RP, dh. Antoniego Wojciecha Turczyna \u2013 cz\u0142onka Zarz\u0105du Wojew\u00f3dzkiego ZOSP RP i W\u00f3jta Gminy \u0141abunie, st. kpt. Przemys\u0142awa Ilczuka reprezentuj\u0105cego Komendanta Miejskiego PSP w Zamo\u015bciu, dh. Mariusza Braneckiego \u2013 Prezesa Zarz\u0105du Gminnego ZOSP RP w \u0141abuniach, dh. Jana Jerzego Braneckiego i dh. S\u0142awomira Umyla\u0144skiego \u2013 Wiceprezes\u00f3w Zarz\u0105du Gminnego ZOSP RP w \u0141abuniach, dh. Paw\u0142a Mroza \u2013 Komendanta Gminnego.<br \/>\n&nbsp;<br \/>\nW kolejnym punkcie uroczysto\u015bci prezes \u0142abu\u0144skiej OSP odczyta\u0142 rys historyczny jednostki.<\/p>\n<table style=\"background-color: #ccd8ff;\">\n<tbody>\n<tr>\n<td>\n<p style=\"text-align: center;\"><strong><span style=\"text-decoration: underline;\"><em>Z rysu historycznego<\/em><\/span><\/strong><br \/>\n<strong><span style=\"text-decoration: underline;\"><em> przedstawionego przez Prezesa OSP \u0141abunie dh Tadeusza Ga\u0142ka:<\/em><\/span><\/strong><\/p>\n<p style=\"text-align: left;\"><em>OSP w \u0141abuniach powsta\u0142o w 1916 r. z inicjatywy hr. Aleksandra Szeptyckiego oraz Jana Franczaka i Kami\u0144skiego. Pierwsz\u0105 pomp\u0119 stra\u017c otrzyma\u0142a w 1934 r. a samoch\u00f3d w 1951 r. (ameryka\u0144ski Studebaker). W 1946 r. w centrum \u0141abu\u0144 wybudowano pierwsz\u0105 stra\u017cnic\u0119 z materia\u0142\u00f3w po rozbi\u00f3rce barak\u00f3w z niemieckiego lotniska. Obecn\u0105 stra\u017cnic\u0119 wzniesiono w 1963 r.<\/em><br \/>\n<em> Funkcj\u0119 prezesa kolejno pe\u0142nili:<\/em><br \/>\n<em> 1916 -1945. \u2013 hr. Aleksander Szeptycki, 1945-1949 \u2013 Franciszek Dyjak, 1949-1953 \u2013 Kazimierz Siuma, 1953-1978 \u2013 Kazimierz Ciuraszkiewicz, 1978-1980 \u2013 Mieczys\u0142aw Pakos, 1980-1985 \u2013 Edward Sobczak, 1985-2000 \u2013 Janusz Chwedyk, 2000 \u2013 Krzysztof Pilipczuk, 2000- obecnie \u2013 Tadeusz Ga\u0142ek<\/em><br \/>\n<em> Naczelnicy:<\/em><br \/>\n<em> 1926-1944 \u2013 J\u00f3zef Kr\u00f3l, 1944-1955 \u2013 Micha\u0142 Soko\u0142owski, 1955-1970 \u2013 Franciszek Zwolak, 1970-1973 \u2013 Janusz Chwedyk, 1973-1980 \u2013 Boles\u0142aw Wilk, 1980-1990\u2013 Janusz Chwedyk, 1990-2000 \u2013 Bogus\u0142aw Zwolak, 2000-2011 \u2013 Henryk Kowalski, 2011- obecnie \u2013 S\u0142awomir Umyla\u0144ski,<\/em><br \/>\n<em> Pierwszy sztandar OSP zosta\u0142 po\u015bwi\u0119cony w 1930 r. Drugi spo\u0142ecze\u0144stwo ufundowa\u0142o w 1969 r. a trzeci w 2006 r. W 1986 r. OSP \u0141abunie zosta\u0142o odznaczone Z\u0142otym Medalem \u201eZa Zas\u0142ugi dla Po\u017carnictwa\u201d. Od 1995 OSP \u0141abunie w\u0142\u0105czone zosta\u0142o do KSRG.<\/em><br \/>\n<em> W 2003 r. zakupiono lekki samoch\u00f3d Ford Transit a w 2006 \u2013 \u015bredni samoch\u00f3d Star-MAN 4&#215;2. Pojazdy zosta\u0142y zakupione dzi\u0119ki zaanga\u017cowaniu obecnego W\u00f3jta Gminy \u0141abunie Antoniego Wojciecha Turczyna. Obecnie na wyposa\u017ceniu jednostki znajduje si\u0119 sprz\u0119t ga\u015bniczy, ratownictwa drogowego i medycznego; zakupiono now\u0105 motopomp\u0119, wyremontowano stra\u017cnic\u0119 i gara\u017ce. W 2015 r. zakupiono nowoczesny agregat pr\u0105dotw\u00f3rczy.<\/em><br \/>\n<em> \u0141abu\u0144ska jednostka jest aktywna, wykonuje statutowe zadania oraz dzia\u0142a na rzecz lokalnej spo\u0142eczno\u015bci.<\/em><\/p>\n<\/td>\n<\/tr>\n<\/tbody>\n<\/table>\n<p>&nbsp;<\/p>\n<p>Jubileusz jednostki to r\u00f3wnie\u017c pow\u00f3d do wr\u0119czenia odznacze\u0144, kt\u00f3re wr\u0119czali: dh Kazimierz Mielnicki, dh Antoni Wojciech Turczyn, dh Jan Jerzy Branecki i p\u0142k. Mieczys\u0142aw Skiba. Odznaczeni zostali:<\/p>\n<ul>\n<li>Uchwa\u0142\u0105 Prezydium Zarz\u0105du G\u0142\u00f3wnego Zwi\u0105zku Ochotniczych Stra\u017cy Po\u017carnych Rzeczypospolitej Polskiej Z\u0142otym Znakiem Zwi\u0105zku odznaczony zosta\u0142 dh Roman Dobek.<\/li>\n<li>Uchwa\u0142\u0105 Prezydium Zarz\u0105du Oddzia\u0142u Wojew\u00f3dzkiego Zwi\u0105zku Ochotniczych Stra\u017cy Po\u017carnych Rzeczypospolitej Polskiej w Lublinie Z\u0142otym medalem &#8220;Za zas\u0142ugi dla po\u017carnictwa&#8221; wyr\u00f3\u017cnieni zostali: dh Piotr Helman, dh Antoni Soko\u0142owski, dh Krzysztof Soko\u0142owski.<\/li>\n<li>Uchwa\u0142\u0105 Prezydium Zarz\u0105du Oddzia\u0142u Wojew\u00f3dzkiego Zwi\u0105zku Ochotniczych Stra\u017cy Po\u017carnych Rzeczypospolitej Polskiej w Lublinie Srebrnym medalem &#8220;Za zas\u0142ugi dla po\u017carnictwa&#8221; odznaczeni zostali Pan Jan Panasiewicz, dh S\u0142awomir Umyla\u0144ski, dh Zbigniew \u017buk, dh Dariusz \u017byczkiewicz.<\/li>\n<li>Uchwa\u0142\u0105 Prezydium Zarz\u0105du Oddzia\u0142u Wojew\u00f3dzkiego Zwi\u0105zku Ochotniczych Stra\u017cy Po\u017carnych Rzeczypospolitej Polskiej w Lublinie Br\u0105zowym medalem &#8220;Za zas\u0142ugi dla po\u017carnictwa&#8221; odznaczeni zostali: dh Stanis\u0142aw Bodys, dh Marek Korol, dh Tomasz Ku\u015bmierz, dh Piotr Malicki, dh Pawe\u0142 Paszt, dh Justyna Piskorz-Umyla\u0144ska, dh Marian Sereda.<\/li>\n<li>Uchwa\u0142\u0105 Prezydium Zarz\u0105du Oddzia\u0142u Powiatowego Zwi\u0105zku Ochotniczych Stra\u017cy Po\u017carnych Rzeczypospolitej Polskiej w Zamo\u015bciu Oznak\u0105 \u201eStra\u017cak Wzorowy\u201d odznaczeni zostali: dh Pawe\u0142 Ciuraszkiewicz, dh Rafa\u0142 Celi\u0144ski, dh Marzena Nawrocka, dh Krzysztof Nawrocki, dh Adam Nowosad, dh Maciej Nowosad, dh Karol Paszt, dh Stanis\u0142aw Paszt.<\/li>\n<li>Uchwa\u0142\u0105 Prezydium Zarz\u0105du Oddzia\u0142u Gminnego Zwi\u0105zku Ochotniczych Stra\u017cy Po\u017carnych Rzeczypospolitej Polskiej w \u0141abuniach Odznak\u0105 \u201eZa Wys\u0142ug\u0119 Lat\u201d odznaczeni zostali:\n<ul>\n<li>Odznak\u0119 \u201eZa Wys\u0142ug\u0119 Lat\u201d 70 lat otrzyma\u0142 dh Zenon Palonka;<\/li>\n<li>Odznak\u0119 \u201eZa Wys\u0142ug\u0119 Lat\u201d 55 lat otrzyma\u0142 dh J\u00f3zef Budzy\u0144ski;<\/li>\n<li>Odznaki \u201eZa Wys\u0142ug\u0119 Lat\u201d 50 lat otrzymali: dh Janusz Chwedyk, dh Mieczys\u0142aw Pakos;<\/li>\n<li>Odznak\u0119 \u201eZa Wys\u0142ug\u0119 Lat\u201d 45 lat: otrzyma\u0142 dh Zygmunt Pawe\u0142czuk;<\/li>\n<li>Odznaki \u201eZa Wys\u0142ug\u0119 Lat\u201d 40 lat otrzymali dh Tadeusz Ga\u0142ek, dh Henryk Kowalski, dh Roman Umyla\u0144ski;<\/li>\n<li>Odznaki \u201eZa Wys\u0142ug\u0119 Lat\u201d 35 lat otrzymali: dh Jan Burdzy, dh Roman Dobek, dh Antoni Soko\u0142owski, dh Bogus\u0142aw Zwolak;<\/li>\n<li>Odznak\u0119 \u201eZa Wys\u0142ug\u0119 Lat\u201d 30 lat otrzyma\u0142 dh Adam Niemczuk;<\/li>\n<li>Odznaki \u201eZa Wys\u0142ug\u0119 Lat\u201d 25 lat otrzymali: dh Marian Granda, dh Andrzej Niemczuk, dh Marek Semczuk, dh Krzysztof Soko\u0142owski;<\/li>\n<li>Odznaki \u201eZa Wys\u0142ug\u0119 Lat\u201d 20 lat otrzymali: dh Aleksander Ho\u0142ys, dh Marcin Ho\u0142ys, dh Jerzy Wiater;<\/li>\n<li>Odznaki \u201eZa Wys\u0142ug\u0119 Lat\u201d 15 lat otrzymali: dh Marek D\u0105browski, dh Aleksander Ku\u015bmirz, dh Pawe\u0142 Paszt, dh Marian Sereda;<\/li>\n<li>Odznaki \u201eZa Wys\u0142ug\u0119 Lat\u201d 10 lat otrzymali: dh Pawe\u0142 Ciuraszkiewicz, dh Piotr Helman;<\/li>\n<li>Odznaki \u201eZa Wys\u0142ug\u0119 Lat\u201d 5 lat otrzymali: dh Zbigniew Byczek, dh \u0141ukasz Knia\u017a, dh Adam Nowosad, dh Karol Paszt, dh Stanis\u0142aw Paszt, dh Justyna Piskorz-Umyla\u0144ska, dh S\u0142awomir Umyla\u0144ski, dh Antoni Wolski.<\/li>\n<\/ul>\n<\/li>\n<\/ul>\n<p>W czasie uroczysto\u015bci odczytano r\u00f3wnie\u017c \u017cyczenia dla jednostki. \u017byczenia nades\u0142ali: Prezes Zarz\u0105du G\u0142\u00f3wnego ZOSP RP dh Waldemar Pawlak i Prezes Zarz\u0105du Oddzia\u0142u Wojew\u00f3dzkiego ZOSP RP dh Marian Starownik.<br \/>\n&nbsp;<br \/>\n\u0141abu\u0144scy stra\u017cacy uhonorowali dh Antoniego Wojciecha Turczyna. Podzi\u0119kowali dla za wsparcie i pomoc w realizacji przedsi\u0119wzi\u0119\u0107 przekazuj\u0105c model samochodu Star 25.<br \/>\n&nbsp;<br \/>\nNatomiast obecny Zarz\u0105d Gminny wybrany 29 maja na VIII Zje\u017adzie Oddzia\u0142u Gminnego ZOSP RP w \u0141abuniach nada\u0142 Antoniemu Wojciechowi Turczynowi tytu\u0142 Honorowego Prezesa, dzi\u0119kuj\u0105c by\u0142emu prezesowi za d\u0142ugoletni\u0105 dzia\u0142alno\u015b\u0107 na rzecz ochrony ppo\u017c. oraz wspieranie Ochotniczych Stra\u017cy Po\u017carnych na terenie Gminy \u0141abunie.<br \/>\n&nbsp;<br \/>\nW\u00f3jt Gminy \u0141abunie Antoni Wojciech Turczyn z\u0142o\u017cy\u0142 podzi\u0119kowania poprzez wr\u0119czenie jubileuszowego medalu, dyplomu i okoliczno\u015bciowej publikacji pt. \u201eOSP \u0141abunie 1916-2016. 100 lat w s\u0142u\u017cbie Bogu, Ojczy\u017anie i bli\u017aniemu\u201d (aut. Piotr Piela):<\/p>\n<ul>\n<li>Podzi\u0119kowania W\u00f3jta Gminy \u0141abunie Antoniego Wojciecha Turczyna i Przewodnicz\u0105cego Rady Gminy \u0141abunie Adama Kniazia za wieloletni\u0105 s\u0142u\u017cb\u0119 w strukturach OSP \u0141abunie i prac\u0119 na rzecz ochrony ppo\u017c. otrzymali: dh Tadeusz Ga\u0142ek Prezes OSP \u0141abunie, dh Marek Semczuk Wiceprezes OSP \u0141abunie, dh S\u0142awomir Umyla\u0144ski Naczelnik OSP \u0141abunie, dh Piotr Helman Skarbnik OSP \u0141abunie, dh Roman Dobek Gospodarz OSP \u0141abunie, dh Zenon Palonka, dh Janusz Chwedyk, dh Henryk Kowalski, dh Pawe\u0142 Paszt, dh Maciej Nowosad.<\/li>\n<li>Podzi\u0119kowania W\u00f3jta Gminy \u0141abunie i Przewodnicz\u0105cego Rady Gminy \u0141abunie za trud i serce w\u0142o\u017cone w czasach zawodowej aktywno\u015bci w prac\u0119 z m\u0142odzie\u017c\u0105 szkoln\u0105 i sukcesy wychowank\u00f3w w rywalizacji sportowo-po\u017carniczej na szczeblu og\u00f3lnopolskim otrzyma\u0142 pan Jan Panasiewicz.<\/li>\n<li>Podzi\u0119kowania W\u00f3jta za wsparcie i pomoc dla druh\u00f3w OSP \u0141abunie otrzymali dh Kazimierz Mielnicki \u2013 Prezes Oddzia\u0142u Powiatowego Zwi\u0105zku OSP RP, bryg. Jacek Sobczy\u0144ski \u2013 Komendant Miejski Pa\u0144stwowej Stra\u017cy Po\u017carnej w Zamo\u015bciu, pan Adam Knia\u017a \u2013 Przewodnicz\u0105cy Rady Gminy \u0141abunie, pani Maria Pie\u0144kosz z Biura Terenowego Oddzia\u0142u Powiatowego Zwi\u0105zku OSP RP.<\/li>\n<li>W\u00f3jt podzi\u0119kowa\u0142 r\u00f3wnie\u017c za wieloletni\u0105 wsp\u00f3\u0142prac\u0119 Wies\u0142awie Sie\u0144kowskiej \u2013 W\u00f3jt Gminy Komar\u00f3w-Osada i Ryszardowi Gliwi\u0144skiemu \u2013 W\u00f3jtowi Gminy Zamo\u015b\u0107.<\/li>\n<li>Za pomoc i merytoryczn\u0105 wsp\u00f3\u0142prac\u0119 z OSP \u0141abunie W\u00f3jt podzi\u0119kowa\u0142 pracownikom Urz\u0119du Gminy w \u0141abuniach: panu Stanis\u0142awowi Gredysowi, pani Bo\u017cenie Juszczak-Tymczuk i panu Adamowi Soko\u0142owskiemu.<\/li>\n<li>Podzi\u0119kowanie W\u00f3jta za pomoc i wsp\u00f3\u0142prac\u0119 z OSP \u0141abunie otrzyma\u0142o r\u00f3wnie\u017c Ko\u0142o Gospody\u0144 Wiejskich w \u0141abuniach.<\/li>\n<li>Podzi\u0119kowania W\u00f3jta za zredagowanie publikacji pt. \u201eOSP \u0141abunie 1916-2016. 100 lat w s\u0142u\u017cbie Bogu, Ojczy\u017anie i bli\u017aniemu\u201d otrzyma\u0142 autor publikacji pan Piotr Piela oraz Kierownik Biblioteki Publicznej w \u0141abuniach pan Bogdan Szyku\u0142a.<\/li>\n<\/ul>\n<p>Uroczysto\u015b\u0107 zako\u0144czy\u0142a si\u0119 wyg\u0142oszeniem przez zaproszonych go\u015bci okoliczno\u015bciowych przem\u00f3wie\u0144.<\/p>\n<p>[lg_folder folder=&#8221;20160605a\/&#8221; count=&#8221;73&#8243; paging=&#8221;false&#8221;]<\/p>\n","protected":false},"excerpt":{"rendered":"<p>5 czerwca 2016 r. Ochotnicza Stra\u017c Po\u017carna w \u0141abuniach \u015bwi\u0119towa\u0142a jubileusz 100-lecia dzia\u0142alno\u015bci. &nbsp; &nbsp; &nbsp; &nbsp;<\/p>\n","protected":false},"author":7,"featured_media":3541,"comment_status":"closed","ping_status":"closed","sticky":false,"template":"","format":"standard","meta":{"footnotes":""},"categories":[1],"tags":[],"class_list":["post-3540","post","type-post","status-publish","format-standard","has-post-thumbnail","hentry","category-wpisy","clearfix"],"_links":{"self":[{"href":"https:\/\/www.labunie.com.pl\/index.php?rest_route=\/wp\/v2\/posts\/3540","targetHints":{"allow":["GET"]}}],"collection":[{"href":"https:\/\/www.labunie.com.pl\/index.php?rest_route=\/wp\/v2\/posts"}],"about":[{"href":"https:\/\/www.labunie.com.pl\/index.php?rest_route=\/wp\/v2\/types\/post"}],"author":[{"embeddable":true,"href":"https:\/\/www.labunie.com.pl\/index.php?rest_route=\/wp\/v2\/users\/7"}],"replies":[{"embeddable":true,"href":"https:\/\/www.labunie.com.pl\/index.php?rest_route=%2Fwp%2Fv2%2Fcomments&post=3540"}],"version-history":[{"count":5,"href":"https:\/\/www.labunie.com.pl\/index.php?rest_route=\/wp\/v2\/posts\/3540\/revisions"}],"predecessor-version":[{"id":12126,"href":"https:\/\/www.labunie.com.pl\/index.php?rest_route=\/wp\/v2\/posts\/3540\/revisions\/12126"}],"wp:featuredmedia":[{"embeddable":true,"href":"https:\/\/www.labunie.com.pl\/index.php?rest_route=\/wp\/v2\/media\/3541"}],"wp:attachment":[{"href":"https:\/\/www.labunie.com.pl\/index.php?rest_route=%2Fwp%2Fv2%2Fmedia&parent=3540"}],"wp:term":[{"taxonomy":"category","embeddable":true,"href":"https:\/\/www.labunie.com.pl\/index.php?rest_route=%2Fwp%2Fv2%2Fcategories&post=3540"},{"taxonomy":"post_tag","embeddable":true,"href":"https:\/\/www.labunie.com.pl\/index.php?rest_route=%2Fwp%2Fv2%2Ftags&post=3540"}],"curies":[{"name":"wp","href":"https:\/\/api.w.org\/{rel}","templated":true}]}}