{"id":3531,"date":"2016-06-03T11:33:48","date_gmt":"2016-06-03T09:33:48","guid":{"rendered":"https:\/\/www.labunie.com.pl\/?p=3531"},"modified":"2016-06-03T11:33:48","modified_gmt":"2016-06-03T09:33:48","slug":"dzien-dziecka-w-mocowce","status":"publish","type":"post","link":"https:\/\/www.labunie.com.pl\/?p=3531","title":{"rendered":"Dzie\u0144 dziecka w Moc\u00f3wce"},"content":{"rendered":"<p><strong>KGW Moc\u00f3wka zaprasza wszystkie dzieci na obchody dnia dziecka przy \u015bwietlicy wiejskiej w Moc\u00f3wce w niedziel\u0119, 5 czerwca 2016 r. od godz. 16.<\/strong><\/p>\n<p><!--more--><\/p>\n<p><a href=\"https:\/\/www.labunie.com.pl\/wp-content\/uploads\/2016\/06\/dd-mocowka_16p.png\" data-rel=\"lightbox-gallery-ElOOCnrg\" data-rl_title=\"\" data-rl_caption=\"\" title=\"\"><img loading=\"lazy\" decoding=\"async\" class=\"aligncenter size-full wp-image-3533\" src=\"https:\/\/www.labunie.com.pl\/wp-content\/uploads\/2016\/06\/dd-mocowka_16p.png\" alt=\"dd-mocowka_16p\" width=\"630\" height=\"895\" srcset=\"https:\/\/www.labunie.com.pl\/wp-content\/uploads\/2016\/06\/dd-mocowka_16p.png 630w, https:\/\/www.labunie.com.pl\/wp-content\/uploads\/2016\/06\/dd-mocowka_16p-211x300.png 211w\" sizes=\"auto, (max-width: 630px) 100vw, 630px\" \/><\/a><\/p>\n","protected":false},"excerpt":{"rendered":"<p>KGW Moc\u00f3wka zaprasza wszystkie dzieci na obchody dnia dziecka przy \u015bwietlicy wiejskiej w Moc\u00f3wce w niedziel\u0119, 5 czerwca 2016 r. od godz. 16.<\/p>\n","protected":false},"author":7,"featured_media":3532,"comment_status":"closed","ping_status":"closed","sticky":false,"template":"","format":"standard","meta":{"footnotes":""},"categories":[1],"tags":[],"class_list":["post-3531","post","type-post","status-publish","format-standard","has-post-thumbnail","hentry","category-wpisy","clearfix"],"_links":{"self":[{"href":"https:\/\/www.labunie.com.pl\/index.php?rest_route=\/wp\/v2\/posts\/3531","targetHints":{"allow":["GET"]}}],"collection":[{"href":"https:\/\/www.labunie.com.pl\/index.php?rest_route=\/wp\/v2\/posts"}],"about":[{"href":"https:\/\/www.labunie.com.pl\/index.php?rest_route=\/wp\/v2\/types\/post"}],"author":[{"embeddable":true,"href":"https:\/\/www.labunie.com.pl\/index.php?rest_route=\/wp\/v2\/users\/7"}],"replies":[{"embeddable":true,"href":"https:\/\/www.labunie.com.pl\/index.php?rest_route=%2Fwp%2Fv2%2Fcomments&post=3531"}],"version-history":[{"count":1,"href":"https:\/\/www.labunie.com.pl\/index.php?rest_route=\/wp\/v2\/posts\/3531\/revisions"}],"predecessor-version":[{"id":3534,"href":"https:\/\/www.labunie.com.pl\/index.php?rest_route=\/wp\/v2\/posts\/3531\/revisions\/3534"}],"wp:featuredmedia":[{"embeddable":true,"href":"https:\/\/www.labunie.com.pl\/index.php?rest_route=\/wp\/v2\/media\/3532"}],"wp:attachment":[{"href":"https:\/\/www.labunie.com.pl\/index.php?rest_route=%2Fwp%2Fv2%2Fmedia&parent=3531"}],"wp:term":[{"taxonomy":"category","embeddable":true,"href":"https:\/\/www.labunie.com.pl\/index.php?rest_route=%2Fwp%2Fv2%2Fcategories&post=3531"},{"taxonomy":"post_tag","embeddable":true,"href":"https:\/\/www.labunie.com.pl\/index.php?rest_route=%2Fwp%2Fv2%2Ftags&post=3531"}],"curies":[{"name":"wp","href":"https:\/\/api.w.org\/{rel}","templated":true}]}}