{"id":32037,"date":"2023-06-27T07:46:04","date_gmt":"2023-06-27T05:46:04","guid":{"rendered":"https:\/\/www.labunie.com.pl\/?p=32037"},"modified":"2023-06-27T07:46:05","modified_gmt":"2023-06-27T05:46:05","slug":"niezwyczajni-ludzie-w-niezwyklym-miejscu","status":"publish","type":"post","link":"https:\/\/www.labunie.com.pl\/?p=32037","title":{"rendered":"Niezwyczajni ludzie w niezwyk\u0142ym miejscu"},"content":{"rendered":"\n<p><strong>Obchodom jubileuszu biblioteki towarzyszy\u0142a wystawa fotografii portretowej Andrzeja L. Szumowskiego, \u201eNIEZWYCZAJNI LUDZIE W\u00a0NIEZWYK\u0141YM MIEJSCU\u201d. Wystawa jest zapisem os\u00f3b z terenu gminy \u0141abunie i ich opowie\u015bci w 2023 roku. <\/strong><\/p>\n\n\n\n<!--more-->\n\n\n\n<div style=\"height:50px\" aria-hidden=\"true\" class=\"wp-block-spacer\"><\/div>\n\n\n\n<p>W 75. lat po powstaniu plac\u00f3wki. W\u015br\u00f3d portretowanych s\u0105 osoby zwi\u0105zane z bibliotek\u0105. Zechcia\u0142y opowiedzie\u0107 o swojej pracy. S\u0105 te\u017c czytelnicy dla kt\u00f3rych ksi\u0105\u017cka ma szczeg\u00f3ln\u0105 warto\u015b\u0107, ale i autorzy bibliotecznych wydawnictw. Wyraziste fotografie w miejscach, gdzie portretowani przebywaj\u0105, mieszkaj\u0105 zosta\u0142y wzbogacone o cytaty z ich wspomnie\u0144. Wystaw\u0119 mo\u017cna ogl\u0105da\u0107 w holu biblioteki (ul. Orzechowa 10) do ko\u0144ca wakacji.<\/p>\n\n\n\n<div style=\"height:50px\" aria-hidden=\"true\" class=\"wp-block-spacer\"><\/div>\n\n\n\n<figure class=\"wp-block-gallery columns-2 is-cropped wp-block-gallery-1 is-layout-flex wp-block-gallery-is-layout-flex\"><ul class=\"blocks-gallery-grid\"><li class=\"blocks-gallery-item\"><figure><a href=\"https:\/\/www.labunie.com.pl\/wp-content\/uploads\/2023\/06\/wystawa_75_001-scaled.jpg\" data-rel=\"lightbox-gallery-PuRFpHje\" data-rl_title=\"\" data-rl_caption=\"\" title=\"\"><img loading=\"lazy\" decoding=\"async\" width=\"1024\" height=\"472\" src=\"https:\/\/www.labunie.com.pl\/wp-content\/uploads\/2023\/06\/wystawa_75_001-1024x472.jpg\" alt=\"\" data-id=\"32038\" data-full-url=\"https:\/\/www.labunie.com.pl\/wp-content\/uploads\/2023\/06\/wystawa_75_001-scaled.jpg\" data-link=\"https:\/\/www.labunie.com.pl\/?attachment_id=32038\" class=\"wp-image-32038\" srcset=\"https:\/\/www.labunie.com.pl\/wp-content\/uploads\/2023\/06\/wystawa_75_001-1024x472.jpg 1024w, https:\/\/www.labunie.com.pl\/wp-content\/uploads\/2023\/06\/wystawa_75_001-300x138.jpg 300w, https:\/\/www.labunie.com.pl\/wp-content\/uploads\/2023\/06\/wystawa_75_001-768x354.jpg 768w, https:\/\/www.labunie.com.pl\/wp-content\/uploads\/2023\/06\/wystawa_75_001-1536x708.jpg 1536w, https:\/\/www.labunie.com.pl\/wp-content\/uploads\/2023\/06\/wystawa_75_001-2048x944.jpg 2048w\" sizes=\"auto, (max-width: 1024px) 100vw, 1024px\" \/><\/a><\/figure><\/li><li class=\"blocks-gallery-item\"><figure><a href=\"https:\/\/www.labunie.com.pl\/wp-content\/uploads\/2023\/06\/wystawa_75_002.jpg\" data-rel=\"lightbox-gallery-PuRFpHje\" data-rl_title=\"\" data-rl_caption=\"\" title=\"\"><img loading=\"lazy\" decoding=\"async\" width=\"900\" height=\"601\" src=\"https:\/\/www.labunie.com.pl\/wp-content\/uploads\/2023\/06\/wystawa_75_002.jpg\" alt=\"\" data-id=\"32039\" data-full-url=\"https:\/\/www.labunie.com.pl\/wp-content\/uploads\/2023\/06\/wystawa_75_002.jpg\" data-link=\"https:\/\/www.labunie.com.pl\/?attachment_id=32039\" class=\"wp-image-32039\" srcset=\"https:\/\/www.labunie.com.pl\/wp-content\/uploads\/2023\/06\/wystawa_75_002.jpg 900w, https:\/\/www.labunie.com.pl\/wp-content\/uploads\/2023\/06\/wystawa_75_002-300x200.jpg 300w, https:\/\/www.labunie.com.pl\/wp-content\/uploads\/2023\/06\/wystawa_75_002-768x513.jpg 768w\" sizes=\"auto, (max-width: 900px) 100vw, 900px\" \/><\/a><\/figure><\/li><\/ul><\/figure>\n\n\n\n<p class=\"has-text-align-right\"><em>A. Sz.<\/em><\/p>\n","protected":false},"excerpt":{"rendered":"<p>Obchodom jubileuszu biblioteki towarzyszy\u0142a wystawa fotografii portretowej Andrzeja L. Szumowskiego, \u201eNIEZWYCZAJNI LUDZIE W\u00a0NIEZWYK\u0141YM MIEJSCU\u201d. Wystawa jest zapisem os\u00f3b z terenu gminy \u0141abunie i ich opowie\u015bci w 2023 roku.<\/p>\n","protected":false},"author":7,"featured_media":23316,"comment_status":"closed","ping_status":"closed","sticky":false,"template":"","format":"standard","meta":{"footnotes":""},"categories":[1],"tags":[],"class_list":["post-32037","post","type-post","status-publish","format-standard","has-post-thumbnail","hentry","category-wpisy","clearfix"],"_links":{"self":[{"href":"https:\/\/www.labunie.com.pl\/index.php?rest_route=\/wp\/v2\/posts\/32037","targetHints":{"allow":["GET"]}}],"collection":[{"href":"https:\/\/www.labunie.com.pl\/index.php?rest_route=\/wp\/v2\/posts"}],"about":[{"href":"https:\/\/www.labunie.com.pl\/index.php?rest_route=\/wp\/v2\/types\/post"}],"author":[{"embeddable":true,"href":"https:\/\/www.labunie.com.pl\/index.php?rest_route=\/wp\/v2\/users\/7"}],"replies":[{"embeddable":true,"href":"https:\/\/www.labunie.com.pl\/index.php?rest_route=%2Fwp%2Fv2%2Fcomments&post=32037"}],"version-history":[{"count":1,"href":"https:\/\/www.labunie.com.pl\/index.php?rest_route=\/wp\/v2\/posts\/32037\/revisions"}],"predecessor-version":[{"id":32040,"href":"https:\/\/www.labunie.com.pl\/index.php?rest_route=\/wp\/v2\/posts\/32037\/revisions\/32040"}],"wp:featuredmedia":[{"embeddable":true,"href":"https:\/\/www.labunie.com.pl\/index.php?rest_route=\/wp\/v2\/media\/23316"}],"wp:attachment":[{"href":"https:\/\/www.labunie.com.pl\/index.php?rest_route=%2Fwp%2Fv2%2Fmedia&parent=32037"}],"wp:term":[{"taxonomy":"category","embeddable":true,"href":"https:\/\/www.labunie.com.pl\/index.php?rest_route=%2Fwp%2Fv2%2Fcategories&post=32037"},{"taxonomy":"post_tag","embeddable":true,"href":"https:\/\/www.labunie.com.pl\/index.php?rest_route=%2Fwp%2Fv2%2Ftags&post=32037"}],"curies":[{"name":"wp","href":"https:\/\/api.w.org\/{rel}","templated":true}]}}