{"id":28607,"date":"2022-12-06T11:26:53","date_gmt":"2022-12-06T10:26:53","guid":{"rendered":"https:\/\/www.labunie.com.pl\/?p=28607"},"modified":"2022-12-06T11:26:54","modified_gmt":"2022-12-06T10:26:54","slug":"ogloszenie-dla-organizacji-pozarzadowych-z-gminy-labunie","status":"publish","type":"post","link":"https:\/\/www.labunie.com.pl\/?p=28607","title":{"rendered":"Og\u0142oszenie dla organizacji pozarz\u0105dowych z gminy \u0141abunie"},"content":{"rendered":"\n<p><strong>Og\u0142oszenie o naborze reprezentant\u00f3w zorganizowanego spo\u0142ecze\u0144stwa obywatelskiego do sk\u0142adu Komitetu Monitoruj\u0105cego Program Fundusze Europejskie dla Lubelskiego 2021-2027<\/strong><\/p>\n\n\n\n<div style=\"height:13px\" aria-hidden=\"true\" class=\"wp-block-spacer\"><\/div>\n\n\n\n<!--more-->\n\n\n\n<p>Komisja Wyborcza ustanowiona w ramach procedury naboru do Komitetu Monitoruj\u0105cego Program Fundusze Europejskie dla Lubelskiego 2021-2027 dzia\u0142aj\u0105c na podstawie Ordynacji Wyborczej stanowi\u0105cej Za\u0142\u0105cznik nr 1 do uchwa\u0142y nr 95 Rady Dzia\u0142alno\u015bci Po\u017cytku Publicznego z dnia 10 listopada 2022 r. w sprawie ordynacji w sprawie zmiany uchwa\u0142y nr 83 Rady Dzia\u0142alno\u015bci Po\u017cytku Publicznego z dnia 14 pa\u017adziernika 2022 r. w sprawie procedury wy\u0142aniania organizacji pozarz\u0105dowych do sk\u0142ad\u00f3w komitet\u00f3w monitoruj\u0105cych programy polityki sp\u00f3jno\u015bci na lata 2021-2027. (zwanej dalej Ordynacj\u0105) og\u0142asza nab\u00f3r reprezentant\u00f3w zorganizowanego spo\u0142ecze\u0144stwa obywatelskiego (zwanych dalej Organizacjami) kandyduj\u0105cych zgodnie \u00a7 13 ust 2 Ordynacji do sk\u0142adu Komitetu Monitoruj\u0105cego Program Fundusze Europejskie dla Lubelskiego 2021-2027 (zwanego dalej KM FEL).<\/p>\n<p>Nab\u00f3r obejmuje wyb\u00f3r 10 organizacji do sk\u0142adu KM FEL.<\/p>\n<p>Formularz zg\u0142oszeniowy wraz z za\u0142\u0105cznikami nale\u017cy przes\u0142a\u0107 w wersji elektronicznej nieprzekraczalnie do <strong>12 grudnia 2022 r.<\/strong> (poniedzia\u0142ek) do godz. 23:59:59 na adres e-mail: <strong>rdpp@lubelskie.pl<\/strong> wpisuj\u0105c w tytule wiadomo\u015bci: <strong>\u201eZG\u0141OSZENIE DO KM FEL\u201d.<\/strong><\/p>\n<p>Wz\u00f3r formularza zg\u0142oszeniowego stanowi <strong>\u201eFormularz zg\u0142oszeniowy KM FEL\u201d.<\/strong><\/p>\n<p>Szczeg\u00f3\u0142owe informacje co do warunk\u00f3w naboru s\u0105 zawarte w za\u0142\u0105czniku pn. <strong>\u201eOg\u0142oszenie naboru KM FEL\u201d.<\/strong><\/p>\n<p><strong>Za\u0142\u0105czniki:<\/strong><\/p>\n<ol>\n<li><a href=\"https:\/\/promocja.lubelskie.pl\/wp-content\/uploads\/2022\/12\/Og\u0142oszenie-naboru-FEL-KM-1.pdf\">\u00a0Og\u0142oszenie naboru KM FEL,<\/a><\/li>\n<li><a href=\"https:\/\/promocja.lubelskie.pl\/wp-content\/uploads\/2022\/12\/KALENDARZWYBORYKM.pdf\">\u00a0Kalendarz wyborczy KM FEL,<\/a><\/li>\n<li><a href=\"https:\/\/promocja.lubelskie.pl\/wp-content\/uploads\/2022\/12\/Uchwa\u0142a-95-002-1.pdf\">\u00a0Uchwa\u0142a nr 95 Rady Dzia\u0142alno\u015bci Po\u017cytku Publicznego z dnia 10 listopada 2022 r.,<\/a><\/li>\n<li><a href=\"https:\/\/promocja.lubelskie.pl\/wp-content\/uploads\/2022\/12\/Ordynacja-wyborcza-10.11.22-r..pdf\">Ordynacja Wyborcza \u2013 Za\u0142\u0105cznik nr 1,<\/a><\/li>\n<li><a href=\"https:\/\/promocja.lubelskie.pl\/wp-content\/uploads\/2022\/12\/Zalacznik_nr_2_Formularz_ZgloszeniowyKMFEL-3.docx\">Formularz zg\u0142oszeniowy KM FEL \u2013 Za\u0142\u0105cznik nr 2.<\/a><\/li>\n<\/ol>\n","protected":false},"excerpt":{"rendered":"<p>Og\u0142oszenie o naborze reprezentant\u00f3w zorganizowanego spo\u0142ecze\u0144stwa obywatelskiego do sk\u0142adu Komitetu Monitoruj\u0105cego Program Fundusze Europejskie dla Lubelskiego 2021-2027<\/p>\n","protected":false},"author":11,"featured_media":28609,"comment_status":"closed","ping_status":"closed","sticky":false,"template":"","format":"standard","meta":{"footnotes":""},"categories":[22],"tags":[],"class_list":["post-28607","post","type-post","status-publish","format-standard","has-post-thumbnail","hentry","category-ogloszenia","clearfix"],"_links":{"self":[{"href":"https:\/\/www.labunie.com.pl\/index.php?rest_route=\/wp\/v2\/posts\/28607","targetHints":{"allow":["GET"]}}],"collection":[{"href":"https:\/\/www.labunie.com.pl\/index.php?rest_route=\/wp\/v2\/posts"}],"about":[{"href":"https:\/\/www.labunie.com.pl\/index.php?rest_route=\/wp\/v2\/types\/post"}],"author":[{"embeddable":true,"href":"https:\/\/www.labunie.com.pl\/index.php?rest_route=\/wp\/v2\/users\/11"}],"replies":[{"embeddable":true,"href":"https:\/\/www.labunie.com.pl\/index.php?rest_route=%2Fwp%2Fv2%2Fcomments&post=28607"}],"version-history":[{"count":1,"href":"https:\/\/www.labunie.com.pl\/index.php?rest_route=\/wp\/v2\/posts\/28607\/revisions"}],"predecessor-version":[{"id":28608,"href":"https:\/\/www.labunie.com.pl\/index.php?rest_route=\/wp\/v2\/posts\/28607\/revisions\/28608"}],"wp:featuredmedia":[{"embeddable":true,"href":"https:\/\/www.labunie.com.pl\/index.php?rest_route=\/wp\/v2\/media\/28609"}],"wp:attachment":[{"href":"https:\/\/www.labunie.com.pl\/index.php?rest_route=%2Fwp%2Fv2%2Fmedia&parent=28607"}],"wp:term":[{"taxonomy":"category","embeddable":true,"href":"https:\/\/www.labunie.com.pl\/index.php?rest_route=%2Fwp%2Fv2%2Fcategories&post=28607"},{"taxonomy":"post_tag","embeddable":true,"href":"https:\/\/www.labunie.com.pl\/index.php?rest_route=%2Fwp%2Fv2%2Ftags&post=28607"}],"curies":[{"name":"wp","href":"https:\/\/api.w.org\/{rel}","templated":true}]}}