{"id":26894,"date":"2022-07-28T09:45:29","date_gmt":"2022-07-28T07:45:29","guid":{"rendered":"https:\/\/www.labunie.com.pl\/?p=26894"},"modified":"2022-07-28T09:46:36","modified_gmt":"2022-07-28T07:46:36","slug":"tydzien-turystyki-rowerowej-bikeowe-roztocze","status":"publish","type":"post","link":"https:\/\/www.labunie.com.pl\/?p=26894","title":{"rendered":"Tydzie\u0144 Turystyki Rowerowej &#8211; Bike&#8217;owe Roztocze"},"content":{"rendered":"\n<p><strong>W imieniu organizator\u00f3w zapraszamy do wzi\u0119cia udzia\u0142u w rajdach rowerowych realizowanych w ramach wydarzenia pn. &#8220;Tydzie\u0144 Turystyki Rowerowej &#8211; Bike&#8217;owe Roztocze&#8221; przez Lubelsk\u0105 Regionaln\u0105 Organizacj\u0119 Turystyczn\u0105, Gmin\u0119 Jan\u00f3w Lubelski, Urz\u0105d Miejski w Zwierzy\u0144cu oraz Stowarzyszenie Samorz\u0105d\u00f3w Euroregion Roztocze.<\/strong><\/p>\n\n\n\n<div style=\"height:11px\" aria-hidden=\"true\" class=\"wp-block-spacer\"><\/div>\n\n\n\n<!--more-->\n\n\n\n<p>Ruszy\u0142y zapisy na rajdy rowerowe w ramach wydarzenia \u201e<strong>Tydzie\u0144 Turystyki Rowerowej \u2013 Bike\u2019owe Roztocze<\/strong>\u201d organizowanego przez Lubelsk\u0105 Regionaln\u0105 Organizacj\u0119 Turystyczn\u0105, Gmin\u0119 Jan\u00f3w Lubelski, Urz\u0105d Miejski w Zwierzy\u0144cu oraz Stowarzyszenie Samorz\u0105d\u00f3w Euroregion Roztocze. Partnerami wydarzenia s\u0105 Miejski O\u015brodek Sportu i Rekreacji w Janowie Lubelskim, Bike Club Jan\u00f3w Lubelski, Roztocza\u0144ski Park Narodowy, Miasto Tomasz\u00f3w Lubelski, Tomaszowski Dom Kultury oraz Miasto i Gmina Narol.<\/p>\n<p><strong>Partnerem Honorowym wydarzenia jest Urz\u0105d Marsza\u0142kowski Wojew\u00f3dztwa Lubelskiego.<\/strong><\/p>\n<p>Celem rajd\u00f3w jest propagowanie aktywnego sp\u0119dzania czasu poprzez turystyk\u0119 rowerow\u0105 oraz promowanie atrakcji przyrodniczych, turystycznych i historycznych Roztocza.<\/p>\n<p>Aby wzi\u0105\u0107 udzia\u0142 w rajdach nale\u017cy przes\u0142a\u0107 wype\u0142nion\u0105 Kart\u0119 Zg\u0142oszeniow\u0105 oraz, je\u015bli dotyczy, O\u015bwiadczenie dla osoby niepe\u0142noletniej na adres mailowy: <strong>info@lrot.pl do dnia 10 sierpnia 2022 r. do godziny 15:00<\/strong>. Mo\u017cna r\u00f3wnie\u017c wype\u0142ni\u0107 formularz online*: <a class=\"ek-link\" href=\"https:\/\/bit.ly\/3Bc2W5W\">https:\/\/bit.ly\/3Bc2W5W<\/a><\/p>\n<p>*Uczestnik b\u0119dzie musia\u0142 wype\u0142ni\u0107 kart\u0119 zg\u0142oszeniow\u0105 w dniu rajdu, podczas rejestracji uczestnik\u00f3w. W celu usprawnienia rejestracji, prosimy o wype\u0142nienie karty wcze\u015bniej i podpisanie jej w obecno\u015bci osoby rejestruj\u0105cej w dniu rajdu.<\/p>\n<p>Jedna karta zg\u0142oszeniowa uprawnia do wzi\u0119cia udzia\u0142u w jednym rajdzie. Uczestnik mo\u017ce wzi\u0105\u0107 udzia\u0142 we wszystkich rajdach. Konieczne jest wype\u0142nienie karty zg\u0142oszeniowej\/formularza online kilkukrotnie.<\/p>\n<p><strong>Wype\u0142nienie i podpisanie karty zg\u0142oszeniowej lub wype\u0142nienie formularza online jest r\u00f3wnoznaczne z zaakceptowaniem warunk\u00f3w regulaminu.<\/strong><\/p>\n<p>Po przes\u0142aniu Karty Zg\u0142oszeniowej na adres e-mail: info@lrot.pl lub wype\u0142nieniu formularza online uczestnik otrzyma potwierdzenie uczestnictwa, na wskazany w zg\u0142oszeniu adres e-mail.<\/p>\n<p>Udzia\u0142 w Rajdach jest bezp\u0142atny. Maksymalna ilo\u015b\u0107 uczestnik\u00f3w to 150 os\u00f3b. Je\u017celi liczba zg\u0142osze\u0144 przekroczy 150 os\u00f3b, b\u0119dzie decydowa\u0107 kolejno\u015b\u0107 zg\u0142osze\u0144.<\/p>\n<p>Ze wzgl\u0119d\u00f3w bezpiecze\u0144stwa Organizatorzy wymagaj\u0105 od uczestnik\u00f3w posiadania kask\u00f3w rowerowych oraz u\u017cywania kamizelek odblaskowych lub\/i innych element\u00f3w zwi\u0119kszaj\u0105cych widoczno\u015b\u0107 uczestnik\u00f3w na drodze. Ze wzgl\u0119du na d\u0142ugi dystans trasy zaleca si\u0119 udzia\u0142 uczestnik\u00f3w o dobrej kondycji fizycznej. Kamizelki odblaskowe zostan\u0105 zagwarantowane przez Organizatora wydarzenia.<\/p>\n<p>W Rajdzie mog\u0105 wzi\u0105\u0107 udzia\u0142:<\/p>\n<ul>\n<li>osoby pe\u0142noletnie,<\/li>\n<li>osoby w wieku 16-17 lat,&nbsp; po przedstawieniu wype\u0142nionej i podpisanej karty zg\u0142oszeniowej oraz podpisanego przez rodzica\/opiekuna prawnego zezwolenie na udzia\u0142 osoby niepe\u0142noletniej w wydarzeniu \u201eTydzie\u0144 Turystyki Rowerowej \u2013 Bike\u2019owe Roztocze\u201d<\/li>\n<li>osoby poni\u017cej 16. roku \u017cycia tylko pod opiek\u0105 rodzic\u00f3w\/opiekun\u00f3w prawnych na ich wy\u0142\u0105czn\u0105 odpowiedzialno\u015b\u0107.<\/li>\n<\/ul>\n<p>W ramach wydarzenia pn. \u201e<strong>Tydzie\u0144 Turystyki Rowerowej \u2013 Bike\u2019owe Roztocze\u201d, odb\u0119dzie si\u0119 pi\u0119\u0107 rajd\u00f3w, w tym dwie kr\u00f3tsze trasy, przeznaczone dla rodzin z dzie\u0107mi i m\u0142odzie\u017cy.<\/strong><\/p>\n<ul>\n<li><strong>Rajd organizowany przez Gmin\u0119 Jan\u00f3w Lubelski, d\u0142ugi dystans<\/strong><\/li>\n<\/ul>\n<p>Termin: 13 sierpnia 2022 r.<\/p>\n<p>Start i Meta: ZOOM NATURY w Janowie Lubelskim, godzina 9.00<\/p>\n<p>Trasa: Jan\u00f3w Lubelski, Park Rekreacji ZOOM NATURY \u2013 Kruczek \u2013 Porytowe Wzg\u00f3rze \u2013 Momoty G\u00f3rne \u2013 Szklarnia \u2013 \u0141\u0105\u017cek Garncarski \u2013 Rezerwat Imielty \u0141ug \u2013 \u0141\u0105\u017cek Garncarski \u2013 Kruczek \u2013 Jan\u00f3w Lubelski, Park Rekreacji ZOOM NATURY<\/p>\n<p>D\u0142ugo\u015b\u0107 trasy: 72 km<\/p>\n<p><a class=\"ek-link\" href=\"https:\/\/www.lrot.pl\/wp-content\/uploads\/2022\/07\/Regulamin-Rajd\u00f3w-Jan\u00f3w-Lubelski.pdf\">Regulamin rajdu<\/a><\/p>\n<p><a class=\"ek-link\" href=\"https:\/\/www.lrot.pl\/wp-content\/uploads\/2022\/07\/Karta-Zg\u0142oszeniowa.pdf\">Karta Zg\u0142oszeniowa<\/a><\/p>\n<ul>\n<li><strong>Rajd organizowany przez Gmin\u0119 Jan\u00f3w Lubelski, kr\u00f3tki dystans<\/strong><\/li>\n<\/ul>\n<p>Termin: 13 sierpnia 2022 r.<\/p>\n<p>Start i Meta: ZOOM NATURY w Janowie Lubelskim, godzina 9.00<\/p>\n<p>Trasa: Jan\u00f3w Lubelski, Park Rekreacji ZOOM NATURY \u2013 Kruczek \u2013 Porytowe Wzg\u00f3rze \u2013 Szklarnia \u2013 Kruczek \u2013 Jan\u00f3w Lubelski, Park Rekreacji ZOOM NATURY<\/p>\n<p>D\u0142ugo\u015b\u0107 trasy: 30 km<\/p>\n<p><a class=\"ek-link\" href=\"https:\/\/www.lrot.pl\/wp-content\/uploads\/2022\/07\/Regulamin-Rajd\u00f3w-Jan\u00f3w-Lubelski-1.pdf\">Regulamin rajdu<\/a><\/p>\n<p><a class=\"ek-link\" href=\"https:\/\/www.lrot.pl\/wp-content\/uploads\/2022\/07\/Karta-Zg\u0142oszeniowa-1.pdf\">Karta Zg\u0142oszeniowa<\/a><\/p>\n<ul>\n<li><strong>Rajd organizowany przez Urz\u0105d Miejski w Zwierzy\u0144cu, d\u0142ugi dystans<\/strong><\/li>\n<\/ul>\n<p>Termin: 17 sierpnia 2022 r.<\/p>\n<p>Start i Meta: Park Zwierzy\u0144czyk w Zwierzy\u0144cu, godzina 9.00<\/p>\n<p>Trasa: Park Zwierzy\u0144czyk w Zwierzy\u0144cu \u2013 Brody \u2013 Kaw\u0119czynek \u2013 Szczebrzeszyn \u2013 Kososbudy B\u00f3r \u2013 Guci\u00f3w \u2013 Lasowe \u2013 Stara Huta \u2013 G\u00f3rniki Stare \u2013 J\u00f3zef\u00f3w \u2013 G\u00f3recko Ko\u015bcielne \u2013 Florianka \u2013 Park Zwierzy\u0144czyk w Zwierzy\u0144cu<\/p>\n<p>D\u0142ugo\u015b\u0107 trasy: 83 km<\/p>\n<p><a class=\"ek-link\" href=\"https:\/\/www.lrot.pl\/wp-content\/uploads\/2022\/07\/Regulamin-Rajd\u00f3w-Zwierzyniec.pdf\">Regulamin rajdu<\/a><\/p>\n<p><a class=\"ek-link\" href=\"https:\/\/www.lrot.pl\/wp-content\/uploads\/2022\/07\/Karta-Zg\u0142oszeniowa-2.pdf\">Karta Zg\u0142oszeniowa<\/a><\/p>\n<ul>\n<li><strong>Rajd organizowany przez Urz\u0105d Miejski w Zwierzy\u0144cu, kr\u00f3tki dystans<\/strong><\/li>\n<\/ul>\n<p>Termin: 17 sierpnia 2022<\/p>\n<p>Start i Meta: Park Zwierzy\u0144czyk w Zwierzy\u0144cu, godzina 9.00<\/p>\n<p>Trasa: Park Zwierzy\u0144czyk w Zwierzy\u0144cu \u2013 Florianka \u2013 Park Zwierzy\u0144czyk w Zwierzy\u0144cu<\/p>\n<p>D\u0142ugo\u015b\u0107 trasy: 16 km<\/p>\n<p><a class=\"ek-link\" href=\"https:\/\/www.lrot.pl\/wp-content\/uploads\/2022\/07\/Regulamin-Rajd\u00f3w-Zwierzyniec-1.pdf\">Regulamin rajdu<\/a><\/p>\n<p><a class=\"ek-link\" href=\"https:\/\/www.lrot.pl\/wp-content\/uploads\/2022\/07\/Karta-Zg\u0142oszeniowa-3.pdf\">Karta Zg\u0142oszeniowa<\/a><\/p>\n<ul>\n<li><strong>Rajd \u201eRajd husarski. \u015aladami kr\u00f3la Jana III Sobieskiego\u201d, organizowany przez Stowarzyszenie Samorz\u0105d\u00f3w Euroregion Roztocze<\/strong><\/li>\n<\/ul>\n<p>Termin: 20 sierpnia 2022<\/p>\n<p>Start i Meta: Tomasz\u00f3w Lubelski, Park Miejski, godzina 9.00<\/p>\n<p>Trasa: Park Miejski w Tomaszowie Lubelskim \u2013 Zielone \u2013 Krasnobr\u00f3d \u2013 Szur \u2013 \u0141uszczacz \u2013 \u0141asochy \u2013 Ul\u00f3w \u2013 Kunki \u2013 Zawadki Mazi\u0142y \u2013 Podlesina \u2013 Narol \u2013 Podlesina \u2013 Rabin\u00f3wka \u2013 Park Miejski w Tomaszowie Lubelskim<\/p>\n<p>D\u0142ugo\u015b\u0107 trasy: 62 km<\/p>\n<p><a class=\"ek-link\" href=\"https:\/\/www.lrot.pl\/wp-content\/uploads\/2022\/07\/Regulamin-Tomasz\u00f3w-Lubelski-1.pdf\">Regulamin rajdu<\/a><\/p>\n<p><a class=\"ek-link\" href=\"https:\/\/www.lrot.pl\/wp-content\/uploads\/2022\/07\/Karta-Zg\u0142oszeniowa-4.pdf\">Karta Zg\u0142oszeniowa<\/a><\/p>\n<p>Wydarzenie zosta\u0142o obj\u0119te Honorowym Patronatem: Ministerstwa Sportu i Turystyki, Marsza\u0142ka Wojew\u00f3dztwa Lubelskiego Jaros\u0142awa Stawiarskiego Polskiej Organizacji Turystycznej, Burmistrza Zwierzy\u0144ca, Burmistrza Janowa Lubelskiego, Burmistrza Tomaszowa Lubelskiego<\/p>\n<p>Patronat Medialny nad wydarzeniem sprawuj\u0105 TVP3 Lublin oraz Radio Lublin.<\/p>\n<p><strong>Skontaktuj si\u0119 z nami:<\/strong><\/p>\n<p><strong>Lubelska Regionalna Organizacja Turystyczna<\/strong><\/p>\n<p><strong>tel. 81&nbsp;532 14 48<\/strong><\/p>\n\n\n\n<div style=\"height:12px\" aria-hidden=\"true\" class=\"wp-block-spacer\"><\/div>\n\n\n\n\n\n<figure class=\"wp-block-image size-large\"><img loading=\"lazy\" decoding=\"async\" width=\"724\" height=\"1024\" src=\"https:\/\/www.labunie.com.pl\/wp-content\/uploads\/2022\/07\/plakat1-724x1024.png\" alt=\"\" class=\"wp-image-26895\" srcset=\"https:\/\/www.labunie.com.pl\/wp-content\/uploads\/2022\/07\/plakat1-724x1024.png 724w, https:\/\/www.labunie.com.pl\/wp-content\/uploads\/2022\/07\/plakat1-212x300.png 212w, https:\/\/www.labunie.com.pl\/wp-content\/uploads\/2022\/07\/plakat1-768x1086.png 768w, https:\/\/www.labunie.com.pl\/wp-content\/uploads\/2022\/07\/plakat1-1086x1536.png 1086w, https:\/\/www.labunie.com.pl\/wp-content\/uploads\/2022\/07\/plakat1-1448x2048.png 1448w, https:\/\/www.labunie.com.pl\/wp-content\/uploads\/2022\/07\/plakat1.png 1587w\" sizes=\"auto, (max-width: 724px) 100vw, 724px\" \/><\/figure>\n","protected":false},"excerpt":{"rendered":"<p>W imieniu organizator\u00f3w zapraszamy do wzi\u0119cia udzia\u0142u w rajdach rowerowych realizowanych w ramach wydarzenia pn. &#8220;Tydzie\u0144 Turystyki Rowerowej &#8211; Bike&#8217;owe Roztocze&#8221; przez Lubelsk\u0105 Regionaln\u0105 Organizacj\u0119 Turystyczn\u0105, Gmin\u0119 Jan\u00f3w Lubelski, Urz\u0105d Miejski w Zwierzy\u0144cu oraz Stowarzyszenie Samorz\u0105d\u00f3w Euroregion Roztocze.<\/p>\n","protected":false},"author":11,"featured_media":26897,"comment_status":"closed","ping_status":"closed","sticky":false,"template":"","format":"standard","meta":{"footnotes":""},"categories":[1],"tags":[],"class_list":["post-26894","post","type-post","status-publish","format-standard","has-post-thumbnail","hentry","category-wpisy","clearfix"],"_links":{"self":[{"href":"https:\/\/www.labunie.com.pl\/index.php?rest_route=\/wp\/v2\/posts\/26894","targetHints":{"allow":["GET"]}}],"collection":[{"href":"https:\/\/www.labunie.com.pl\/index.php?rest_route=\/wp\/v2\/posts"}],"about":[{"href":"https:\/\/www.labunie.com.pl\/index.php?rest_route=\/wp\/v2\/types\/post"}],"author":[{"embeddable":true,"href":"https:\/\/www.labunie.com.pl\/index.php?rest_route=\/wp\/v2\/users\/11"}],"replies":[{"embeddable":true,"href":"https:\/\/www.labunie.com.pl\/index.php?rest_route=%2Fwp%2Fv2%2Fcomments&post=26894"}],"version-history":[{"count":3,"href":"https:\/\/www.labunie.com.pl\/index.php?rest_route=\/wp\/v2\/posts\/26894\/revisions"}],"predecessor-version":[{"id":26900,"href":"https:\/\/www.labunie.com.pl\/index.php?rest_route=\/wp\/v2\/posts\/26894\/revisions\/26900"}],"wp:featuredmedia":[{"embeddable":true,"href":"https:\/\/www.labunie.com.pl\/index.php?rest_route=\/wp\/v2\/media\/26897"}],"wp:attachment":[{"href":"https:\/\/www.labunie.com.pl\/index.php?rest_route=%2Fwp%2Fv2%2Fmedia&parent=26894"}],"wp:term":[{"taxonomy":"category","embeddable":true,"href":"https:\/\/www.labunie.com.pl\/index.php?rest_route=%2Fwp%2Fv2%2Fcategories&post=26894"},{"taxonomy":"post_tag","embeddable":true,"href":"https:\/\/www.labunie.com.pl\/index.php?rest_route=%2Fwp%2Fv2%2Ftags&post=26894"}],"curies":[{"name":"wp","href":"https:\/\/api.w.org\/{rel}","templated":true}]}}