{"id":26869,"date":"2022-07-27T11:16:24","date_gmt":"2022-07-27T09:16:24","guid":{"rendered":"https:\/\/www.labunie.com.pl\/?p=26869"},"modified":"2022-08-02T10:11:47","modified_gmt":"2022-08-02T08:11:47","slug":"kolejne-miliony-dla-gminy-labunie","status":"publish","type":"post","link":"https:\/\/www.labunie.com.pl\/?p=26869","title":{"rendered":"Kolejne miliony dla Gminy \u0141abunie"},"content":{"rendered":"\n<p><strong>W\u00f3jt Gminy \u0141abunie &#8211; Mariusz Kukie\u0142ka odebra\u0142 promes\u0119 w wysoko\u015bci ponad 2 mln z\u0142. Fundusze zostan\u0105 przeznaczone na budow\u0119 Stra\u017cnicy OSP w \u0141abuniach. <\/strong><\/p>\n\n\n\n<div style=\"height:18px\" aria-hidden=\"true\" class=\"wp-block-spacer\"><\/div>\n\n\n\n<!--more-->\n\n\n\n<p>W poniedzia\u0142ek, 25 lipca w zamojskiej Delegaturze Lubelskiego Urz\u0119du Wojew\u00f3dzkiego odby\u0142o si\u0119 wr\u0119czenie czek\u00f3w w ramach rozstrzygni\u0119cia Rz\u0105dowego Funduszu Polski \u0141ad: Programu Inwestycji Strategicznych &#8211; edycja trzecia &#8211; PGR. W\u015br\u00f3d gmin z powiat\u00f3w: bi\u0142gorajskiego, hrubieszowskiego, tomaszowskiego oraz zamojskiego, kt\u00f3re otrzyma\u0142y czeki,&nbsp; znalaz\u0142a si\u0119 r\u00f3wnie\u017c gmina \u0141abunie. W\u00f3jt Mariusz Kukie\u0142ka odebra\u0142 czek na kwot\u0119 2 mln 58 tys. z\u0142. Fundusze zostan\u0105 przeznaczone na budow\u0119 stra\u017cnicy OSP w \u0141abuniach.<\/p>\n<p>Uroczystego wr\u0119czenia dokonali: Pani Beata Mazurek Pose\u0142 do Parlamentu Europejskiego, Pan Tomasz Zieli\u0144ski i Pani Beata Strza\u0142ka Pos\u0142owie na Sejm RP oraz Pani Maryla Symczuk Dyrektor Oddzia\u0142u Krajowej Sp\u00f3\u0142ki Cukrowej S.A. Cukrowni Werbkowice w imieniu Pana Jacka Sasina Wiceprezesa Rady Ministr\u00f3w, Ministra Aktyw\u00f3w Pa\u0144stwowych.<\/p>\n<p>Dodajmy &#8211; to kolejne fundusze, kt\u00f3re trafi\u0142y w ostatnim czasie do Gminy \u0141abunie. Wcze\u015bniej otrzymali\u015bmy ponad 7 mln z\u0142 na popraw\u0119 infrastruktury drogowej i o\u015bwietlenia ulicznego na terenie gminy oraz na budow\u0119 gara\u017cu OSP w W\u00f3lce \u0141abu\u0144skiej. Otrzymane \u015brodki r\u00f3wnie\u017c pochodz\u0105 z Rz\u0105dowego Funduszu Polski \u0141ad &#8211; Programu Inwestycji Strategicznych.<\/p>\n<p>\u0179r\u00f3d\u0142o: oprac. w\u0142asne, Powiat Zamojski<\/p>\n\n\n\n<div style=\"height:17px\" aria-hidden=\"true\" class=\"wp-block-spacer\"><\/div>\n\n\n\n<figure class=\"wp-block-gallery columns-2 is-cropped wp-block-gallery-1 is-layout-flex wp-block-gallery-is-layout-flex\"><ul class=\"blocks-gallery-grid\"><li class=\"blocks-gallery-item\"><figure><a href=\"https:\/\/www.labunie.com.pl\/wp-content\/uploads\/2022\/07\/1.png\" data-rel=\"lightbox-gallery-2R17fp14\" data-rl_title=\"\" data-rl_caption=\"\" title=\"\"><img loading=\"lazy\" decoding=\"async\" width=\"1024\" height=\"622\" src=\"https:\/\/www.labunie.com.pl\/wp-content\/uploads\/2022\/07\/1-1024x622.png\" alt=\"\" data-id=\"26872\" data-full-url=\"https:\/\/www.labunie.com.pl\/wp-content\/uploads\/2022\/07\/1.png\" data-link=\"https:\/\/www.labunie.com.pl\/?attachment_id=26872\" class=\"wp-image-26872\" srcset=\"https:\/\/www.labunie.com.pl\/wp-content\/uploads\/2022\/07\/1-1024x622.png 1024w, https:\/\/www.labunie.com.pl\/wp-content\/uploads\/2022\/07\/1-300x182.png 300w, https:\/\/www.labunie.com.pl\/wp-content\/uploads\/2022\/07\/1-768x466.png 768w, https:\/\/www.labunie.com.pl\/wp-content\/uploads\/2022\/07\/1.png 1197w\" sizes=\"auto, (max-width: 1024px) 100vw, 1024px\" \/><\/a><\/figure><\/li><li class=\"blocks-gallery-item\"><figure><a href=\"https:\/\/www.labunie.com.pl\/wp-content\/uploads\/2022\/07\/2.png\" data-rel=\"lightbox-gallery-2R17fp14\" data-rl_title=\"\" data-rl_caption=\"\" title=\"\"><img loading=\"lazy\" decoding=\"async\" width=\"1024\" height=\"620\" src=\"https:\/\/www.labunie.com.pl\/wp-content\/uploads\/2022\/07\/2-1024x620.png\" alt=\"\" data-id=\"26873\" data-full-url=\"https:\/\/www.labunie.com.pl\/wp-content\/uploads\/2022\/07\/2.png\" data-link=\"https:\/\/www.labunie.com.pl\/?attachment_id=26873\" class=\"wp-image-26873\" srcset=\"https:\/\/www.labunie.com.pl\/wp-content\/uploads\/2022\/07\/2-1024x620.png 1024w, https:\/\/www.labunie.com.pl\/wp-content\/uploads\/2022\/07\/2-300x182.png 300w, https:\/\/www.labunie.com.pl\/wp-content\/uploads\/2022\/07\/2-768x465.png 768w, https:\/\/www.labunie.com.pl\/wp-content\/uploads\/2022\/07\/2.png 1197w\" sizes=\"auto, (max-width: 1024px) 100vw, 1024px\" \/><\/a><\/figure><\/li><\/ul><figcaption class=\"blocks-gallery-caption\">fot. Powiat Zamojski<\/figcaption><\/figure>\n\n\n","protected":false},"excerpt":{"rendered":"<p>W\u00f3jt Gminy \u0141abunie &#8211; Mariusz Kukie\u0142ka odebra\u0142 promes\u0119 w wysoko\u015bci ponad 2 mln z\u0142. Fundusze zostan\u0105 przeznaczone na budow\u0119 Stra\u017cnicy OSP w \u0141abuniach.<\/p>\n","protected":false},"author":11,"featured_media":26875,"comment_status":"closed","ping_status":"closed","sticky":false,"template":"","format":"standard","meta":{"footnotes":""},"categories":[1],"tags":[],"class_list":["post-26869","post","type-post","status-publish","format-standard","has-post-thumbnail","hentry","category-wpisy","clearfix"],"_links":{"self":[{"href":"https:\/\/www.labunie.com.pl\/index.php?rest_route=\/wp\/v2\/posts\/26869","targetHints":{"allow":["GET"]}}],"collection":[{"href":"https:\/\/www.labunie.com.pl\/index.php?rest_route=\/wp\/v2\/posts"}],"about":[{"href":"https:\/\/www.labunie.com.pl\/index.php?rest_route=\/wp\/v2\/types\/post"}],"author":[{"embeddable":true,"href":"https:\/\/www.labunie.com.pl\/index.php?rest_route=\/wp\/v2\/users\/11"}],"replies":[{"embeddable":true,"href":"https:\/\/www.labunie.com.pl\/index.php?rest_route=%2Fwp%2Fv2%2Fcomments&post=26869"}],"version-history":[{"count":5,"href":"https:\/\/www.labunie.com.pl\/index.php?rest_route=\/wp\/v2\/posts\/26869\/revisions"}],"predecessor-version":[{"id":26933,"href":"https:\/\/www.labunie.com.pl\/index.php?rest_route=\/wp\/v2\/posts\/26869\/revisions\/26933"}],"wp:featuredmedia":[{"embeddable":true,"href":"https:\/\/www.labunie.com.pl\/index.php?rest_route=\/wp\/v2\/media\/26875"}],"wp:attachment":[{"href":"https:\/\/www.labunie.com.pl\/index.php?rest_route=%2Fwp%2Fv2%2Fmedia&parent=26869"}],"wp:term":[{"taxonomy":"category","embeddable":true,"href":"https:\/\/www.labunie.com.pl\/index.php?rest_route=%2Fwp%2Fv2%2Fcategories&post=26869"},{"taxonomy":"post_tag","embeddable":true,"href":"https:\/\/www.labunie.com.pl\/index.php?rest_route=%2Fwp%2Fv2%2Ftags&post=26869"}],"curies":[{"name":"wp","href":"https:\/\/api.w.org\/{rel}","templated":true}]}}