{"id":26762,"date":"2022-07-19T07:48:37","date_gmt":"2022-07-19T05:48:37","guid":{"rendered":"https:\/\/www.labunie.com.pl\/?p=26762"},"modified":"2022-07-19T07:50:04","modified_gmt":"2022-07-19T05:50:04","slug":"ii-ogolnopolski-konkurs-filmowy-swiat-sie-kreci-wokol-wsi-2022-r","status":"publish","type":"post","link":"https:\/\/www.labunie.com.pl\/?p=26762","title":{"rendered":"II Og\u00f3lnopolski konkurs filmowy \u201e\u015awiat si\u0119 kr\u0119ci wok\u00f3\u0142 wsi\u201d &#8211; 2022 r."},"content":{"rendered":"\n<p><strong>We\u017a udzia\u0142 w og\u00f3lnopolskim konkursie filmowym &#8220;\u015awiat si\u0119 kr\u0119ci wok\u00f3\u0142 wsi&#8221;. Nagraj i prze\u015blij sw\u00f3j film i poka\u017c, jak zmieni\u0142a si\u0119 polska wie\u015b. <br><\/strong><\/p>\n\n\n\n<div style=\"height:18px\" aria-hidden=\"true\" class=\"wp-block-spacer\"><\/div>\n\n\n\n<!--more-->\n\n\n\n<div class=\"editor-content\">\n<div>\n<h3><strong>o kogo skierowany jest konkurs?<\/strong><\/h3>\n<p>Konkurs skierowany jest do m\u0142odych mieszka\u0144c\u00f3w wsi, w wieku od 16 do 40 roku \u017cycia. W ramach konkursu przewidziane s\u0105 2 kategorie wiekowe.<\/p>\n<h3><strong>Kategoria I<\/strong><\/h3>\n<p>Ta kategoria jest dla Ciebie je\u017celi masz&nbsp;<strong>od 16 do 25 lat i mieszkasz na wsi<\/strong>.<\/p>\n<p>Poka\u017c nam swoj\u0105 wie\u015b widzian\u0105 z Twojej&nbsp;perspektywy. Zaprezentuj swoj\u0105 okolic\u0119 jako miejsce do \u017cycia i rozwoju zawodowego oraz podziel si\u0119 swoimi planami na przysz\u0142o\u015b\u0107. Opowiedz, jak widzisz siebie na wsi za kilka lat.<\/p>\n<h3><strong>Kategoria II<\/strong><\/h3>\n<p>Jeste\u015b&nbsp;<strong>m\u0142odym rolnikiem w wieku do 40 lat<\/strong>? To kategoria w\u0142a\u015bnie dla Ciebie. Podziel si\u0119 swoj\u0105 histori\u0105, poka\u017c nam swoje osi\u0105gni\u0119cia i determinacj\u0119 w rozwijaniu swojego gospodarstwa, poprawie jego konkurencyjno\u015bci na rynku \u2013 z wykorzystaniem \u015brodk\u00f3w unijnych.<\/p>\n<p><strong>Czekamy na filmowe opowie\u015bci o \u017cyciu na wsi, kt\u00f3re stan\u0105 si\u0119 inspiracj\u0105 dla innych m\u0142odych ludzi.<\/strong><\/p>\n<h3><strong>Nagrody<\/strong><\/h3>\n<p>Najlepsze prace konkursowe, w ka\u017cdej z dw\u00f3ch kategorii konkursowych, zostan\u0105 wyr\u00f3\u017cnione nagrodami pieni\u0119\u017cnymi.<\/p>\n<ol>\n<li>za zaj\u0119cie I miejsca \u2013 6 000 z\u0142 brutto;<\/li>\n<li>za zaj\u0119cie II miejsca \u2013 4 000 z\u0142 brutto;<\/li>\n<li>za zaj\u0119cie III miejsca \u2013 2 500 z\u0142 brutto.<\/li>\n<\/ol>\n<p>Ponadto w ka\u017cdej kategorii dopuszcza si\u0119 przyznanie wyr\u00f3\u017cnie\u0144, ka\u017cde w wysoko\u015bci 1 000 z\u0142 brutto oraz upomink\u00f3w rzeczowych.<\/p>\n<h3><strong>Konkurs krok po kroku<\/strong><\/h3>\n<ol>\n<li>Zapoznaj si\u0119 z Regulaminem Konkursu.<\/li>\n<li>Nagraj film.<\/li>\n<li>Pobierz,&nbsp;<strong>wype\u0142nij czytelnie i podpisz<\/strong>&nbsp;formularz zg\u0142oszenia wraz z o\u015bwiadczeniem w nim zawartym.<\/li>\n<li>Upewnij si\u0119, czy dane zosta\u0142y wpisane czytelnie i poprawnie.<\/li>\n<li>Prze\u015blij skan wype\u0142nionego i podpisanego formularza zg\u0142oszenia na adres e-mail:&nbsp;<a href=\"mailto:konkurs.filmowy@minrol.gov.pl\">konkurs.filmowy@minrol.gov.pl<\/a>&nbsp;w terminie do<strong>&nbsp;28 wrze\u015bnia 2022 r. do godz. 23:59<\/strong>. Nast\u0119pnie przeka\u017c niezw\u0142ocznie orygina\u0142 formularza zg\u0142oszenia do Organizatora na adres:<\/li>\n<\/ol>\n<p>Ministerstwo Rolnictwa i Rozwoju Wsi<\/p>\n<p>Departament Pomocy Technicznej<\/p>\n<p>ul. Wsp\u00f3lna 30<\/p>\n<p>00-930 Warszawa<\/p>\n<p>z dopiskiem na kopercie: \u201eII Konkurs \u2013 \u015awiat si\u0119 kr\u0119ci wok\u00f3\u0142 wsi \u2013 kategoria konkursowa nr\u2026\u2026\u201d&nbsp;(wpisz numer kategorii konkursowej, w kt\u00f3rej sk\u0142adasz prac\u0119 konkursow\u0105).<\/p>\n<ol start=\"6\">\n<li>Po otrzymaniu linku od Organizatora zapisz film w chmurze pod adresem&nbsp;<a href=\"https:\/\/chmura.minrol.gov.pl\/\">https:\/\/chmura.minrol.gov.pl<\/a>&nbsp;, w terminie do&nbsp;<strong>30 wrze\u015bnia 2022 r. do godz. 23:59<\/strong>.<\/li>\n<\/ol>\n<p><strong>Czekamy na Wasze formularze zg\u0142oszenia do 28 wrze\u015bnia 2022 r., a na filmy do 30 wrze\u015bnia 2022 r.<\/strong><\/p>\n<ol>\n<li>Regulamin II Konkursu \u201e\u015awiat si\u0119 kr\u0119ci wok\u00f3\u0142 wsi\u201d.<\/li>\n<li>Formularz zg\u0142oszeniowy Uczestnika w kategorii I Konkursu (M\u0142odzie\u017c) wraz&nbsp;z&nbsp;o\u015bwiadczeniem w nim zawartym.<\/li>\n<li>Formularz zg\u0142oszeniowy Uczestnika w kategorii II Konkursu (Rolnicy) wraz&nbsp;z&nbsp;o\u015bwiadczeniem w nim zawartym.<\/li>\n<li>Wz\u00f3r o\u015bwiadczenia osoby trzeciej o wyra\u017ceniu zgody na przetwarzanie danych osobowych i&nbsp;wykorzystanie wizerunku.<\/li>\n<li>Wz\u00f3r umowy o przeniesieniu autorskich praw maj\u0105tkowych.<\/li>\n<\/ol>\n<p><strong>Je\u017celi masz pytania lub w\u0105tpliwo\u015bci pisz na adres e-mail:&nbsp;<\/strong><a href=\"mailto:konkurs.filmowy@minrol.gov.pl\">konkurs.filmowy@minrol.gov.pl<\/a><u>.<\/u><\/p>\n<\/div>\n<\/div>\n<h3>Materia\u0142y<\/h3>\n<p><a class=\"file-download\" href=\"https:\/\/www.gov.pl\/attachment\/b26809be-5e76-4e93-aea4-1410100cd256\" target=\"_blank\" rel=\"noopener\" download=\"\" aria-label=\"\nPobierz plik Regulamin_II_konkursu_filmowego_\u015awiat_si\u0119_kr\u0119ci_wok\u00f3\u0142_wsi_-_czerwiec_2022-1.pdf\nRozmiar: 0.37MB\nFormat: pdf\"> Do pobrania<br><span class=\"extension\">Regulamin\u200b_II\u200b_konkursu\u200b_filmowego\u200b_\u015awiat\u200b_si\u0119\u200b_kr\u0119ci\u200b_wok\u00f3\u0142\u200b_wsi\u200b_-\u200b_czerwiec\u200b_2022-1.pdf<\/span> <span class=\"details\">0.37MB<\/span> <\/a> <a class=\"file-download\" href=\"https:\/\/www.gov.pl\/attachment\/abe01d7e-691b-4d43-b4a2-873c86793049\" target=\"_blank\" rel=\"noopener\" download=\"\" aria-label=\"\nPobierz plik Za\u0142\u0105cznik_nr_1_do_Regulaminu_konkursu_-_Formularz_zg\u0142oszenia_-_M\u0142odzie\u017c_-_czerwiec_2022.docx\nRozmiar: 0.03MB\nFormat: docx\"> Do pobrania<br><span class=\"extension\">Za\u0142\u0105cznik\u200b_nr\u200b_1\u200b_do\u200b_Regulaminu\u200b_konkursu\u200b_-\u200b_Formularz\u200b_zg\u0142oszenia\u200b_-\u200b_M\u0142odzie\u017c\u200b_-\u200b_czerwiec\u200b_2022.docx<\/span> <span class=\"details\">0.03MB<\/span> <\/a> <a class=\"file-download\" href=\"https:\/\/www.gov.pl\/attachment\/e07e5d34-7a3a-4b89-ae5c-fb9fc677eec4\" target=\"_blank\" rel=\"noopener\" download=\"\" aria-label=\"\nPobierz plik Za\u0142\u0105cznik_nr_2_do_Regulaminu_konkursu_-_Formularz_zg\u0142oszenia_-_Rolnicy_-_czerwiec_2022.docx\nRozmiar: 0.03MB\nFormat: docx\"> Do pobrania<br><span class=\"extension\">Za\u0142\u0105cznik\u200b_nr\u200b_2\u200b_do\u200b_Regulaminu\u200b_konkursu\u200b_-\u200b_Formularz\u200b_zg\u0142oszenia\u200b_-\u200b_Rolnicy\u200b_-\u200b_czerwiec\u200b_2022.docx<\/span> <span class=\"details\">0.03MB<\/span> <\/a> <a class=\"file-download\" href=\"https:\/\/www.gov.pl\/attachment\/33d49e1e-1738-4ba7-af1b-552f8bbaca0d\" target=\"_blank\" rel=\"noopener\" download=\"\" aria-label=\"\nPobierz plik Za\u0142\u0105cznik_nr_3_do_Regulaminu_-_wz\u00f3r_o\u015bwiadczenia_osoby_trzeciej_-_czerwiec_2022.docx\nRozmiar: 0.02MB\nFormat: docx\"> Do pobrania<br><span class=\"extension\">Za\u0142\u0105cznik\u200b_nr\u200b_3\u200b_do\u200b_Regulaminu\u200b_-\u200b_wz\u00f3r\u200b_o\u015bwiadczenia\u200b_osoby\u200b_trzeciej\u200b_-\u200b_czerwiec\u200b_2022.docx<\/span> <span class=\"details\">0.02MB<\/span> <\/a> <a class=\"file-download\" href=\"https:\/\/www.gov.pl\/attachment\/555999c5-886a-40a7-83cd-741d12f35f5e\" target=\"_blank\" rel=\"noopener\" download=\"\" aria-label=\"\nPobierz plik Za\u0142\u0105cznik_nr_4_do_Regulaminu_-_wz\u00f3r_umowy_o_przeniesienie_praw_autorskich_-_czerwiec_2022.docx\nRozmiar: 0.02MB\nFormat: docx\"> Do pobrania<br><span class=\"extension\">Za\u0142\u0105cznik\u200b_nr\u200b_4\u200b_do\u200b_Regulaminu\u200b_-\u200b_wz\u00f3r\u200b_umowy\u200b_o\u200b_przeniesienie\u200b_praw\u200b_autorskich\u200b_-\u200b_czerwiec\u200b_2022.docx<\/span> <span class=\"details\">0.02MB<\/span> <\/a><\/p>\n","protected":false},"excerpt":{"rendered":"<p>We\u017a udzia\u0142 w og\u00f3lnopolskim konkursie filmowym &#8220;\u015awiat si\u0119 kr\u0119ci wok\u00f3\u0142 wsi&#8221;. Nagraj i prze\u015blij sw\u00f3j film i poka\u017c, jak zmieni\u0142a si\u0119 polska wie\u015b.<\/p>\n","protected":false},"author":11,"featured_media":26765,"comment_status":"closed","ping_status":"closed","sticky":false,"template":"","format":"standard","meta":{"footnotes":""},"categories":[1],"tags":[],"class_list":["post-26762","post","type-post","status-publish","format-standard","has-post-thumbnail","hentry","category-wpisy","clearfix"],"_links":{"self":[{"href":"https:\/\/www.labunie.com.pl\/index.php?rest_route=\/wp\/v2\/posts\/26762","targetHints":{"allow":["GET"]}}],"collection":[{"href":"https:\/\/www.labunie.com.pl\/index.php?rest_route=\/wp\/v2\/posts"}],"about":[{"href":"https:\/\/www.labunie.com.pl\/index.php?rest_route=\/wp\/v2\/types\/post"}],"author":[{"embeddable":true,"href":"https:\/\/www.labunie.com.pl\/index.php?rest_route=\/wp\/v2\/users\/11"}],"replies":[{"embeddable":true,"href":"https:\/\/www.labunie.com.pl\/index.php?rest_route=%2Fwp%2Fv2%2Fcomments&post=26762"}],"version-history":[{"count":2,"href":"https:\/\/www.labunie.com.pl\/index.php?rest_route=\/wp\/v2\/posts\/26762\/revisions"}],"predecessor-version":[{"id":26766,"href":"https:\/\/www.labunie.com.pl\/index.php?rest_route=\/wp\/v2\/posts\/26762\/revisions\/26766"}],"wp:featuredmedia":[{"embeddable":true,"href":"https:\/\/www.labunie.com.pl\/index.php?rest_route=\/wp\/v2\/media\/26765"}],"wp:attachment":[{"href":"https:\/\/www.labunie.com.pl\/index.php?rest_route=%2Fwp%2Fv2%2Fmedia&parent=26762"}],"wp:term":[{"taxonomy":"category","embeddable":true,"href":"https:\/\/www.labunie.com.pl\/index.php?rest_route=%2Fwp%2Fv2%2Fcategories&post=26762"},{"taxonomy":"post_tag","embeddable":true,"href":"https:\/\/www.labunie.com.pl\/index.php?rest_route=%2Fwp%2Fv2%2Ftags&post=26762"}],"curies":[{"name":"wp","href":"https:\/\/api.w.org\/{rel}","templated":true}]}}