{"id":26157,"date":"2022-06-07T10:35:35","date_gmt":"2022-06-07T08:35:35","guid":{"rendered":"https:\/\/www.labunie.com.pl\/?p=26157"},"modified":"2022-07-01T14:12:08","modified_gmt":"2022-07-01T12:12:08","slug":"na-wakacje-labunskie-atrakcje","status":"publish","type":"post","link":"https:\/\/www.labunie.com.pl\/?p=26157","title":{"rendered":"\u201eNa wakacje &#8211; \u0142abu\u0144skie atrakcje\u201d"},"content":{"rendered":"\n<p><strong>Biblioteka Publiczna Gminy \u0141abunie zaprasza na &nbsp;cykl spotka\u0144 dla dzieci (wiek 7-18 lat) z terenu gminy \u0141abunie: \u201eNa wakacje &#8211; \u0142abu\u0144skie atrakcje\u201d. Spotkania i warsztaty odb\u0119d\u0105 si\u0119 przez dwa wakacyjne tygodnie (wtorki, \u015brody, czwartki) w dniach 29 VI \u2013 7 VII, w godzinach 10.00-12.00.<\/strong><\/p>\n\n\n\n<!--more-->\n\n\n\n<p>Zaj\u0119cia plastyczne i manualne oraz cykl spotka\u0144 z zabytkami z terenu gminy poprowadz\u0105: <strong>Agata Korcz-Roz\u0142owska<\/strong> \u2013 animator, trener inteligencji emocjonalnej, prowadzi interaktywn\u0105 firm\u0119 \u201eRude \u017byrafy\u201d oraz<strong> Agnieszka Szyku\u0142a-\u017bygawska <\/strong>\u2013 historyk sztuki, plastyk, dyrektor Biblioteki Publicznej Gminy \u0141abunie.<\/p>\n\n\n\n<div style=\"height:40px\" aria-hidden=\"true\" class=\"wp-block-spacer\"><\/div>\n\n\n\n<h2 class=\"wp-block-heading\">Tydzie\u0144 pierwszy 29 VI &#8211; 1 VII<\/h2>\n\n\n\n<ul class=\"wp-block-list\"><li><strong>29 czerwca <\/strong>(10.00-12.00) Spotkanie w Bibliotece (ul. Orzechowa). We\u017a nie marud\u017a. We\u017a chod\u017a rysuj. Zaj\u0119cia interaktywne<\/li><\/ul>\n\n\n\n<ul class=\"wp-block-list\"><li><strong>30 czerwca <\/strong>(10.00-12.00) Spotkanie w Ruszowie: zwiedzanie Olejarni \u015awi\u0105tecznej w Ruszowie<\/li><\/ul>\n\n\n\n<ul class=\"wp-block-list\"><li><strong>1 lipca <\/strong>(10.00-12.00) Spotkanie w Bibliotece (ul. Orzechowa) . &#8220;Z czym to si\u0119 je&#8221;. Savoir vivre na weso\u0142o. Zaj\u0119cia interaktywne<\/li><\/ul>\n\n\n\n<div style=\"height:40px\" aria-hidden=\"true\" class=\"wp-block-spacer\"><\/div>\n\n\n\n<h2 class=\"wp-block-heading\">Tydzie\u0144 drugi 5 &#8211; 7 VII<\/h2>\n\n\n\n<ul class=\"wp-block-list\"><li><strong>5<\/strong> <strong>lipca<\/strong> (10.00-12.00) Spotkanie w \u0141abuniach, przed ko\u015bcio\u0142em parafialnym. Tajemnice ko\u015bcio\u0142a w \u0141abuniach<\/li><\/ul>\n\n\n\n<ul class=\"wp-block-list\"><li><strong>6<\/strong> <strong><strong>lipca<\/strong><\/strong> (10.00-12.00) Spotkanie w Bibliotece (ul. Orzechowa) Rzeczy kilka o pisaniu pami\u0119tnik\u00f3w. Warsztat motywuj\u0105cy do kolekcjonowania wspomnie\u0144. Zaj\u0119cia interaktywne<\/li><\/ul>\n\n\n\n<ul class=\"wp-block-list\"><li><strong>7<\/strong> <strong>lipca<\/strong> (10.00-12.00) Spotkanie w \u0141abu\u0144kach, przy hospicjum <em>Santa Galla<\/em>. Duch Teofili z Grz\u0119bskich Karnickiej w pa\u0142acu. Zwiedzanie zabytkowego pa\u0142acu w \u0141abu\u0144kach<\/li><\/ul>\n\n\n\n<p>Pocz\u0119stunek<\/p>\n\n\n\n<p>Dow\u00f3z dzieci na miejsce we w\u0142asnym zakresie. Zapraszamy!<\/p>\n\n\n\n<div style=\"height:40px\" aria-hidden=\"true\" class=\"wp-block-spacer\"><\/div>\n\n\n\n<div class=\"wp-block-image\"><figure class=\"aligncenter size-full\"><a href=\"https:\/\/www.labunie.com.pl\/wp-content\/uploads\/2022\/06\/Plakat_wakacje.jpg\" data-rel=\"lightbox-gallery-zbD3gyR5\" data-rl_title=\"\" data-rl_caption=\"\" title=\"\"><img loading=\"lazy\" decoding=\"async\" width=\"1754\" height=\"2480\" src=\"https:\/\/www.labunie.com.pl\/wp-content\/uploads\/2022\/06\/Plakat_wakacje.jpg\" alt=\"\" class=\"wp-image-26160\" srcset=\"https:\/\/www.labunie.com.pl\/wp-content\/uploads\/2022\/06\/Plakat_wakacje.jpg 1754w, https:\/\/www.labunie.com.pl\/wp-content\/uploads\/2022\/06\/Plakat_wakacje-212x300.jpg 212w, https:\/\/www.labunie.com.pl\/wp-content\/uploads\/2022\/06\/Plakat_wakacje-724x1024.jpg 724w, https:\/\/www.labunie.com.pl\/wp-content\/uploads\/2022\/06\/Plakat_wakacje-768x1086.jpg 768w, https:\/\/www.labunie.com.pl\/wp-content\/uploads\/2022\/06\/Plakat_wakacje-1086x1536.jpg 1086w, https:\/\/www.labunie.com.pl\/wp-content\/uploads\/2022\/06\/Plakat_wakacje-1448x2048.jpg 1448w\" sizes=\"auto, (max-width: 1754px) 100vw, 1754px\" \/><\/a><\/figure><\/div>\n","protected":false},"excerpt":{"rendered":"<p>Biblioteka Publiczna Gminy \u0141abunie zaprasza na &nbsp;cykl spotka\u0144 dla dzieci (wiek 7-18 lat) z terenu gminy \u0141abunie: \u201eNa wakacje &#8211; \u0142abu\u0144skie atrakcje\u201d. Spotkania i warsztaty odb\u0119d\u0105 si\u0119 przez dwa wakacyjne tygodnie (wtorki, \u015brody, czwartki) w dniach 29 VI \u2013 7 VII, w godzinach 10.00-12.00.<\/p>\n","protected":false},"author":7,"featured_media":26159,"comment_status":"closed","ping_status":"closed","sticky":false,"template":"","format":"standard","meta":{"footnotes":""},"categories":[1],"tags":[],"class_list":["post-26157","post","type-post","status-publish","format-standard","has-post-thumbnail","hentry","category-wpisy","clearfix"],"_links":{"self":[{"href":"https:\/\/www.labunie.com.pl\/index.php?rest_route=\/wp\/v2\/posts\/26157","targetHints":{"allow":["GET"]}}],"collection":[{"href":"https:\/\/www.labunie.com.pl\/index.php?rest_route=\/wp\/v2\/posts"}],"about":[{"href":"https:\/\/www.labunie.com.pl\/index.php?rest_route=\/wp\/v2\/types\/post"}],"author":[{"embeddable":true,"href":"https:\/\/www.labunie.com.pl\/index.php?rest_route=\/wp\/v2\/users\/7"}],"replies":[{"embeddable":true,"href":"https:\/\/www.labunie.com.pl\/index.php?rest_route=%2Fwp%2Fv2%2Fcomments&post=26157"}],"version-history":[{"count":3,"href":"https:\/\/www.labunie.com.pl\/index.php?rest_route=\/wp\/v2\/posts\/26157\/revisions"}],"predecessor-version":[{"id":26684,"href":"https:\/\/www.labunie.com.pl\/index.php?rest_route=\/wp\/v2\/posts\/26157\/revisions\/26684"}],"wp:featuredmedia":[{"embeddable":true,"href":"https:\/\/www.labunie.com.pl\/index.php?rest_route=\/wp\/v2\/media\/26159"}],"wp:attachment":[{"href":"https:\/\/www.labunie.com.pl\/index.php?rest_route=%2Fwp%2Fv2%2Fmedia&parent=26157"}],"wp:term":[{"taxonomy":"category","embeddable":true,"href":"https:\/\/www.labunie.com.pl\/index.php?rest_route=%2Fwp%2Fv2%2Fcategories&post=26157"},{"taxonomy":"post_tag","embeddable":true,"href":"https:\/\/www.labunie.com.pl\/index.php?rest_route=%2Fwp%2Fv2%2Ftags&post=26157"}],"curies":[{"name":"wp","href":"https:\/\/api.w.org\/{rel}","templated":true}]}}