{"id":2583,"date":"2016-01-12T17:03:18","date_gmt":"2016-01-12T16:03:18","guid":{"rendered":"https:\/\/www.labunie.com.pl\/?p=2583"},"modified":"2016-01-13T08:27:02","modified_gmt":"2016-01-13T07:27:02","slug":"malowanie-koled-lista-laureatow","status":"publish","type":"post","link":"https:\/\/www.labunie.com.pl\/?p=2583","title":{"rendered":"&#8220;Malowanie kol\u0119d&#8221; &#8211; lista Laureat\u00f3w"},"content":{"rendered":"<p><strong>Posiedzenie komisji oceniaj\u0105cej prace w IV Gminnym Konkursie &#8220;Malowanie kol\u0119d&#8221; pod patronatem W\u00f3jta Gminy \u0141abunie odby\u0142o si\u0119 11 stycznia. Na konkurs zg\u0142oszono 81 prac plastycznych w 3 kategoriach wiekowych. Komisja powo\u0142ana zarz\u0105dzeniem W\u00f3jta w sk\u0142adzie: s. Teresa Neitsch \u2013 przewodnicz\u0105ca, s. Jadwiga Stawaruk &#8211; cz\u0142onek, Agnieszka Piela \u2013 sekretarz konkursu przyzna\u0142a 20 nagr\u00f3d i 13 wyr\u00f3\u017cnie\u0144.<\/strong><\/p>\n<p><!--more--><br \/>\n&nbsp;<br \/>\nDecyzj\u0105 W\u00f3jta Gminy \u0141abunie nagrodzone prace zostan\u0105 wydane jako kartki \u015bwi\u0105teczne (grudzie\u0144 2016). Organizatorzy i Komisja zapraszaj\u0105 Laureat\u00f3w, opiekun\u00f3w i rodzic\u00f3w dzieci na uroczyste podsumowanie konkursu, kt\u00f3re odb\u0119dzie si\u0119 20 stycznia o godzinie 15.30 w Pa\u0142acu Zamoyskich (siedziba Zgromadzenia FMM) w \u0141abuniach ul. Parkowa 33.<\/p>\n<p>&nbsp;<\/p>\n<h3 style=\"text-align: center;\"><strong>Kategoria klasy 0-I<\/strong><\/h3>\n<p><span style=\"color: #05528a;\"><strong><em><span style=\"text-decoration: underline;\">Nagrody:<\/span><\/em><\/strong><\/span><\/p>\n<ul>\n<li><strong>Julia Szyku\u0142a<\/strong>, kl. I, SP \u0141abu\u0144ki, op. Halina Dybzi\u0144ska<\/li>\n<li><strong>Karina Kolaja<\/strong>, kl. I, SP \u0141abu\u0144ki, op. Halina Dybzi\u0144ska<\/li>\n<li><strong>Amelia<\/strong> <strong>G\u00f3rska<\/strong>, kl. I, SP \u0141abunie, op. Ma\u0142gorzata Czuj<\/li>\n<li><strong>Wojciech<\/strong> <strong>Kostrubiec<\/strong>, kl. I, SP \u0141abunie, op. Justyna Kostrubiec<\/li>\n<\/ul>\n<p>&nbsp;<\/p>\n<p><span style=\"color: #05528a;\"><strong><span style=\"text-decoration: underline;\"><em>Wyr\u00f3\u017cnienia:<\/em><\/span><\/strong><\/span><\/p>\n<ul>\n<li><strong>Alicja Pi\u0142at<\/strong>, kl. I, SP \u0141abunie, op. Agnieszka Teterycz<\/li>\n<li><strong>Mateusz Soba\u0144<\/strong>, kl. I, SP \u0141abunie, op. Agnieszka Teterycz<\/li>\n<li><strong>Magdalena<\/strong> <strong>Branecka<\/strong>, kl. I, SP \u0141abu\u0144ki, op. Halina Dybzi\u0144ska<\/li>\n<li><strong>Mateusz Matejanko<\/strong>, kl. I, SF Rusz\u00f3w, op. Alicja Saputa<\/li>\n<li><strong>Basia<\/strong> <strong>Kowalczuk<\/strong>, kl. 0, SP \u0141abu\u0144ki, op. Gra\u017cyna W\u0119c\u0142ak<\/li>\n<li><strong>Szymon Berdak<\/strong>, kl. 0, SP \u0141abu\u0144ki, op. W\u0119c\u0142ak Gra\u017cyna<\/li>\n<\/ul>\n<p>&nbsp;<\/p>\n<h3 style=\"text-align: center;\"><strong>Kategoria klasy II-III<\/strong><\/h3>\n<p><span style=\"color: #05528a;\"><strong><span style=\"text-decoration: underline;\"><em>Nagrody:<\/em><\/span><\/strong><\/span><\/p>\n<ul>\n<li><strong>Julia<\/strong> <strong>Lal<\/strong>, kl. II, SP \u0141abunie, op. Marzena Rozkres<\/li>\n<li><strong>Arkadiusz<\/strong> <strong>Pokryszka<\/strong>, kl. II, SP \u0141abu\u0144ki, op. Dorota Kolaja<\/li>\n<li><strong>Agnieszka \u0141azorczyk<\/strong>, kl. II, SP \u0141abunie, op. Lucyna Gredys<\/li>\n<li><strong>Jakub<\/strong> <strong>Py\u015b<\/strong>, kl. II, SF Rusz\u00f3w, op. Alicja Saputa<\/li>\n<li><strong>Karol Witkowski<\/strong>, kl. II, SP \u0141abunie, op. Ewa Latawiec<\/li>\n<li><strong>Patrycja<\/strong> <strong>Pysiewicz<\/strong>, kl. II, SP \u0141abunie, op. Lucyna Gredys<\/li>\n<li><strong>Wiktoria<\/strong> <strong>\u017byczkiewicz<\/strong>, kl. II, SP \u0141abunie, op. Marzena Rozkres<\/li>\n<li><strong>Patrycja Ternes<\/strong>, kl. III, SP \u0141abunie, op. Beata Wdowiak<\/li>\n<li><strong>Micha\u0142<\/strong> Kuduk, kl. III, SP \u0141abunie, op. Urszula Pilip<\/li>\n<li><strong>Martyna<\/strong> <strong>\u015aliwi\u0144ska<\/strong>, kl. III, SP \u0141abunie, op. Beata Wdowiak<\/li>\n<li><strong>Paulina<\/strong> <strong>Py\u015b<\/strong>, kl. III, SF Rusz\u00f3w, op. Alicja Saputa<\/li>\n<li><strong>Nikola<\/strong> <strong>Bitner<\/strong>, kl. II, SP \u0141abunie, op. Marzena Rozkres<\/li>\n<li><strong>Ilona Nicpo\u0144<\/strong>, kl. III, SP \u0141abunie, op. Beata Wdowiak<\/li>\n<li><strong>Kinga<\/strong> <strong>Karchut<\/strong>, kl. III, SP \u0141abunie, op. Beata Wdowiak<\/li>\n<\/ul>\n<p>&nbsp;<\/p>\n<p><span style=\"color: #05528a;\"><strong><span style=\"text-decoration: underline;\"><em>Wyr\u00f3\u017cnienia:<\/em><\/span><\/strong><\/span><\/p>\n<ul>\n<li><strong>Aleksandra<\/strong> <strong>Pokryszka<\/strong>, kl. II, SP \u0141abu\u0144ki, op. Dorota Kolaja<\/li>\n<li><strong>Oskar Bondyra<\/strong>, kl. II, SF Rusz\u00f3w, op. Alicja Saputa<\/li>\n<li><strong>Mi\u0142osz<\/strong> <strong>Jastrz\u0119bski<\/strong>, kl. II, SP \u0141abunie, op. Ewa Latawiec<\/li>\n<li><strong>Milena Sak<\/strong>, kl. II, SP \u0141abunie, op. Marzena Rozkres<\/li>\n<li><strong>Julia<\/strong> <strong>Ku\u015bmierz<\/strong>, kl. II, SP \u0141abu\u0144ki, op. Danuta Sztojko<\/li>\n<li><strong>Sandra<\/strong> <strong>Fusiarz<\/strong>, kl.II, SP \u0141abu\u0144ki, Dorota Kolaja<\/li>\n<\/ul>\n<p>&nbsp;<\/p>\n<h3 style=\"text-align: center;\"><strong>Kategoria klasy IV-VI<\/strong><\/h3>\n<p><span style=\"color: #05528a;\"><strong><span style=\"text-decoration: underline;\"><em>Nagrody:<\/em><\/span><\/strong><\/span><\/p>\n<ul>\n<li><strong>Milena<\/strong> <strong>Dudek<\/strong>, kl. VI, SP \u0141abunie, op. Ma\u0142gorzata Czuj<\/li>\n<li><strong>Mateusz<\/strong> <strong>Karwina<\/strong>, kl. V, SP \u0141abunie, op. Ma\u0142gorzata Czuj<\/li>\n<\/ul>\n<p>&nbsp;<\/p>\n<p><span style=\"color: #05528a;\"><strong><em><span style=\"text-decoration: underline;\">Wyr\u00f3\u017cnienie:<\/span><\/em><\/strong><\/span><\/p>\n<ul>\n<li><strong>Aleksandra<\/strong> <strong>Ko\u017cuszek<\/strong>, kl. V, SP \u0141abu\u0144ki, op. Robert Ko\u017cuszek<\/li>\n<\/ul>\n<p>&nbsp;<\/p>\n<p>Wystawa pokonkursowa od 21 stycznia w Galerii B\u0142\u0119kitnej, \u0141abunie ul. Orzechowa 10.<\/p>\n","protected":false},"excerpt":{"rendered":"<p>Posiedzenie komisji oceniaj\u0105cej prace w IV Gminnym Konkursie &#8220;Malowanie kol\u0119d&#8221; pod patronatem W\u00f3jta Gminy \u0141abunie odby\u0142o si\u0119 11 stycznia. Na konkurs zg\u0142oszono 81 prac plastycznych w 3 kategoriach wiekowych. Komisja powo\u0142ana zarz\u0105dzeniem W\u00f3jta w sk\u0142adzie: s. Teresa Neitsch \u2013 przewodnicz\u0105ca, s. Jadwiga Stawaruk &#8211; cz\u0142onek, Agnieszka Piela \u2013 sekretarz konkursu przyzna\u0142a 20 nagr\u00f3d i 13 [&hellip;]<\/p>\n","protected":false},"author":7,"featured_media":851,"comment_status":"closed","ping_status":"closed","sticky":false,"template":"","format":"standard","meta":{"footnotes":""},"categories":[1],"tags":[],"class_list":["post-2583","post","type-post","status-publish","format-standard","has-post-thumbnail","hentry","category-wpisy","clearfix"],"_links":{"self":[{"href":"https:\/\/www.labunie.com.pl\/index.php?rest_route=\/wp\/v2\/posts\/2583","targetHints":{"allow":["GET"]}}],"collection":[{"href":"https:\/\/www.labunie.com.pl\/index.php?rest_route=\/wp\/v2\/posts"}],"about":[{"href":"https:\/\/www.labunie.com.pl\/index.php?rest_route=\/wp\/v2\/types\/post"}],"author":[{"embeddable":true,"href":"https:\/\/www.labunie.com.pl\/index.php?rest_route=\/wp\/v2\/users\/7"}],"replies":[{"embeddable":true,"href":"https:\/\/www.labunie.com.pl\/index.php?rest_route=%2Fwp%2Fv2%2Fcomments&post=2583"}],"version-history":[{"count":5,"href":"https:\/\/www.labunie.com.pl\/index.php?rest_route=\/wp\/v2\/posts\/2583\/revisions"}],"predecessor-version":[{"id":2606,"href":"https:\/\/www.labunie.com.pl\/index.php?rest_route=\/wp\/v2\/posts\/2583\/revisions\/2606"}],"wp:featuredmedia":[{"embeddable":true,"href":"https:\/\/www.labunie.com.pl\/index.php?rest_route=\/wp\/v2\/media\/851"}],"wp:attachment":[{"href":"https:\/\/www.labunie.com.pl\/index.php?rest_route=%2Fwp%2Fv2%2Fmedia&parent=2583"}],"wp:term":[{"taxonomy":"category","embeddable":true,"href":"https:\/\/www.labunie.com.pl\/index.php?rest_route=%2Fwp%2Fv2%2Fcategories&post=2583"},{"taxonomy":"post_tag","embeddable":true,"href":"https:\/\/www.labunie.com.pl\/index.php?rest_route=%2Fwp%2Fv2%2Ftags&post=2583"}],"curies":[{"name":"wp","href":"https:\/\/api.w.org\/{rel}","templated":true}]}}