{"id":25823,"date":"2022-05-13T12:28:34","date_gmt":"2022-05-13T10:28:34","guid":{"rendered":"https:\/\/www.labunie.com.pl\/?p=25823"},"modified":"2022-05-23T11:00:41","modified_gmt":"2022-05-23T09:00:41","slug":"ii-gminny-dzien-seniora-zapraszamy","status":"publish","type":"post","link":"https:\/\/www.labunie.com.pl\/?p=25823","title":{"rendered":"II Gminny Dzie\u0144 Seniora &#8211; zapraszamy"},"content":{"rendered":"\n<p><strong>Warsztaty integracyjne, przygotowanie do wyst\u0119p\u00f3w artystycznych, a na fina\u0142 uroczysty dzie\u0144 z muzyk\u0105 na \u017cywo, tortem i wyst\u0119pami artystycznymi &#8211; zapraszamy senior\u00f3w na II Gminny Dzie\u0144 Seniora.<\/strong><\/p>\n\n\n\n<div style=\"height:12px\" aria-hidden=\"true\" class=\"wp-block-spacer\"><\/div>\n\n\n\n<!--more-->\n\n\n\n<p>Zapraszamy senior\u00f3w z gminy \u0141abunie na II edycj\u0119 Gminnego Dnia Seniora, kt\u00f3ra odb\u0119dzie si\u0119 w niedziel\u0119, 19 czerwca o godz. 14.00 w Domu Kultury w \u0141abuniach. Uroczysty dzie\u0144 poprzedz\u0105 spotkania z seniorami w w formie warsztat\u00f3w przygotowuj\u0105cych uczestnik\u00f3w do tego wydarzenia. Ruszy\u0142y zapisy ch\u0119tnych na II Gminny Dzie\u0144 Seniora. Mo\u017cna zg\u0142asza\u0107 si\u0119 do so\u0142tys\u00f3w w swoich miejscowo\u015bciach w terminie do 19 maja.<\/p>\n<p>Organizatorem wydarzenia realizowanego z bud\u017cetu gminy \u0141abunie w ramach Gminnego Programu Wsp\u00f3\u0142pracy z organizacjami pozarz\u0105dowymi i innymi podmiotami prowadz\u0105cymi dzia\u0142alno\u015b\u0107 po\u017cytku publicznego na 2022 rok&nbsp; jest Stowarzyszenie na Rzecz Rozwoju Gminy \u0141abunie. <span class=\"sr-only\">(current)<\/span><\/p>\n\n\n\n<div style=\"height:16px\" aria-hidden=\"true\" class=\"wp-block-spacer\"><\/div>\n\n\n\n<figure class=\"wp-block-image size-large\"><img loading=\"lazy\" decoding=\"async\" width=\"1024\" height=\"724\" src=\"https:\/\/www.labunie.com.pl\/wp-content\/uploads\/2022\/05\/II-GMINNY-DZIEN-SENIORA-PLAKAT-NA-STRONE-1024x724.png\" alt=\"\" class=\"wp-image-25826\" srcset=\"https:\/\/www.labunie.com.pl\/wp-content\/uploads\/2022\/05\/II-GMINNY-DZIEN-SENIORA-PLAKAT-NA-STRONE-1024x724.png 1024w, https:\/\/www.labunie.com.pl\/wp-content\/uploads\/2022\/05\/II-GMINNY-DZIEN-SENIORA-PLAKAT-NA-STRONE-300x212.png 300w, https:\/\/www.labunie.com.pl\/wp-content\/uploads\/2022\/05\/II-GMINNY-DZIEN-SENIORA-PLAKAT-NA-STRONE-768x543.png 768w, https:\/\/www.labunie.com.pl\/wp-content\/uploads\/2022\/05\/II-GMINNY-DZIEN-SENIORA-PLAKAT-NA-STRONE.png 1090w\" sizes=\"auto, (max-width: 1024px) 100vw, 1024px\" \/><\/figure>\n","protected":false},"excerpt":{"rendered":"<p>Warsztaty integracyjne, przygotowanie do wyst\u0119p\u00f3w artystycznych, a na fina\u0142 uroczysty dzie\u0144 z muzyk\u0105 na \u017cywo, tortem i wyst\u0119pami artystycznymi &#8211; zapraszamy senior\u00f3w na II Gminny Dzie\u0144 Seniora.<\/p>\n","protected":false},"author":11,"featured_media":25827,"comment_status":"closed","ping_status":"closed","sticky":false,"template":"","format":"standard","meta":{"footnotes":""},"categories":[1],"tags":[],"class_list":["post-25823","post","type-post","status-publish","format-standard","has-post-thumbnail","hentry","category-wpisy","clearfix"],"_links":{"self":[{"href":"https:\/\/www.labunie.com.pl\/index.php?rest_route=\/wp\/v2\/posts\/25823","targetHints":{"allow":["GET"]}}],"collection":[{"href":"https:\/\/www.labunie.com.pl\/index.php?rest_route=\/wp\/v2\/posts"}],"about":[{"href":"https:\/\/www.labunie.com.pl\/index.php?rest_route=\/wp\/v2\/types\/post"}],"author":[{"embeddable":true,"href":"https:\/\/www.labunie.com.pl\/index.php?rest_route=\/wp\/v2\/users\/11"}],"replies":[{"embeddable":true,"href":"https:\/\/www.labunie.com.pl\/index.php?rest_route=%2Fwp%2Fv2%2Fcomments&post=25823"}],"version-history":[{"count":2,"href":"https:\/\/www.labunie.com.pl\/index.php?rest_route=\/wp\/v2\/posts\/25823\/revisions"}],"predecessor-version":[{"id":25908,"href":"https:\/\/www.labunie.com.pl\/index.php?rest_route=\/wp\/v2\/posts\/25823\/revisions\/25908"}],"wp:featuredmedia":[{"embeddable":true,"href":"https:\/\/www.labunie.com.pl\/index.php?rest_route=\/wp\/v2\/media\/25827"}],"wp:attachment":[{"href":"https:\/\/www.labunie.com.pl\/index.php?rest_route=%2Fwp%2Fv2%2Fmedia&parent=25823"}],"wp:term":[{"taxonomy":"category","embeddable":true,"href":"https:\/\/www.labunie.com.pl\/index.php?rest_route=%2Fwp%2Fv2%2Fcategories&post=25823"},{"taxonomy":"post_tag","embeddable":true,"href":"https:\/\/www.labunie.com.pl\/index.php?rest_route=%2Fwp%2Fv2%2Ftags&post=25823"}],"curies":[{"name":"wp","href":"https:\/\/api.w.org\/{rel}","templated":true}]}}