{"id":25164,"date":"2022-03-16T12:31:53","date_gmt":"2022-03-16T11:31:53","guid":{"rendered":"https:\/\/www.labunie.com.pl\/?p=25164"},"modified":"2022-03-16T12:31:54","modified_gmt":"2022-03-16T11:31:54","slug":"pieniadze-dla-organizacji-pozarzadowych-na-wsparcie-uchodzcow-z-ukrainy","status":"publish","type":"post","link":"https:\/\/www.labunie.com.pl\/?p=25164","title":{"rendered":"Pieni\u0105dze dla organizacji pozarz\u0105dowych na wsparcie uchod\u017ac\u00f3w z Ukrainy"},"content":{"rendered":"\n<p><strong>Kancelaria Prezesa Rady Ministr\u00f3w og\u0142osi\u0142a mo\u017cliwo\u015b\u0107 sk\u0142adania ofert nas realizacj\u0119 zadania publicznego zmniejszaj\u0105cego skutki kryzysu humanitarnego spowodowanego masowym nap\u0142ywem do Polski uchod\u017ac\u00f3w z Ukrainy.<\/strong><\/p>\n\n\n\n<div style=\"height:10px\" aria-hidden=\"true\" class=\"wp-block-spacer\"><\/div>\n\n\n\n<!--more-->\n\n\n\n<p class=\"intro\">W zwi\u0105zku z kryzysem humanitarnym spowodowanym masowym nap\u0142ywem do Polski uchod\u017ac\u00f3w z obszaru Ukrainy dotkni\u0119tego w spos\u00f3b bezpo\u015bredni lub po\u015bredni dzia\u0142aniami wojennymi w wyniku agresji Federacji Rosyjskiej, Szef Kancelarii Prezesa Rady Ministr\u00f3w informuje, \u017ce na podstawie art. 11b ustawy z dnia 24 kwietnia 2003 r. o dzia\u0142alno\u015bci po\u017cytku publicznego i o wolontariacie (ustawa) Prezes Rady Ministr\u00f3w mo\u017ce zleci\u0107 organizacjom pozarz\u0105dowym oraz podmiotom, o kt\u00f3rych mowa w art. 3 ust. 3 (organizacji) ustawy realizacj\u0119 zadania publicznego, kt\u00f3rego celem jest zmniejszanie skutk\u00f3w kryzysu humanitarnego spowodowanego masowym nap\u0142ywem do Polski uchod\u017ac\u00f3w z Ukrainy i wsparcie dzia\u0142a\u0144 organizacji zmierzaj\u0105cych do efektywnego udzielania pomocy osobom i rodzinom potrzebuj\u0105cym, a tak\u017ce koordynacj\u0119 wsparcia w tym zakresie, z pomini\u0119ciem otwartego konkursu ofert. <\/p>\n<div class=\"editor-content\">\n<div>\n<h3><big>Zadanie publiczne, o kt\u00f3rym mowa mo\u017ce polega\u0107 w szczeg\u00f3lno\u015bci na: <\/big><\/h3>\n<ul>\n<li><big>koordynacji dzia\u0142alno\u015bci organizacji udzielaj\u0105cych pomocy w punktach recepcyjnych uchod\u017ac\u00f3w, w tym na dworcach kolejowych i autobusowych, miejscach rejestracji uchod\u017ac\u00f3w, miejscach tymczasowego zakwaterowania, wy\u017cywienia, koordynacji logistyki i magazyn\u00f3w, koordynacji plac\u00f3wek dla uchod\u017ac\u00f3w, je\u015bli s\u0105 prowadzone przez organizacje,<\/big><\/li>\n<li><big>koordynacji zbi\u00f3rek \u017cywno\u015bci, ubra\u0144, \u015brodk\u00f3w higienicznych i opatrunkowych, <\/big><\/li>\n<li><big>koordynacji dzia\u0142a\u0144 wolontariuszy,<\/big><\/li>\n<li><big>organizacji i udzielania wsparcia psychologicznego, prawnego , zawodowego i j\u0119zykowego,<\/big><\/li>\n<li><big>organizacji i prowadzenia nauki podstaw j\u0119zyka polskiego dla dzieci i os\u00f3b doros\u0142ych w grupach zorganizowanych, <\/big><\/li>\n<li><big>zapewnienie niezb\u0119dnych warunk\u00f3w do utrzymania wolontariuszy, kt\u00f3rzy \u015bwiadcz\u0105 s\u0142u\u017cb\u0119 poza miejscem zamieszkania, w tym koszt\u00f3w zakwaterowania, wy\u017cywienia, przejazdu (zakupu paliwa) i ubezpieczenia zdrowotnego oraz od odpowiedzialno\u015bci cywilnej i nast\u0119pstw nieszcz\u0119\u015bliwych wypadk\u00f3w, a tak\u017ce koszt\u00f3w przejazdu z miejsca zamieszkania do miejsca pe\u0142nienia s\u0142u\u017cby pod warunkiem, \u017ce s\u0142u\u017cba taka jest pe\u0142niona nieprzerwanie przynajmniej przez okres jednego tygodnia i w wymiarze odpowiadaj\u0105cym pe\u0142nemu etatowi, <\/big><\/li>\n<li><big>zapewnienie wy\u017cywienia, przejazdu (zakupu paliwa) \u00a0i ubezpieczenia od odpowiedzialno\u015bci cywilnej i nast\u0119pstw nieszcz\u0119\u015bliwych wypadk\u00f3w w przypadku \u015bwiadczenia s\u0142u\u017cby w miejscu zakwaterowania nieprzerwanie przynajmniej przez okres jednego tygodnia przez co najmniej 4 godziny dziennie,<\/big><\/li>\n<li><big>zapewnienie wy\u017cywienia, przejazdu (zakupu paliwa) w przypadku \u015bwiadczenia s\u0142u\u017cby w miejscu zakwaterowania w spos\u00f3b nieregularny.<\/big><\/li>\n<\/ul>\n<p><big>Zadanie publiczne mo\u017ce by\u0107 przedmiotem niniejszego zlecenia o ile nie ma charakteru inwestycyjnego. Organizacja mo\u017ce w ramach zadania pokry\u0107 koszty zakupu niezb\u0119dnego wyposa\u017cenia (np. sprz\u0119t do gotowania, przeno\u015bne grzejniki, ogrzewacze i inne maszyny do ogrzewania, agregaty pr\u0105dotw\u00f3rcze, przeno\u015bne toalety, internet mobilny, karty SIM), o ile wydatek poniesiony na jego zakup nie jest wydatkiem maj\u0105tkowym w rozumieniu ustawy o rachunkowo\u015bci.<br \/><br \/>Szczeg\u00f3\u0142owy zakres zadania publicznego proponuje organizacja w ofercie realizacji zadania.\u00a0 <\/big><\/p>\n<h3><big>Oferta powinna zawiera\u0107 w szczeg\u00f3lno\u015bci:<\/big><\/h3>\n<ol>\n<li><big>szczeg\u00f3\u0142owy\u00a0 zakres\u00a0 rzeczowy\u00a0 zadania\u00a0 publicznego proponowanego\u00a0 do realizacji;<\/big><\/li>\n<li><big>termin i miejsce realizacji zadania publicznego;<\/big><\/li>\n<li><big>kalkulacj\u0119 przewidywanych koszt\u00f3w realizacji zadania publicznego;<\/big><\/li>\n<li><big>informacj\u0119\u00a0 o wcze\u015bniejszej\u00a0 dzia\u0142alno\u015bci\u00a0 organizacji\u00a0 pozarz\u0105dowej\u00a0 lub podmiot\u00f3w wymienionych w art. 3 ust.3 ustawy sk\u0142adaj\u0105cych ofert\u0119 w zakresie, kt\u00f3rego dotyczy zadanie publiczne;<\/big><\/li>\n<li><big>informacj\u0119 o posiadanych\u00a0 zasobach\u00a0 rzeczowych\u00a0 i kadrowych\u00a0 zapewniaj\u0105cych wykonanie\u00a0\u00a0 zadania\u00a0\u00a0 publicznego\u00a0\u00a0 oraz\u00a0\u00a0 o<\/big>\u00a0<big>planowanej\u00a0 wysoko\u015bci\u00a0 \u015brodk\u00f3w finansowych na realizacj\u0119 danego zadania pochodz\u0105cych z innych \u017ar\u00f3de\u0142;<\/big><\/li>\n<li><big>deklaracj\u0119\u00a0 o zamiarze\u00a0 odp\u0142atnego\u00a0 lub\u00a0 nieodp\u0142atnego\u00a0 wykonania\u00a0 zadania publicznego<\/big><\/li>\n<\/ol>\n<p><big>Wolontariuszami, o kt\u00f3rych mowa w niniejszym og\u0142oszeniu mog\u0105 by\u0107 obywatele UE oraz obywatele Ukrainy. Organizacja musi wykaza\u0107 w ofercie, \u017ce ma mo\u017cliwo\u015bci zrealizowania zadania, w tym dysponuje niezb\u0119dnymi do tego zasobami, na obszarze wskazanym w ofercie.<br \/><br \/>Oferta powinna zosta\u0107 z\u0142o\u017cona zgodnie ze <a href=\"https:\/\/www.gov.pl\/attachment\/047406b0-1e75-48c8-870c-a0e6d2765a56\"><strong>wzorem<\/strong><\/a> (dost\u0119pny pod linkiem oraz\u00a0jako za\u0142\u0105cznik do niniejszego artyku\u0142u) okre\u015blonym w Rozporz\u0105dzeniu Przewodnicz\u0105cego Komitetu ds. Po\u017cytku Publicznego z dnia 24 pa\u017adziernika 2018 r. w sprawie wzor\u00f3w ofert i ramowych wzor\u00f3w um\u00f3w dotycz\u0105cych realizacji zada\u0144 publicznych oraz wzor\u00f3w sprawozda\u0144 z wykonania tych zada\u0144.<br \/><br \/>Minimalna warto\u015b\u0107 zadania publicznego, o kt\u00f3rym mowa w niniejszym og\u0142oszeniu wynosi 100 tysi\u0119cy z\u0142otych, a maksymalna warto\u015b\u0107 500 tysi\u0119cy z\u0142otych.<br \/><br \/>Wniesienie wk\u0142adu w\u0142asnego na realizacj\u0119 zadania, o kt\u00f3rym mowa w og\u0142oszeniu nie jest wymagane.<br \/>Zadanie mo\u017ce by\u0107 realizowane od dnia podpisania umowy, nie d\u0142u\u017cej ni\u017c do 30 czerwca 2022 r.<br \/><br \/><strong>Oferty na realizacj\u0119 zadania publicznego, o kt\u00f3rym mowa w niniejszym og\u0142oszeniu mo\u017cna sk\u0142ada\u0107 do wyczerpania \u015brodk\u00f3w:<\/strong><\/big><\/p>\n<ol>\n<li><strong><big>osobi\u015bcie: Dziennik Podawczy, al. Szucha 14, Warszawa (pn.-pt., 8.15-16.15).<\/big><\/strong><\/li>\n<li><strong><big>przez ePUAP<\/big><\/strong><\/li>\n<li><strong><big>mailowo na adres: <a href=\"mailto:bprm@kprm.gov.pl\">bprm@kprm.gov.pl<\/a><\/big><\/strong><\/li>\n<\/ol>\n<p><big>Szef Kancelarii Prezesa Rady Ministr\u00f3w informuje, \u017ce \u015brodki na pokrycie koszt\u00f3w realizacji zada\u0144 publicznych zleconych w zwi\u0105zku z niniejszym og\u0142oszeniem pochodz\u0105 z rezerwy og\u00f3lnej bud\u017cetu pa\u0144stwa i wynosz\u0105 10 milion\u00f3w z\u0142otych.\u00a0<br \/><br \/>Szef Kancelarii Prezesa Rady Ministr\u00f3w wyja\u015bnia, \u017ce w zwi\u0105zku z tym, \u017ce samo z\u0142o\u017cenie oferty nie zobowi\u0105zuje do zlecenia zadania publicznego, ofert\u0119 nale\u017cy rozumie\u0107 jako o\u015bwiadczenie woli sk\u0142adaj\u0105cego, o kt\u00f3rym mowa w art. 61 kodeksu cywilnego.<\/big><\/p>\n<\/div>\n<\/div>\n<h3>Materia\u0142y<\/h3>\n<p class=\"intro\"><a class=\"file-download\" href=\"https:\/\/www.gov.pl\/attachment\/047406b0-1e75-48c8-870c-a0e6d2765a56\" target=\"_blank\" rel=\"noopener\" download=\"\" aria-label=\"\nPobierz plik Wz\u00f3r_oferty_do_edycji.docx\nRozmiar: 0.05MB\nFormat: docx\"> Wz\u00f3r wniosku w wersji edytowalnej do uzupe\u0142nienia<br \/><span class=\"extension\">Wz\u00f3r\u200b_oferty\u200b_do\u200b_edycji.docx<\/span> <span class=\"details\">0.05MB<\/span>\u00a0<\/a><\/p>\n<div class=\"main-photo\"><picture> <source srcset=\"\/photo\/format\/1ec2a596-3295-4ab9-8eba-1a17daf7b053\/resolution\/700x295 700w,\n\/photo\/format\/1ec2a596-3295-4ab9-8eba-1a17daf7b053\/resolution\/1044x440 1044w,\n\/photo\/format\/1ec2a596-3295-4ab9-8eba-1a17daf7b053\/resolution\/1328x560 1328w\" media=\"(min-width: 0rem) and (max-width: 43.6875rem)\" sizes=\"calc(100vw - 2.2em)\" \/> <source srcset=\"\/photo\/format\/1ec2a596-3295-4ab9-8eba-1a17daf7b053\/resolution\/1408x594\" media=\"(min-width: 43.75rem) and (max-width: 79.9375rem)\" \/> <source srcset=\"\/photo\/format\/1ec2a596-3295-4ab9-8eba-1a17daf7b053\/resolution\/729x308 729w,\n\/photo\/format\/1ec2a596-3295-4ab9-8eba-1a17daf7b053\/resolution\/1460x616 1460w\" media=\"(min-width: 80rem)\" sizes=\"(min-width: 93.75rem) 48.1875rem, (min-width:80rem) 51vw\" \/> <\/picture><\/div>\n","protected":false},"excerpt":{"rendered":"<p>Kancelaria Prezesa Rady Ministr\u00f3w og\u0142osi\u0142a mo\u017cliwo\u015b\u0107 sk\u0142adania ofert nas realizacj\u0119 zadania publicznego zmniejszaj\u0105cego skutki kryzysu humanitarnego spowodowanego masowym nap\u0142ywem do Polski uchod\u017ac\u00f3w z Ukrainy.<\/p>\n","protected":false},"author":11,"featured_media":25166,"comment_status":"closed","ping_status":"closed","sticky":false,"template":"","format":"standard","meta":{"footnotes":""},"categories":[1],"tags":[],"class_list":["post-25164","post","type-post","status-publish","format-standard","has-post-thumbnail","hentry","category-wpisy","clearfix"],"_links":{"self":[{"href":"https:\/\/www.labunie.com.pl\/index.php?rest_route=\/wp\/v2\/posts\/25164","targetHints":{"allow":["GET"]}}],"collection":[{"href":"https:\/\/www.labunie.com.pl\/index.php?rest_route=\/wp\/v2\/posts"}],"about":[{"href":"https:\/\/www.labunie.com.pl\/index.php?rest_route=\/wp\/v2\/types\/post"}],"author":[{"embeddable":true,"href":"https:\/\/www.labunie.com.pl\/index.php?rest_route=\/wp\/v2\/users\/11"}],"replies":[{"embeddable":true,"href":"https:\/\/www.labunie.com.pl\/index.php?rest_route=%2Fwp%2Fv2%2Fcomments&post=25164"}],"version-history":[{"count":2,"href":"https:\/\/www.labunie.com.pl\/index.php?rest_route=\/wp\/v2\/posts\/25164\/revisions"}],"predecessor-version":[{"id":25167,"href":"https:\/\/www.labunie.com.pl\/index.php?rest_route=\/wp\/v2\/posts\/25164\/revisions\/25167"}],"wp:featuredmedia":[{"embeddable":true,"href":"https:\/\/www.labunie.com.pl\/index.php?rest_route=\/wp\/v2\/media\/25166"}],"wp:attachment":[{"href":"https:\/\/www.labunie.com.pl\/index.php?rest_route=%2Fwp%2Fv2%2Fmedia&parent=25164"}],"wp:term":[{"taxonomy":"category","embeddable":true,"href":"https:\/\/www.labunie.com.pl\/index.php?rest_route=%2Fwp%2Fv2%2Fcategories&post=25164"},{"taxonomy":"post_tag","embeddable":true,"href":"https:\/\/www.labunie.com.pl\/index.php?rest_route=%2Fwp%2Fv2%2Ftags&post=25164"}],"curies":[{"name":"wp","href":"https:\/\/api.w.org\/{rel}","templated":true}]}}