{"id":25124,"date":"2022-03-11T14:23:00","date_gmt":"2022-03-11T13:23:00","guid":{"rendered":"https:\/\/www.labunie.com.pl\/?p=25124"},"modified":"2022-03-11T14:23:00","modified_gmt":"2022-03-11T13:23:00","slug":"koncert-lubelskie-z-ukraina","status":"publish","type":"post","link":"https:\/\/www.labunie.com.pl\/?p=25124","title":{"rendered":"Koncert &#8220;Lubelskie z Ukrain\u0105&#8221;"},"content":{"rendered":"\n<p><strong>Zapraszamy na koncert charytatywny \u201eLubelskie z Ukrain\u0105\u201d. Odb\u0119dzie si\u0119 w niedziel\u0119 13 marca w Centrum Spotkania Kultur w Lublinie. <br \/><\/strong><\/p>\n\n\n\n<div style=\"height:12px\" aria-hidden=\"true\" class=\"wp-block-spacer\"><\/div>\n\n\n\n<!--more-->\n\n\n\n<p>W koncercie wezm\u0105 udzia\u0142 znakomici arty\u015bci: Enej, Krzysztof Cugowski, Chris Cugowski, soli\u015bci i Band Teatru Muzycznego w Lublinie, gitarzysta Adam Drathe, Ch\u00f3r Gospel Rain, Jolanta Sip, Norbert Smoli\u0144ski \u201eSmo\u0142a\u201d, Mariusz Osta\u0144ski i Magda Welc oraz tancerze ukrai\u0144scy.<\/p>\n\n\n\n<p>Koncert jest realizowany ca\u0142kowicie charytatywnie. Do udzia\u0142u w wydarzeniu uprawnia przekazanie cegie\u0142ki na rzecz pomocy uchod\u017ac\u00f3w z ogarni\u0119tej wojn\u0105 Ukrainy. Warto\u015b\u0107 cegie\u0142ki to min. 100 z\u0142. Datek mo\u017cna przekaza\u0107 w dniu koncertu wolontariuszom z CSK lub wcze\u015bniej w Ksi\u0119gowo\u015bci TVP Lublin, a w zamian otrzyma si\u0119 kart\u0119 wst\u0119pu. Informacje i rezerwacje pod nr. tel.601 600&nbsp;622.<\/p>\n\n\n\n<p>Organizatorami wydarzenia s\u0105 Marsza\u0142ek Wojew\u00f3dztwa Lubelskiego Jaros\u0142aw Stawiarski oraz TVP 3 Lublin.<\/p>\n\n\n\n\n\n<figure class=\"wp-block-image size-large\"><img loading=\"lazy\" decoding=\"async\" width=\"1024\" height=\"614\" src=\"https:\/\/www.labunie.com.pl\/wp-content\/uploads\/2022\/03\/Lubelskie_str-1024x614.jpg\" alt=\"\" class=\"wp-image-25125\" srcset=\"https:\/\/www.labunie.com.pl\/wp-content\/uploads\/2022\/03\/Lubelskie_str-1024x614.jpg 1024w, https:\/\/www.labunie.com.pl\/wp-content\/uploads\/2022\/03\/Lubelskie_str-300x180.jpg 300w, https:\/\/www.labunie.com.pl\/wp-content\/uploads\/2022\/03\/Lubelskie_str-768x460.jpg 768w, https:\/\/www.labunie.com.pl\/wp-content\/uploads\/2022\/03\/Lubelskie_str.jpg 1200w\" sizes=\"auto, (max-width: 1024px) 100vw, 1024px\" \/><\/figure>\n","protected":false},"excerpt":{"rendered":"<p>Zapraszamy na koncert charytatywny \u201eLubelskie z Ukrain\u0105\u201d. Odb\u0119dzie si\u0119 w niedziel\u0119 13 marca w Centrum Spotkania Kultur w Lublinie.<\/p>\n","protected":false},"author":11,"featured_media":25128,"comment_status":"closed","ping_status":"closed","sticky":false,"template":"","format":"standard","meta":{"footnotes":""},"categories":[1],"tags":[],"class_list":["post-25124","post","type-post","status-publish","format-standard","has-post-thumbnail","hentry","category-wpisy","clearfix"],"_links":{"self":[{"href":"https:\/\/www.labunie.com.pl\/index.php?rest_route=\/wp\/v2\/posts\/25124","targetHints":{"allow":["GET"]}}],"collection":[{"href":"https:\/\/www.labunie.com.pl\/index.php?rest_route=\/wp\/v2\/posts"}],"about":[{"href":"https:\/\/www.labunie.com.pl\/index.php?rest_route=\/wp\/v2\/types\/post"}],"author":[{"embeddable":true,"href":"https:\/\/www.labunie.com.pl\/index.php?rest_route=\/wp\/v2\/users\/11"}],"replies":[{"embeddable":true,"href":"https:\/\/www.labunie.com.pl\/index.php?rest_route=%2Fwp%2Fv2%2Fcomments&post=25124"}],"version-history":[{"count":2,"href":"https:\/\/www.labunie.com.pl\/index.php?rest_route=\/wp\/v2\/posts\/25124\/revisions"}],"predecessor-version":[{"id":25127,"href":"https:\/\/www.labunie.com.pl\/index.php?rest_route=\/wp\/v2\/posts\/25124\/revisions\/25127"}],"wp:featuredmedia":[{"embeddable":true,"href":"https:\/\/www.labunie.com.pl\/index.php?rest_route=\/wp\/v2\/media\/25128"}],"wp:attachment":[{"href":"https:\/\/www.labunie.com.pl\/index.php?rest_route=%2Fwp%2Fv2%2Fmedia&parent=25124"}],"wp:term":[{"taxonomy":"category","embeddable":true,"href":"https:\/\/www.labunie.com.pl\/index.php?rest_route=%2Fwp%2Fv2%2Fcategories&post=25124"},{"taxonomy":"post_tag","embeddable":true,"href":"https:\/\/www.labunie.com.pl\/index.php?rest_route=%2Fwp%2Fv2%2Ftags&post=25124"}],"curies":[{"name":"wp","href":"https:\/\/api.w.org\/{rel}","templated":true}]}}