{"id":17919,"date":"2020-06-15T12:54:29","date_gmt":"2020-06-15T10:54:29","guid":{"rendered":"https:\/\/www.labunie.com.pl\/?p=17919"},"modified":"2020-06-16T07:33:03","modified_gmt":"2020-06-16T05:33:03","slug":"wiceminister-sprawiedliwosci-i-wicewojewoda-z-wizyta-w-gminie-labunie","status":"publish","type":"post","link":"https:\/\/www.labunie.com.pl\/?p=17919","title":{"rendered":"Wiceminister sprawiedliwo\u015bci i wicewojewoda z wizyt\u0105 w gminie \u0141abunie"},"content":{"rendered":"\n<p><strong>Podsekretarz Stanu w Ministerstwie Sprawiedliwo\u015bci \u2013 Marcin Romanowski oraz wicewojewoda lubelski \u2013 Boles\u0142aw Gzik wizytowali w gminie \u0141abunie w zwi\u0105zku z nawa\u0142nicami, jakie w czwartek, 11 czerwca przesz\u0142y nad powiatem zamojskim. <\/strong><\/p>\n\n\n\n<div style=\"height:20px\" aria-hidden=\"true\" class=\"wp-block-spacer\"><\/div>\n\n\n\n<!--more-->\n\n\n\n<p>W niedziel\u0119, 14 czerwca wiceminister i wicewojewoda odwiedzili okoliczne gminy, gdzie nawa\u0142nica wyrz\u0105dzi\u0142a najwi\u0119ksze szkody. Marcin Romanowski oraz Boles\u0142aw Gzik wizytowali r\u00f3wnie\u017c w gminie \u0141abunie. Odwiedzili Br\u00f3dek, gdzie spotkali si\u0119 z W\u00f3jtem Gminy \u0141abunie \u2013 Mariuszem Kukie\u0142k\u0105 oraz stra\u017cakami z miejscowej OSP.<\/p>\n<p>Przypomnijmy \u2013 na skutek nawa\u0142nicy, jaka przesz\u0142a nad Zamojszczyzn\u0105, stra\u017cacy interweniowali ponad 140 razy. Najcz\u0119\u015bciej wyje\u017cd\u017cali do usuwania po\u0142amanych drzew, kt\u00f3re uszkodzi\u0142y budynki i samochody. W dzia\u0142aniach ratowniczych brali r\u00f3wnie\u017c udzia\u0142 stra\u017cacy z naszej gminy, kt\u00f3rzy ze skutkami nawa\u0142nicy walczyli w s\u0105siednich gminach. W \u0141abuniach i okolicznych miejscowo\u015bciach nie odnotowano powa\u017cnych zniszcze\u0144.<\/p>\n\n\n\n<div style=\"height:20px\" aria-hidden=\"true\" class=\"wp-block-spacer\"><\/div>\n\n\n\n\n\n<p>[lg_folder folder=&#8221;20200615\/&#8221; paging=&#8221;false&#8221;]<\/p>\n","protected":false},"excerpt":{"rendered":"<p>Podsekretarz Stanu w Ministerstwie Sprawiedliwo\u015bci \u2013 Marcin Romanowski oraz wicewojewoda lubelski \u2013 Boles\u0142aw Gzik wizytowali w gminie \u0141abunie w zwi\u0105zku z nawa\u0142nicami, jakie w czwartek, 11 czerwca przesz\u0142y nad powiatem zamojskim.<\/p>\n","protected":false},"author":11,"featured_media":17932,"comment_status":"closed","ping_status":"closed","sticky":false,"template":"","format":"standard","meta":{"footnotes":""},"categories":[1],"tags":[],"class_list":["post-17919","post","type-post","status-publish","format-standard","has-post-thumbnail","hentry","category-wpisy","clearfix"],"_links":{"self":[{"href":"https:\/\/www.labunie.com.pl\/index.php?rest_route=\/wp\/v2\/posts\/17919","targetHints":{"allow":["GET"]}}],"collection":[{"href":"https:\/\/www.labunie.com.pl\/index.php?rest_route=\/wp\/v2\/posts"}],"about":[{"href":"https:\/\/www.labunie.com.pl\/index.php?rest_route=\/wp\/v2\/types\/post"}],"author":[{"embeddable":true,"href":"https:\/\/www.labunie.com.pl\/index.php?rest_route=\/wp\/v2\/users\/11"}],"replies":[{"embeddable":true,"href":"https:\/\/www.labunie.com.pl\/index.php?rest_route=%2Fwp%2Fv2%2Fcomments&post=17919"}],"version-history":[{"count":3,"href":"https:\/\/www.labunie.com.pl\/index.php?rest_route=\/wp\/v2\/posts\/17919\/revisions"}],"predecessor-version":[{"id":17931,"href":"https:\/\/www.labunie.com.pl\/index.php?rest_route=\/wp\/v2\/posts\/17919\/revisions\/17931"}],"wp:featuredmedia":[{"embeddable":true,"href":"https:\/\/www.labunie.com.pl\/index.php?rest_route=\/wp\/v2\/media\/17932"}],"wp:attachment":[{"href":"https:\/\/www.labunie.com.pl\/index.php?rest_route=%2Fwp%2Fv2%2Fmedia&parent=17919"}],"wp:term":[{"taxonomy":"category","embeddable":true,"href":"https:\/\/www.labunie.com.pl\/index.php?rest_route=%2Fwp%2Fv2%2Fcategories&post=17919"},{"taxonomy":"post_tag","embeddable":true,"href":"https:\/\/www.labunie.com.pl\/index.php?rest_route=%2Fwp%2Fv2%2Ftags&post=17919"}],"curies":[{"name":"wp","href":"https:\/\/api.w.org\/{rel}","templated":true}]}}