{"id":17635,"date":"2020-06-01T07:00:00","date_gmt":"2020-06-01T05:00:00","guid":{"rendered":"https:\/\/www.labunie.com.pl\/?p=17635"},"modified":"2020-05-28T14:10:55","modified_gmt":"2020-05-28T12:10:55","slug":"raport-o-stanie-gminy-za-2019-rok","status":"publish","type":"post","link":"https:\/\/www.labunie.com.pl\/?p=17635","title":{"rendered":"Raport o stanie gminy za 2019 rok"},"content":{"rendered":"\n<p><strong>Na podstawie art. 28aa ustawy z dnia 8 marca 1990 r. o samorz\u0105dzie gminnym, W\u00f3jt co roku do dnia 31 maja przedstawia radzie gminy raport o stanie gminy. <\/strong><\/p>\n\n\n\n<!--more-->\n\n\n\n<div style=\"height:20px\" aria-hidden=\"true\" class=\"wp-block-spacer\"><\/div>\n\n\n\n<p><strong>Raport obejmuje:<\/strong> podsumowanie dzia\u0142alno\u015bci w\u00f3jta w roku poprzednim, w szczeg\u00f3lno\u015bci realizacj\u0119 polityk, program\u00f3w, strategii i uchwa\u0142 rady gminy. Rada gminy rozpatruje raport podczas sesji, na kt\u00f3rej podejmowana jest uchwa\u0142a w sprawie udzielenia lub nieudzielenia absolutorium w\u00f3jtowi. Raport rozpatrywany jest w pierwszej kolejno\u015bci. <\/p>\n\n\n\n<div style=\"height:40px\" aria-hidden=\"true\" class=\"wp-block-spacer\"><\/div>\n\n\n\n<div class=\"wp-block-file\"><a href=\"https:\/\/www.labunie.com.pl\/wp-content\/uploads\/2020\/05\/raport-o-stanie-gminy-za-2019.pdf\" target=\"_blank\" rel=\"noreferrer noopener\"><span style=\"color:#059cf4;font-size:20px\" class=\"tadv-color\"><strong>Raport o stanie gminy za 2019<\/strong><\/span><\/a><a href=\"https:\/\/www.labunie.com.pl\/wp-content\/uploads\/2020\/05\/raport-o-stanie-gminy-za-2019.pdf\" class=\"wp-block-file__button\" download>Pobierz<\/a><\/div>\n\n\n\n<div style=\"height:40px\" aria-hidden=\"true\" class=\"wp-block-spacer\"><\/div>\n\n\n\n<p>Nad\nprzedstawionym raportem o stanie gminy przeprowadza si\u0119 debat\u0119, w kt\u00f3rej radni\nzabieraj\u0105 g\u0142os bez ogranicze\u0144 czasowych. <\/p>\n\n\n\n<div style=\"height:20px\" aria-hidden=\"true\" class=\"wp-block-spacer\"><\/div>\n\n\n\n<p>W\ndebacie mog\u0105 zabiera\u0107 g\u0142os mieszka\u0144cy gminy. <\/p>\n\n\n\n<div style=\"height:20px\" aria-hidden=\"true\" class=\"wp-block-spacer\"><\/div>\n\n\n\n<p><strong>Mieszkaniec, kt\u00f3ry chcia\u0142by zabra\u0107 g\u0142os\nsk\u0142ada do przewodnicz\u0105cej rady gminy pisemne zg\u0142oszenie, poparte podpisami co\nnajmniej 20 os\u00f3b.<\/strong> <\/p>\n\n\n\n<div style=\"height:20px\" aria-hidden=\"true\" class=\"wp-block-spacer\"><\/div>\n\n\n\n<p><strong>Zg\u0142oszenie sk\u0142ada si\u0119 najp\u00f3\u017aniej w dniu\npoprzedzaj\u0105cym dzie\u0144, zwo\u0142ania sesji, na kt\u00f3rej ma by\u0107 przedstawiany raport o\nstanie gminy. <\/strong><\/p>\n\n\n\n<div style=\"height:20px\" aria-hidden=\"true\" class=\"wp-block-spacer\"><\/div>\n\n\n\n<p>Mieszka\u0144cy\ns\u0105 dopuszczani do g\u0142osu wed\u0142ug kolejno\u015bci otrzymania przez przewodnicz\u0105c\u0105 rady\nzg\u0142oszenia. <\/p>\n\n\n\n<div style=\"height:20px\" aria-hidden=\"true\" class=\"wp-block-spacer\"><\/div>\n\n\n\n<p><strong>Ustawowa liczba mieszka\u0144c\u00f3w mog\u0105cych\nzabra\u0107 g\u0142os w debacie wynosi 15<\/strong>.\n<\/p>\n\n\n\n<div style=\"height:20px\" aria-hidden=\"true\" class=\"wp-block-spacer\"><\/div>\n\n\n\n<p>Rada\ngminy mo\u017ce postanowi\u0107 o zwi\u0119kszeniu liczby mieszka\u0144c\u00f3w zabieraj\u0105cych g\u0142os w\ndebacie.<\/p>\n\n\n\n<div style=\"height:20px\" aria-hidden=\"true\" class=\"wp-block-spacer\"><\/div>\n\n\n\n<p>Po\nzako\u0144czeniu debaty nad raportem rada gminy przeprowadza g\u0142osowanie nad\nudzieleniem w\u00f3jtowi wotum zaufania. <\/p>\n\n\n\n<div style=\"height:20px\" aria-hidden=\"true\" class=\"wp-block-spacer\"><\/div>\n\n\n\n<p>Uchwa\u0142\u0119\no udzieleniu w\u00f3jtowi wotum zaufania rada gminy podejmuje bezwzgl\u0119dn\u0105\nwi\u0119kszo\u015bci\u0105 g\u0142os\u00f3w ustawowego sk\u0142adu rady gminy. <\/p>\n\n\n\n<div style=\"height:20px\" aria-hidden=\"true\" class=\"wp-block-spacer\"><\/div>\n\n\n\n<p>Niepodj\u0119cie\nuchwa\u0142y o udzieleniu w\u00f3jtowi wotum zaufania jest r\u00f3wnoznaczne z podj\u0119ciem\nuchwa\u0142y o nieudzieleniu w\u00f3jtowi wotum zaufania.<\/p>\n\n\n\n<div style=\"height:20px\" aria-hidden=\"true\" class=\"wp-block-spacer\"><\/div>\n\n\n\n<p>W\nprzypadku nieudzielenia w\u00f3jtowi wotum zaufania w dw\u00f3ch kolejnych latach rada\ngminy mo\u017ce podj\u0105\u0107 uchwa\u0142\u0119 o przeprowadzeniu referendum.<\/p>\n\n\n\n<div style=\"height:20px\" aria-hidden=\"true\" class=\"wp-block-spacer\"><\/div>\n\n\n\n<p><strong>Zg\u0142oszenia mieszka\u0144c\u00f3w, kt\u00f3rzy chc\u0105 zabra\u0107 g\u0142os w debacie nad przedstawionym raportem o stanie gminy b\u0119d\u0105 przyjmowanie od 2 do 23 czerwca 2020 r. na adres <\/strong>e-mail:<strong> <\/strong><a href=\"mailto:uglabunie@labunie.com.pl\">uglabunie@labunie.com.pl<\/a><strong> lub <\/strong>skrytka ePUAP: <strong>\/uglabunie\/skrytkaESP.<\/strong><\/p>\n\n\n\n<div style=\"height:20px\" aria-hidden=\"true\" class=\"wp-block-spacer\"><\/div>\n\n\n\n<div class=\"wp-block-file\"><a href=\"https:\/\/www.labunie.com.pl\/wp-content\/uploads\/2020\/05\/lista_poparcia.pdf\">Lista poparcia do zabrania g\u0142osu w debacie nad raportem o stanie gminy<\/a><a href=\"https:\/\/www.labunie.com.pl\/wp-content\/uploads\/2020\/05\/lista_poparcia.pdf\" class=\"wp-block-file__button\" download>Pobierz<\/a><\/div>\n","protected":false},"excerpt":{"rendered":"<p>Na podstawie art. 28aa ustawy z dnia 8 marca 1990 r. o samorz\u0105dzie gminnym, W\u00f3jt co roku do dnia 31 maja przedstawia radzie gminy raport o stanie gminy.<\/p>\n","protected":false},"author":7,"featured_media":1154,"comment_status":"closed","ping_status":"closed","sticky":false,"template":"","format":"standard","meta":{"footnotes":""},"categories":[1],"tags":[],"class_list":["post-17635","post","type-post","status-publish","format-standard","has-post-thumbnail","hentry","category-wpisy","clearfix"],"_links":{"self":[{"href":"https:\/\/www.labunie.com.pl\/index.php?rest_route=\/wp\/v2\/posts\/17635","targetHints":{"allow":["GET"]}}],"collection":[{"href":"https:\/\/www.labunie.com.pl\/index.php?rest_route=\/wp\/v2\/posts"}],"about":[{"href":"https:\/\/www.labunie.com.pl\/index.php?rest_route=\/wp\/v2\/types\/post"}],"author":[{"embeddable":true,"href":"https:\/\/www.labunie.com.pl\/index.php?rest_route=\/wp\/v2\/users\/7"}],"replies":[{"embeddable":true,"href":"https:\/\/www.labunie.com.pl\/index.php?rest_route=%2Fwp%2Fv2%2Fcomments&post=17635"}],"version-history":[{"count":5,"href":"https:\/\/www.labunie.com.pl\/index.php?rest_route=\/wp\/v2\/posts\/17635\/revisions"}],"predecessor-version":[{"id":17648,"href":"https:\/\/www.labunie.com.pl\/index.php?rest_route=\/wp\/v2\/posts\/17635\/revisions\/17648"}],"wp:featuredmedia":[{"embeddable":true,"href":"https:\/\/www.labunie.com.pl\/index.php?rest_route=\/wp\/v2\/media\/1154"}],"wp:attachment":[{"href":"https:\/\/www.labunie.com.pl\/index.php?rest_route=%2Fwp%2Fv2%2Fmedia&parent=17635"}],"wp:term":[{"taxonomy":"category","embeddable":true,"href":"https:\/\/www.labunie.com.pl\/index.php?rest_route=%2Fwp%2Fv2%2Fcategories&post=17635"},{"taxonomy":"post_tag","embeddable":true,"href":"https:\/\/www.labunie.com.pl\/index.php?rest_route=%2Fwp%2Fv2%2Ftags&post=17635"}],"curies":[{"name":"wp","href":"https:\/\/api.w.org\/{rel}","templated":true}]}}