{"id":17242,"date":"2020-04-27T10:27:42","date_gmt":"2020-04-27T08:27:42","guid":{"rendered":"https:\/\/www.labunie.com.pl\/?p=17242"},"modified":"2020-04-27T11:17:16","modified_gmt":"2020-04-27T09:17:16","slug":"mojapamiatka","status":"publish","type":"post","link":"https:\/\/www.labunie.com.pl\/?p=17242","title":{"rendered":"#MojaPami\u0105tka"},"content":{"rendered":"\n<p><strong>Muzeum Historii Polski organizuje akcj\u0119 #MojaPami\u0105tka. Ka\u017cdy z nas ma swoj\u0105 opowie\u015b\u0107, w kt\u00f3rej osobista i rodzinna historia spotyka si\u0119 z histori\u0105 zbiorow\u0105, dlatego poszukajcie fotografii, zach\u0119\u0107cie senior\u00f3w do udzia\u0142u i odkryjcie wspomnienia. <\/strong><\/p>\n\n\n\n<div style=\"height:26px\" aria-hidden=\"true\" class=\"wp-block-spacer\"><\/div>\n\n\n\n<!--more-->\n\n\n\n<div class=\"eltdf-eh-item  eltdf-vertical-alignment-top  \" data-item-class=\"eltdf-eh-custom-1468\" data-1367-1600=\"0 40px 0 0\" data-1025-1366=\"0 40px 0 0\" data-680=\"0 0 0 0\">\n<div class=\"eltdf-eh-item-inner\">\n<div class=\"eltdf-eh-item-content eltdf-eh-custom-1468\">\n<div class=\"wpb_text_column wpb_content_element \">\n<div class=\"wpb_wrapper\">\n<p>Zajrzyjcie do szuflad \u2013 poszukajcie fotografii z dzieci\u0144stwa, m\u0142odo\u015bci i doros\u0142ego \u017cycia, przejrzyjcie zachowane pami\u0105tki, dokumenty \u2013 odkryjcie wspomnienia. Wybierzcie jeden przedmiot, dokument, mo\u017ce jedn\u0105 fotografi\u0119 czy film i opiszcie nam historie, kt\u00f3re si\u0119 za nimi kryj\u0105.<\/p>\n<\/div>\n<\/div>\n<\/div>\n<\/div>\n<div class=\"eltdf-eh-item-image\" data-item-class=\"eltdf-eh-custom-1468\" data-1367-1600=\"0 40px 0 0\" data-1025-1366=\"0 40px 0 0\" data-680=\"0 0 0 0\">\n<div class=\"eltdf-eh-item-inner\">\n<div class=\"eltdf-eh-item-content eltdf-eh-custom-8233\">\n<div class=\"wpb_text_column wpb_content_element \">\n<div class=\"wpb_wrapper\">\n<p>Prace mog\u0105 porusza\u0107 dowoln\u0105 tematyk\u0119 np.: moja historia rodzinna w czasie II wojny \u015bwiatowej, radzenie sobie z trudno\u015bciami \u017cycia codziennego, zw\u0142aszcza w czasach kryzysu, moje spotkania z Janem Paw\u0142em II, moja \u201eSolidarno\u015b\u0107\u201d, moja dzia\u0142alno\u015b\u0107 w opozycji antykomunistycznej.<\/p>\n<p><span class=\"_5mfr\"><span class=\"_6qdm\">\u27a1\ufe0f<\/span><\/span> Akcja <a class=\"_58cn\" href=\"https:\/\/www.facebook.com\/hashtag\/mojapami\u0105tka?source=feed_text&amp;epa=HASHTAG&amp;__xts__%5B0%5D=68.ARB9GzMUUz_w7-KvE-sk3eRiKFhbWJec7wmHSlKIvBNoNrwMlYvFtbeYGud-hTHpAKsCgxv1lv48jxulLkH_Wm-xxdfaIJyeHXJjE5u8oZDAjV6FPLFkAA45vNplTLJF1KBa16eZxs5peZ6Fg4PyqMjd4hFTf59rsGrV_AJLvyAIyVV4F5_soyPmc6X0hFpZ-Ba4hEHkfZMj8Rp6hkha21aIeVrRTEBrOtSl15r-1z-TRtdvi0_jP9gQorxPE72jwT02d6dU-s1wowvY0w-BclsgCebR042whb0TZ_iTpR96W18zc8SE3_4GsKXoksS8GiKFOeqpjE9joThvnPWZ&amp;__tn__=%2ANK-R\" data-ft=\"{&quot;type&quot;:104,&quot;tn&quot;:&quot;*N&quot;}\"><span class=\"_5afx\"><span class=\"_58cl _5afz\" aria-label=\"znacznik #\">#<\/span><span class=\"_58cm\">MojaPami\u0105tka<\/span><\/span><\/a> skierowana jest do os\u00f3b po 60. roku \u017cycia. Jej celem jest stworzenie z pojedynczych wspomnie\u0144 jednej wielkiej opowie\u015bci o Polsce XX wieku.<\/p>\n<p><span class=\"_5mfr\"><span class=\"_6qdm\">\u27a1\ufe0f<\/span><\/span> Wspomnienia mog<span class=\"text_exposed_show\">\u0105 przybra\u0107 r\u00f3\u017cn\u0105 form\u0119. Organizatorzy czekaj\u0105 zw\u0142aszcza na: <br \/>\u2022 albumy lub pami\u0119tniki,<br \/>\u2022 eseje, <br \/>\u2022 materia\u0142y video, <br \/>\u2022 wpisy lub serie wpis\u00f3w na swoim blogu lub kanale w mediach spo\u0142eczno\u015bciowych. <\/span><\/p>\n<div class=\"text_exposed_show\">\n<p><span class=\"_5mfr\"><span class=\"_6qdm\">\u27a1\ufe0f<\/span><\/span> Prace nale\u017cy wysy\u0142a\u0107 do 30 czerwca 2020 r. na adres: mojapamiatka@muzhp.pl lub dostarczy\u0107 w formie materialnej na adres: Muzeum Historii Polski, ul. Mokotowska 35, 00 -560 Warszawa<\/p>\n<\/div>\n<p><strong><span style=\"color: #ff0000;\">Kliknij i dowiedz si\u0119 wi\u0119cej<\/span><\/strong><\/p>\n<\/div>\n<\/div>\n<\/div>\n<\/div>\n<\/div>\n<\/div>\n\n\n\n<figure class=\"wp-block-embed-wordpress wp-block-embed is-type-wp-embed is-provider-mojapamiatka\"><div class=\"wp-block-embed__wrapper\">\n<blockquote class=\"wp-embedded-content\" data-secret=\"sk3VS8xleY\"><a href=\"https:\/\/mojapamiatka.pl\/o-akcji\/\">O akcji<\/a><\/blockquote><iframe loading=\"lazy\" class=\"wp-embedded-content\" sandbox=\"allow-scripts\" security=\"restricted\" style=\"position: absolute; clip: rect(1px, 1px, 1px, 1px);\" title=\"&#8222;O akcji&#8221; &#8212; #MojaPami\u0105tka\" src=\"https:\/\/mojapamiatka.pl\/o-akcji\/embed\/#?secret=sk3VS8xleY\" data-secret=\"sk3VS8xleY\" width=\"600\" height=\"338\" frameborder=\"0\" marginwidth=\"0\" marginheight=\"0\" scrolling=\"no\"><\/iframe>\n<\/div><\/figure>\n","protected":false},"excerpt":{"rendered":"<p>Muzeum Historii Polski organizuje akcj\u0119 #MojaPami\u0105tka. Ka\u017cdy z nas ma swoj\u0105 opowie\u015b\u0107, w kt\u00f3rej osobista i rodzinna historia spotyka si\u0119 z histori\u0105 zbiorow\u0105, dlatego poszukajcie fotografii, zach\u0119\u0107cie senior\u00f3w do udzia\u0142u i odkryjcie wspomnienia.<\/p>\n","protected":false},"author":11,"featured_media":17245,"comment_status":"closed","ping_status":"closed","sticky":false,"template":"","format":"standard","meta":{"footnotes":""},"categories":[1],"tags":[],"class_list":["post-17242","post","type-post","status-publish","format-standard","has-post-thumbnail","hentry","category-wpisy","clearfix"],"_links":{"self":[{"href":"https:\/\/www.labunie.com.pl\/index.php?rest_route=\/wp\/v2\/posts\/17242","targetHints":{"allow":["GET"]}}],"collection":[{"href":"https:\/\/www.labunie.com.pl\/index.php?rest_route=\/wp\/v2\/posts"}],"about":[{"href":"https:\/\/www.labunie.com.pl\/index.php?rest_route=\/wp\/v2\/types\/post"}],"author":[{"embeddable":true,"href":"https:\/\/www.labunie.com.pl\/index.php?rest_route=\/wp\/v2\/users\/11"}],"replies":[{"embeddable":true,"href":"https:\/\/www.labunie.com.pl\/index.php?rest_route=%2Fwp%2Fv2%2Fcomments&post=17242"}],"version-history":[{"count":4,"href":"https:\/\/www.labunie.com.pl\/index.php?rest_route=\/wp\/v2\/posts\/17242\/revisions"}],"predecessor-version":[{"id":17251,"href":"https:\/\/www.labunie.com.pl\/index.php?rest_route=\/wp\/v2\/posts\/17242\/revisions\/17251"}],"wp:featuredmedia":[{"embeddable":true,"href":"https:\/\/www.labunie.com.pl\/index.php?rest_route=\/wp\/v2\/media\/17245"}],"wp:attachment":[{"href":"https:\/\/www.labunie.com.pl\/index.php?rest_route=%2Fwp%2Fv2%2Fmedia&parent=17242"}],"wp:term":[{"taxonomy":"category","embeddable":true,"href":"https:\/\/www.labunie.com.pl\/index.php?rest_route=%2Fwp%2Fv2%2Fcategories&post=17242"},{"taxonomy":"post_tag","embeddable":true,"href":"https:\/\/www.labunie.com.pl\/index.php?rest_route=%2Fwp%2Fv2%2Ftags&post=17242"}],"curies":[{"name":"wp","href":"https:\/\/api.w.org\/{rel}","templated":true}]}}