{"id":17163,"date":"2020-04-21T13:35:54","date_gmt":"2020-04-21T11:35:54","guid":{"rendered":"https:\/\/www.labunie.com.pl\/?p=17163"},"modified":"2020-04-21T13:57:57","modified_gmt":"2020-04-21T11:57:57","slug":"informacja-77","status":"publish","type":"post","link":"https:\/\/www.labunie.com.pl\/?p=17163","title":{"rendered":"Informacja"},"content":{"rendered":"\n<p><strong>Gmina \u0141abunie planuje przekszta\u0142cenie od 1 wrze\u015bnia 2020 r. Punktu Przedszkolnego w \u0141abuniach w przedszkole samorz\u0105dowe.<\/strong><\/p>\n\n\n\n<!--more-->\n\n\n\n<div style=\"height:20px\" aria-hidden=\"true\" class=\"wp-block-spacer\"><\/div>\n\n\n\n<p>Przekszta\u0142cenie spowodowane zosta\u0142o rozporz\u0105dzeniem Ministra Edukacji Narodowej z dnia 28 sierpnia 2017 r. w sprawie rodzaj\u00f3w innych form wychowania przedszkolnego, warunk\u00f3w tworzenia i organizowania tych form oraz sposobu ich dzia\u0142ania. Organy prowadz\u0105ce punkty przedszkolne, za\u0142o\u017cone i funkcjonuj\u0105ce przed 1 wrze\u015bnia 2017 r. maj\u0105 obowi\u0105zek dostosowania dzia\u0142alno\u015b\u0107 tych punkt\u00f3w do 31 sierpnia 2020 r. <\/p>\n\n\n\n<div style=\"height:20px\" aria-hidden=\"true\" class=\"wp-block-spacer\"><\/div>\n\n\n\n<p>Zgodnie \u00a7 7 w\/w rozporz\u0105dzenia, punkt przedszkolny wychowaniem przedszkolnym mo\u017ce obj\u0105\u0107 nie wi\u0119cej ni\u017c 25 dzieci. <\/p>\n\n\n\n<div style=\"height:20px\" aria-hidden=\"true\" class=\"wp-block-spacer\"><\/div>\n\n\n\n<p>W wyniku przeprowadzonego post\u0119powania rekrutacyjnego do punktu przedszkolnego na rok szkolny 2020\/2021 zapisanych zosta\u0142o 101 dzieci. <\/p>\n\n\n\n<div style=\"height:20px\" aria-hidden=\"true\" class=\"wp-block-spacer\"><\/div>\n\n\n\n<p>Obecny lokal nie spe\u0142nia wymaga\u0144 warunk\u00f3w technicznych ani wymaga\u0144 ochrony przeciwpo\u017carowej dla utworzenia przedszkola samorz\u0105dowego ani punktu przedszkolnego. Po likwidacji Szko\u0142y Filialnej i Punktu Przedszkolnego w Ruszowie, maj\u0105c na wzgl\u0119dzie zapewnienie opieki przedszkolnej wszystkim dzieciom w wieku 3-5 lat z obwodu szko\u0142y podstawowej w \u0141abuniach podj\u0119ta zosta\u0142a decyzja o utworzeniu Przedszkola Samorz\u0105dowego w Ruszowie, w budynku zapewniaj\u0105cym warunki do realizacji zada\u0144 opieku\u0144czo-wychowawczych.<\/p>\n\n\n\n<div style=\"height:40px\" aria-hidden=\"true\" class=\"wp-block-spacer\"><\/div>\n\n\n\n<p class=\"has-text-align-right\"><em>W\u00f3jt<br>(\u2014) Mariusz Kukie\u0142ka<\/em><\/p>\n","protected":false},"excerpt":{"rendered":"<p>Gmina \u0141abunie planuje przekszta\u0142cenie od 1 wrze\u015bnia 2020 r. Punktu Przedszkolnego w \u0141abuniach w przedszkole samorz\u0105dowe.<\/p>\n","protected":false},"author":7,"featured_media":17023,"comment_status":"closed","ping_status":"closed","sticky":false,"template":"","format":"standard","meta":{"footnotes":""},"categories":[1],"tags":[],"class_list":["post-17163","post","type-post","status-publish","format-standard","has-post-thumbnail","hentry","category-wpisy","clearfix"],"_links":{"self":[{"href":"https:\/\/www.labunie.com.pl\/index.php?rest_route=\/wp\/v2\/posts\/17163","targetHints":{"allow":["GET"]}}],"collection":[{"href":"https:\/\/www.labunie.com.pl\/index.php?rest_route=\/wp\/v2\/posts"}],"about":[{"href":"https:\/\/www.labunie.com.pl\/index.php?rest_route=\/wp\/v2\/types\/post"}],"author":[{"embeddable":true,"href":"https:\/\/www.labunie.com.pl\/index.php?rest_route=\/wp\/v2\/users\/7"}],"replies":[{"embeddable":true,"href":"https:\/\/www.labunie.com.pl\/index.php?rest_route=%2Fwp%2Fv2%2Fcomments&post=17163"}],"version-history":[{"count":4,"href":"https:\/\/www.labunie.com.pl\/index.php?rest_route=\/wp\/v2\/posts\/17163\/revisions"}],"predecessor-version":[{"id":17167,"href":"https:\/\/www.labunie.com.pl\/index.php?rest_route=\/wp\/v2\/posts\/17163\/revisions\/17167"}],"wp:featuredmedia":[{"embeddable":true,"href":"https:\/\/www.labunie.com.pl\/index.php?rest_route=\/wp\/v2\/media\/17023"}],"wp:attachment":[{"href":"https:\/\/www.labunie.com.pl\/index.php?rest_route=%2Fwp%2Fv2%2Fmedia&parent=17163"}],"wp:term":[{"taxonomy":"category","embeddable":true,"href":"https:\/\/www.labunie.com.pl\/index.php?rest_route=%2Fwp%2Fv2%2Fcategories&post=17163"},{"taxonomy":"post_tag","embeddable":true,"href":"https:\/\/www.labunie.com.pl\/index.php?rest_route=%2Fwp%2Fv2%2Ftags&post=17163"}],"curies":[{"name":"wp","href":"https:\/\/api.w.org\/{rel}","templated":true}]}}