{"id":17099,"date":"2020-04-17T08:07:14","date_gmt":"2020-04-17T06:07:14","guid":{"rendered":"https:\/\/www.labunie.com.pl\/?p=17099"},"modified":"2020-04-19T12:54:00","modified_gmt":"2020-04-19T10:54:00","slug":"koronawirus-mniejsze-restrykcje","status":"publish","type":"post","link":"https:\/\/www.labunie.com.pl\/?p=17099","title":{"rendered":"Koronawirus &#8211; mniejsze restrykcje"},"content":{"rendered":"\n<p><strong>Od 20 kwietnia zmieni\u0105 si\u0119 niekt\u00f3re zasady bezpiecze\u0144stwa. Zakupy w sklepie zrobi w jednym czasie wi\u0119cej os\u00f3b, do lasu i parku wejdziemy w celach rekreacyjnych, a m\u0142odzie\u017c powy\u017cej 13. roku \u017cycia b\u0119dzie mog\u0142a porusza\u0107 si\u0119 bez opieki osoby doros\u0142ej.<\/strong><\/p>\n\n\n\n<div style=\"height:43px\" aria-hidden=\"true\" class=\"wp-block-spacer\"><\/div>\n\n\n\n<!--more-->\n\n\n\n<figure class=\"wp-block-image size-large\"><img loading=\"lazy\" decoding=\"async\" width=\"1024\" height=\"576\" src=\"https:\/\/www.labunie.com.pl\/wp-content\/uploads\/2020\/04\/EVvc3zzX0AMKRuQ-1024x576.jpg\" alt=\"\" class=\"wp-image-17100\" srcset=\"https:\/\/www.labunie.com.pl\/wp-content\/uploads\/2020\/04\/EVvc3zzX0AMKRuQ-1024x576.jpg 1024w, https:\/\/www.labunie.com.pl\/wp-content\/uploads\/2020\/04\/EVvc3zzX0AMKRuQ-300x169.jpg 300w, https:\/\/www.labunie.com.pl\/wp-content\/uploads\/2020\/04\/EVvc3zzX0AMKRuQ-768x432.jpg 768w, https:\/\/www.labunie.com.pl\/wp-content\/uploads\/2020\/04\/EVvc3zzX0AMKRuQ-1536x864.jpg 1536w, https:\/\/www.labunie.com.pl\/wp-content\/uploads\/2020\/04\/EVvc3zzX0AMKRuQ.jpg 1600w\" sizes=\"auto, (max-width: 1024px) 100vw, 1024px\" \/><\/figure>\n\n\n\n\n\n<div style=\"height:20px\" aria-hidden=\"true\" class=\"wp-block-spacer\"><\/div>\n\n\n\n<h3>Cztery etapy znoszenia ogranicze\u0144<\/h3>\n<div>\n<p>Pierwsze ograniczone zasady bezpiecze\u0144stwa zaczn\u0105 obowi\u0105zywa\u0107 od poniedzia\u0142ku 20 kwietnia 2020 r. Daty wej\u015bcia w \u017cycie pozosta\u0142ych etap\u00f3w b\u0119d\u0105 ustalane na bie\u017c\u0105co na podstawie dynamiki nowych zachorowa\u0144.<\/p>\n<\/div>\n\n\n\n<div style=\"height:50px\" aria-hidden=\"true\" class=\"wp-block-spacer\"><\/div>\n\n\n\n<h3 class=\"wp-block-heading\"><strong>PIERWSZY ETAP \u2013 OD 20 KWIETNIA 2020<\/strong><\/h3>\n\n\n\n<p><strong>Dzia\u0142alno\u015b\u0107 gospodarcza \u2013 nowe zasady w handlu i us\u0142ugach<\/strong><\/p>\n\n\n\n<p>Od poniedzia\u0142ku 20 kwietnia wi\u0119cej os\u00f3b jednorazowo zrobi zakupy w sklepie:<\/p>\n\n\n\n<ul class=\"wp-block-list\"><li>do sklep\u00f3w o powierzchni mniejszej ni\u017c 100 m<sup>2<\/sup> wejdzie maksymalnie tyle os\u00f3b, ile wynosi liczba wszystkich kas lub punkt\u00f3w p\u0142atniczych pomno\u017cona przez 4.<\/li><li>w sklepach o powierzchni wi\u0119kszej ni\u017c 100 m<sup>2<\/sup> na 1 osob\u0119 musi przypada\u0107 co najmniej 15 m<sup>2<\/sup> powierzchni<\/li><\/ul>\n\n\n\n<div style=\"height:20px\" aria-hidden=\"true\" class=\"wp-block-spacer\"><\/div>\n\n\n\n<p><strong>\u017bycie spo\u0142eczne \u2013 otwarte lasy, rekreacja, starsza m\u0142odzie\u017c na ulicach bez doros\u0142ych<\/strong><\/p>\n\n\n\n<ul class=\"wp-block-list\"><li>Przemieszczanie w celach rekreacyjnych<\/li><\/ul>\n\n\n\n<p>Umo\u017cliwimy r\u00f3wnie\u017c przemieszczanie si\u0119 w celach rekreacyjnych. Co to oznacza? Od 20 kwietnia b\u0119dziesz m\u00f3g\u0142 wej\u015b\u0107 do las\u00f3w i park\u00f3w, a tak\u017ce biega\u0107 czy je\u017adzi\u0107 na rowerze \u2013 je\u015bli od tego zale\u017cy Twoja kondycja psychiczna. Pami\u0119taj jednak, \u017ce przebywa\u0107 na zewn\u0105trz mo\u017cesz tylko pod warunkiem zachowania dystansu spo\u0142ecznego i zas\u0142aniania twarzy!<br><strong>Uwaga!&nbsp;<\/strong>Place zabaw nadal pozostaj\u0105 zamkni\u0119te!<\/p>\n\n\n\n<ul class=\"wp-block-list\"><li>Kult religijny \u2013 1 osoba na 15 m2<\/li><\/ul>\n\n\n\n<p>Liczba os\u00f3b, kt\u00f3re b\u0119d\u0105 mog\u0142y uczestniczy\u0107 w mszy lub innym obrz\u0119dzie religijnym, b\u0119dzie zale\u017ca\u0142a od powierzchni \u015bwi\u0105tyni. W ko\u015bciele na 1 osob\u0119 b\u0119dzie musia\u0142o przypada\u0107 co najmniej 15 m2 powierzchni.<\/p>\n\n\n\n<ul class=\"wp-block-list\"><li>Osoby powy\u017cej 13. roku \u017cycia na ulicy bez opieki doros\u0142ego<\/li><\/ul>\n\n\n\n<p>Starsza m\u0142odzie\u017c, kt\u00f3ra uko\u0144czy\u0142a 13. rok \u017cycia b\u0119dzie mog\u0142a przemieszcza\u0107 si\u0119 bez opieki osoby doros\u0142ej. B\u0119dzie musia\u0142a jednak zachowa\u0107 odpowiedni 2-metrowy dystans od innych i zas\u0142ania\u0107 usta i nos.<\/p>\n\n\n\n<div style=\"height:20px\" aria-hidden=\"true\" class=\"wp-block-spacer\"><\/div>\n\n\n\n<h3 class=\"wp-block-heading\">Stopniowe zdejmowanie obostrze\u0144 \u2013 kolejne daty wyznaczane po analizie<\/h3>\n\n\n\n<p>Ministerstwo Zdrowia b\u0119dzie przeprowadza\u0142o cotygodniow\u0105 ewaluacj\u0119 zmian, jakie zachodz\u0105 w zasadach bezpiecze\u0144stwa. Przej\u015bcie do dalszych etap\u00f3w zdejmowania obostrze\u0144 zale\u017ce\u0107 b\u0119dzie od:<\/p>\n\n\n\n<ul class=\"wp-block-list\"><li>przyrostu liczby zachorowa\u0144 (w tym liczby os\u00f3b w stanie ci\u0119\u017ckim),<\/li><li>wydajno\u015bci s\u0142u\u017cby zdrowia (zw\u0142aszcza szpitali jednoimiennych),<\/li><li>realizacji wytycznych sanitarnych przez podmioty odpowiedzialne.<\/li><\/ul>\n\n\n\n<div style=\"height:50px\" aria-hidden=\"true\" class=\"wp-block-spacer\"><\/div>\n\n\n\n<h3 class=\"wp-block-heading\"><strong>DRUGI ETAP<\/strong><\/h3>\n\n\n\n<p><strong>Dzia\u0142alno\u015b\u0107 gospodarcza:<\/strong><\/p>\n\n\n\n<ul class=\"wp-block-list\"><li>Otwarcie sklep\u00f3w budowlanych w weekendy<\/li><li>Otwarcie hoteli i innych miejsc noclegowych z ograniczeniami<\/li><\/ul>\n\n\n\n<p><strong>\u017bycie spo\u0142eczne<\/strong>:<\/p>\n\n\n\n<ul class=\"wp-block-list\"><li>Otwarcie niekt\u00f3rych instytucji kultury: bibliotek, muze\u00f3w i galerii sztuk<\/li><\/ul>\n\n\n\n<div style=\"height:50px\" aria-hidden=\"true\" class=\"wp-block-spacer\"><\/div>\n\n\n\n<h3 class=\"wp-block-heading\"><strong>TRZECI ETAP<\/strong><\/h3>\n\n\n\n<p><strong>Dzia\u0142alno\u015b\u0107 gospodarcza:<\/strong><\/p>\n\n\n\n<ul class=\"wp-block-list\"><li>Otwarcie zak\u0142ad\u00f3w fryzjerskich i kosmetyczek<\/li><li>Otwarcie sklep\u00f3w w galeriach handlowych z istotnymi ograniczeniami<\/li><li>Gastronomia \u2013 umo\u017cliwienie dzia\u0142alno\u015bci stacjonarnej z ograniczeniami<\/li><\/ul>\n\n\n\n<p><strong>\u017bycie spo\u0142eczne:<\/strong><\/p>\n\n\n\n<ul class=\"wp-block-list\"><li>Wydarzenia sportowe do 50 os\u00f3b (w otwartej przestrzeni, bez udzia\u0142u publiczno\u015bci)<\/li><li>Organizacja opieki nad dzie\u0107mi w \u017c\u0142obkach, przedszkolach i w klasach szkolnych 1-3 \u2013 ustalona max. liczba dzieci w sali.<\/li><\/ul>\n\n\n\n<div style=\"height:50px\" aria-hidden=\"true\" class=\"wp-block-spacer\"><\/div>\n\n\n\n<h3 class=\"wp-block-heading\"><strong>CZWARTY ETAP<\/strong><\/h3>\n\n\n\n<p><strong>Dzia\u0142alno\u015b\u0107 gospodarcza:<\/strong><\/p>\n\n\n\n<ul class=\"wp-block-list\"><li>Otwarcie salon\u00f3w masa\u017cu i solari\u00f3w<\/li><li>Umo\u017cliwienie dzia\u0142alno\u015bci si\u0142owni i klub\u00f3w fitness<\/li><\/ul>\n\n\n\n<p><strong>\u017bycie spo\u0142eczne<\/strong>:<\/p>\n\n\n\n<ul class=\"wp-block-list\"><li>Teatry i kina w nowym re\u017cimie sanitarnym<\/li><\/ul>\n\n\n\n<div style=\"height:50px\" aria-hidden=\"true\" class=\"wp-block-spacer\"><\/div>\n\n\n\n<p>Kolejne etapy powrotu do normalno\u015bci b\u0119d\u0105 wprowadzane stopniowo, gdy przyrost zachorowa\u0144&nbsp; w naszym kraju b\u0119dzie niski. Nie oznacza to jednak, \u017ce powinni\u015bmy rezygnowa\u0107 z dyscypliny spo\u0142ecznej i przestrzegania obowi\u0105zuj\u0105cych ogranicze\u0144. Pami\u0119tajmy, \u017ce to od nas zale\u017cy, jak szybko b\u0119d\u0105 wprowadzane kolejne etapy powrotu do nowej rzeczywisto\u015bci!<\/p>\n\n\n\n<div style=\"height:50px\" aria-hidden=\"true\" class=\"wp-block-spacer\"><\/div>\n\n\n\n<p> \u0179r\u00f3d\u0142o: <strong><a href=\"https:\/\/www.gov.pl\/web\/koronawirus\/nowa-normalnosc-etapy\">https:\/\/www.gov.pl\/web\/koronawirus\/nowa-normalnosc-etapy <\/a><\/strong><\/p>\n","protected":false},"excerpt":{"rendered":"<p>Od 20 kwietnia zmieni\u0105 si\u0119 niekt\u00f3re zasady bezpiecze\u0144stwa. Zakupy w sklepie zrobi w jednym czasie wi\u0119cej os\u00f3b, do lasu i parku wejdziemy w celach rekreacyjnych, a m\u0142odzie\u017c powy\u017cej 13. roku \u017cycia b\u0119dzie mog\u0142a porusza\u0107 si\u0119 bez opieki osoby doros\u0142ej.<\/p>\n","protected":false},"author":11,"featured_media":17119,"comment_status":"closed","ping_status":"closed","sticky":false,"template":"","format":"standard","meta":{"footnotes":""},"categories":[1],"tags":[],"class_list":["post-17099","post","type-post","status-publish","format-standard","has-post-thumbnail","hentry","category-wpisy","clearfix"],"_links":{"self":[{"href":"https:\/\/www.labunie.com.pl\/index.php?rest_route=\/wp\/v2\/posts\/17099","targetHints":{"allow":["GET"]}}],"collection":[{"href":"https:\/\/www.labunie.com.pl\/index.php?rest_route=\/wp\/v2\/posts"}],"about":[{"href":"https:\/\/www.labunie.com.pl\/index.php?rest_route=\/wp\/v2\/types\/post"}],"author":[{"embeddable":true,"href":"https:\/\/www.labunie.com.pl\/index.php?rest_route=\/wp\/v2\/users\/11"}],"replies":[{"embeddable":true,"href":"https:\/\/www.labunie.com.pl\/index.php?rest_route=%2Fwp%2Fv2%2Fcomments&post=17099"}],"version-history":[{"count":5,"href":"https:\/\/www.labunie.com.pl\/index.php?rest_route=\/wp\/v2\/posts\/17099\/revisions"}],"predecessor-version":[{"id":17140,"href":"https:\/\/www.labunie.com.pl\/index.php?rest_route=\/wp\/v2\/posts\/17099\/revisions\/17140"}],"wp:featuredmedia":[{"embeddable":true,"href":"https:\/\/www.labunie.com.pl\/index.php?rest_route=\/wp\/v2\/media\/17119"}],"wp:attachment":[{"href":"https:\/\/www.labunie.com.pl\/index.php?rest_route=%2Fwp%2Fv2%2Fmedia&parent=17099"}],"wp:term":[{"taxonomy":"category","embeddable":true,"href":"https:\/\/www.labunie.com.pl\/index.php?rest_route=%2Fwp%2Fv2%2Fcategories&post=17099"},{"taxonomy":"post_tag","embeddable":true,"href":"https:\/\/www.labunie.com.pl\/index.php?rest_route=%2Fwp%2Fv2%2Ftags&post=17099"}],"curies":[{"name":"wp","href":"https:\/\/api.w.org\/{rel}","templated":true}]}}