{"id":17091,"date":"2020-04-16T14:48:24","date_gmt":"2020-04-16T12:48:24","guid":{"rendered":"https:\/\/www.labunie.com.pl\/?p=17091"},"modified":"2020-04-19T12:46:57","modified_gmt":"2020-04-19T10:46:57","slug":"wychodzisz-z-domu-zaslon-usta-i-nos","status":"publish","type":"post","link":"https:\/\/www.labunie.com.pl\/?p=17091","title":{"rendered":"Wychodzisz z domu? Zas\u0142o\u0144 usta i nos!"},"content":{"rendered":"\n<p><strong>Od 16 kwietnia obowi\u0105zuje nakaz zas\u0142aniania ust i nosa. Dowiedz si\u0119, czy musisz mie\u0107 maseczk\u0119 jad\u0105c w aucie z rodzin\u0105 lub np. z kole\u017cank\u0105 z pracy.&nbsp; Jednak\u017ce pami\u0119taj, \u017ce ka\u017cdy, kto wychodzi z domu, musi zakry\u0107 te cz\u0119\u015bci twarzy. Mo\u017ce to zrobi\u0107 za pomoc\u0105 maseczki jednorazowej, maseczki materia\u0142owej, chusty, apaszki czy szalika. Dzi\u0119ki temu chroni siebie i innych. Osoby zaka\u017cone koronawirusem, kt\u00f3re przechodz\u0105 chorob\u0119 bezobjawowo, nie b\u0119d\u0105 nie\u015bwiadomie zara\u017ca\u0107 innych.&nbsp;<\/strong><\/p>\n\n\n\n<div style=\"height:36px\" aria-hidden=\"true\" class=\"wp-block-spacer\"><\/div>\n\n\n\n<!--more-->\n\n\n\n<figure class=\"wp-block-image size-large\"><img loading=\"lazy\" decoding=\"async\" width=\"729\" height=\"308\" src=\"https:\/\/www.labunie.com.pl\/wp-content\/uploads\/2020\/04\/729x308.png\" alt=\"\" class=\"wp-image-17092\" srcset=\"https:\/\/www.labunie.com.pl\/wp-content\/uploads\/2020\/04\/729x308.png 729w, https:\/\/www.labunie.com.pl\/wp-content\/uploads\/2020\/04\/729x308-300x127.png 300w\" sizes=\"auto, (max-width: 729px) 100vw, 729px\" \/><\/figure>\n\n\n\n<div style=\"height:50px\" aria-hidden=\"true\" class=\"wp-block-spacer\"><\/div>\n\n\n\n<div>\n<p>Obowi\u0105zek zas\u0142aniania ust i nosa na terenie Polski obowi\u0105zuje do odwo\u0142ania. Dotyczy wszystkich, kt\u00f3rzy znajduj\u0105 si\u0119:<\/p>\n<ul>\n<li>w pojazdach komunikacji zbiorowej (autobusach, tramwajach, w metrze itp.),<\/li>\n<li>w samochodach \u2013 dotyczy sytuacji, w kt\u00f3rych razem jad\u0105 osoby obce, to znaczy takie, kt\u00f3re nie mieszkaj\u0105 ze sob\u0105 (np. koledzy z pracy, s\u0105siedzi itp.),<\/li>\n<\/ul>\n<p><strong>PRZYK\u0141AD:\u00a0<\/strong>\u00a0Jad\u0119 samochodem z mam\u0105, z kt\u00f3r\u0105 mieszkam na co dzie\u0144. W takiej sytuacji nie musimy zas\u0142ania\u0107 ust i nosa.<br \/><strong>PRZYK\u0141AD:\u00a0<\/strong>Podwo\u017c\u0119 samochodem kole\u017cank\u0119, z kt\u00f3r\u0105 nie mieszkam na co dzie\u0144. Dla bezpiecze\u0144stwa mamy obowi\u0105zek zas\u0142aniania nosa i ust podczas przejazdu.<\/p>\n<ul>\n<li>na drogach i placach (dotyczy r\u00f3wnie\u017c os\u00f3b je\u017cd\u017c\u0105cych np. rowerem lub hulajnog\u0105),<\/li>\n<li>w zak\u0142adach pracy (dotyczy os\u00f3b, kt\u00f3re maj\u0105 styczno\u015b\u0107 z osobami z zewn\u0105trz \u2013 interesantami, klientami, obywatelami itp.),<\/li>\n<\/ul>\n<p><strong>PRZYK\u0141AD:\u00a0<\/strong>Nie mog\u0119 pracowa\u0107 zdalnie, ale wszystkie zadania realizuj\u0119 w pracy w swoim pokoju. Nie mam styczno\u015bci z osobami spoza pracy. W takiej sytuacji nie mam obowi\u0105zku zas\u0142aniania ust i nosa.<br \/><strong>PRZYK\u0141AD:<\/strong>\u00a0Pracuj\u0119 na recepcji i musz\u0119 odbiera\u0107 dokumenty od kurier\u00f3w i klient\u00f3w. Mam styczno\u015b\u0107 z osobami z zewn\u0105trz. W takiej sytuacji musz\u0119 zas\u0142ania\u0107 usta i nos. \u00a0<\/p>\n<p>Nie masz obowi\u0105zku zas\u0142aniania ust i nosa w pracy, chyba \u017ce obs\u0142ugujesz klient\u00f3w zewn\u0119trznych.<\/p>\n<ul>\n<li>w budynkach u\u017cyteczno\u015bci publicznej (np. w urz\u0119dach, szko\u0142ach, uczelniach, przychodniach i szpitalach, na poczcie, w bankach i restauracjach),<\/li>\n<li>w sklepach i na targowiskach,<\/li>\n<li>w punktach us\u0142ugowych,<\/li>\n<li>na klatkach schodowych, w windach, pralniach i innych miejscach wsp\u00f3lnych, z kt\u00f3rych korzystaj\u0105 mieszka\u0144cy blok\u00f3w.<\/li>\n<\/ul>\n<p><strong>Wa\u017cne!\u00a0<\/strong>Policjanci, stra\u017cnicy graniczni, kasjerzy w banku czy sprzedawcy w sklepie mog\u0105 za\u017c\u0105da\u0107 od nas odkrycia twarzy w celu identyfikacji. Mamy obowi\u0105zek uczyni\u0107 to na ich pro\u015bb\u0119.<\/p>\n<p><strong>Wa\u017cne!\u00a0<\/strong>Pracownicy sklep\u00f3w i punkt\u00f3w us\u0142ugowych mog\u0105 zakrywa\u0107 twarze przy pomocy przy\u0142bicy, je\u015bli wszystkie kasy, punkty sprzeda\u017cy, okienka itd. s\u0105 oddzielone od klient\u00f3w dodatkow\u0105 przes\u0142on\u0105 ochronn\u0105.<\/p>\n<p>\u00a0<\/p>\n<\/div>\n<h3>Ma\u0142e dzieci, osoby chore i rolnicy. Kogo jeszcze nie obowi\u0105zuje nakaz zakrywania ust i nosa?<\/h3>\n<div>\n<p>Zakrywa\u0107 usta i nos musz\u0105 co do zasady wszyscy. Wprowadzamy jednak kilka wyj\u0105tk\u00f3w. W\u015br\u00f3d nich znajduj\u0105 si\u0119:<\/p>\n<ul>\n<li>dzieci do 4 lat,<\/li>\n<li>osoby, kt\u00f3re maj\u0105 problemy z oddychaniem (okazanie orzeczenia lub za\u015bwiadczenia nie jest wymagane),<\/li>\n<li>osoby, kt\u00f3re same nie mog\u0105 za\u0142o\u017cy\u0107 lub zdj\u0105\u0107 ochrony z twarzy z powodu stanu zdrowia (okazanie orzeczenia lub za\u015bwiadczenia nie jest wymagane),<\/li>\n<li>osoby poruszaj\u0105ce si\u0119 samochodem \u2013 je\u017celi pasa\u017cerowie mieszkaj\u0105 ze sob\u0105,<\/li>\n<li>osoby poruszaj\u0105ce si\u0119 samochodem \u2013 je\u017celi przebywa tam jedynie kierowca albo kierowca z dzieckiem do lat 4,<\/li>\n<li>pracownicy w zak\u0142adach pracy, budynkach u\u017cyteczno\u015bci publicznej i obiektach handlowych.\u00a0<strong>WA\u017bNE! Osoby, kt\u00f3re bezpo\u015brednio obs\u0142uguj\u0105 interesant\u00f3w lub klient\u00f3w w tych miejscach, maj\u0105 jednak obowi\u0105zek zakrywania ust i nosa!<\/strong><\/li>\n<li>kierowcy publicznego transportu zbiorowego i przewo\u017anicy prywatni \u2013 pod warunkiem, \u017ce s\u0105 oddzieleni od pasa\u017cer\u00f3w przes\u0142on\u0105,<\/li>\n<li>duchowni sprawuj\u0105cy obrz\u0119dy religijne,<\/li>\n<li>rolnicy wykonuj\u0105cy prace w gospodarstwie,<\/li>\n<li>\u017co\u0142nierze Si\u0142 Zbrojnych Rzeczypospolitej Polskiej i wojsk sojuszniczych, a tak\u017ce funkcjonariusze S\u0142u\u017cby Kontrwywiadu Wojskowego i S\u0142u\u017cby Wywiadu Wojskowego, wykonuj\u0105cych zadania s\u0142u\u017cbowe.<\/li>\n<\/ul>\n<p>\u00a0<\/p>\n<\/div>\n<h3>Czym si\u0119 ochroni\u0107? Nie tylko maseczk\u0105!<\/h3>\n<div>\n<p>Usta i nos mo\u017cemy zas\u0142oni\u0107 za pomoc\u0105 szalika, chusty, apaszki czy innym fragmentem odzie\u017cy. Nie ma nakazu korzystania wy\u0142\u0105cznie z maseczek ochronnych.<\/p>\n<p>Je\u017celi jednak zdecydujemy si\u0119 na maseczki, warto wiedzie\u0107, po kt\u00f3re najlepiej si\u0119gn\u0105\u0107. Na co zwr\u00f3ci\u0107 uwag\u0119?<\/p>\n<p>Maseczki mog\u0105 by\u0107 wykonane z tkanin:<\/p>\n<ul>\n<li>bawe\u0142nianych,<\/li>\n<li>bawe\u0142nianych z domieszk\u0105 elastanu,<\/li>\n<li>bawe\u0142nianych z lnem,<\/li>\n<li>lnianych,<\/li>\n<li>poliestrowych,<\/li>\n<li>wiskozowych z domieszk\u0105 poliestru,<\/li>\n<li>poliamidowych z poliestrem,<\/li>\n<li>fizeliny.<\/li>\n<\/ul>\n<p>Maseczka powinna przylega\u0107 \u015bci\u015ble do twarzy, ale pozostawa\u0107 wygod\u0119 noszenia i oddychania. Maseczki wielorazowe powinni\u015bmy pra\u0107 po ka\u017cdym u\u017cyciu.<\/p>\n<p>\u00a0<\/p>\n<\/div>\n<h3>Jak samemu zrobi\u0107 maseczk\u0119?<\/h3>\n<div>\n<p>Mo\u017cesz szybko i \u0142atwo zrobi\u0107 maseczk\u0119 w\u0142asnor\u0119cznie \u2013 skorzystaj z przyk\u0142adowego wzoru wykrojnika, kt\u00f3ry znajdziesz na dole strony. Wystarczy kawa\u0142ek materia\u0142u (tkaniny, z kt\u00f3rych powinna by\u0107 wykonana maseczka znajdziesz powy\u017cej) oraz dwie gumki, np. recepturki. Je\u017celi u\u017cywasz lekkiego materia\u0142u, zwielokrotnij liczb\u0119 warstw tkaniny.<\/p>\n<ul>\n<li>Maseczka powinna by\u0107 wi\u0105zana z ty\u0142u na troki lub mie\u0107 gumki umo\u017cliwiaj\u0105ce za\u0142o\u017cenie jej za uszy.<\/li>\n<li>W cz\u0119\u015bci \u015brodkowej powinna zawiera\u0107 zak\u0142adki (harmonijk\u0119), kt\u00f3re pozwol\u0105 dopasowa\u0107 j\u0105 do kszta\u0142tu twarzy (i zakry\u0107 tym samym nos, usta i brod\u0119).<\/li>\n<li>G\u00f3rna kraw\u0119d\u017a powinna by\u0107 wzmocniona, aby umo\u017cliwi\u0107 szczelne dopasowanie maseczki do nosa.<\/li>\n<li>Rozmiar mierzony \u201ena p\u0142asko\u201d to co najmniej 17,5 cm x 9,5 cm.<\/li>\n<\/ul>\n<\/div>\n\n\n\n<div style=\"height:20px\" aria-hidden=\"true\" class=\"wp-block-spacer\"><\/div>\n\n\n\n<p> \u0179r\u00f3d\u0142o:<strong> <a href=\"https:\/\/www.gov.pl\/web\/koronawirus\/zaslon-usta-i-nos\">https:\/\/www.gov.pl\/web\/koronawirus\/zaslon-usta-i-nos<\/a><\/strong> <\/p>\n","protected":false},"excerpt":{"rendered":"<p>Od 16 kwietnia obowi\u0105zuje nakaz zas\u0142aniania ust i nosa. Dowiedz si\u0119, czy musisz mie\u0107 maseczk\u0119 jad\u0105c w aucie z rodzin\u0105 lub np. z kole\u017cank\u0105 z pracy.&nbsp; Jednak\u017ce pami\u0119taj, \u017ce ka\u017cdy, kto wychodzi z domu, musi zakry\u0107 te cz\u0119\u015bci twarzy. Mo\u017ce to zrobi\u0107 za pomoc\u0105 maseczki jednorazowej, maseczki materia\u0142owej, chusty, apaszki czy szalika. Dzi\u0119ki temu chroni [&hellip;]<\/p>\n","protected":false},"author":11,"featured_media":17119,"comment_status":"closed","ping_status":"closed","sticky":false,"template":"","format":"standard","meta":{"footnotes":""},"categories":[1],"tags":[],"class_list":["post-17091","post","type-post","status-publish","format-standard","has-post-thumbnail","hentry","category-wpisy","clearfix"],"_links":{"self":[{"href":"https:\/\/www.labunie.com.pl\/index.php?rest_route=\/wp\/v2\/posts\/17091","targetHints":{"allow":["GET"]}}],"collection":[{"href":"https:\/\/www.labunie.com.pl\/index.php?rest_route=\/wp\/v2\/posts"}],"about":[{"href":"https:\/\/www.labunie.com.pl\/index.php?rest_route=\/wp\/v2\/types\/post"}],"author":[{"embeddable":true,"href":"https:\/\/www.labunie.com.pl\/index.php?rest_route=\/wp\/v2\/users\/11"}],"replies":[{"embeddable":true,"href":"https:\/\/www.labunie.com.pl\/index.php?rest_route=%2Fwp%2Fv2%2Fcomments&post=17091"}],"version-history":[{"count":5,"href":"https:\/\/www.labunie.com.pl\/index.php?rest_route=\/wp\/v2\/posts\/17091\/revisions"}],"predecessor-version":[{"id":17136,"href":"https:\/\/www.labunie.com.pl\/index.php?rest_route=\/wp\/v2\/posts\/17091\/revisions\/17136"}],"wp:featuredmedia":[{"embeddable":true,"href":"https:\/\/www.labunie.com.pl\/index.php?rest_route=\/wp\/v2\/media\/17119"}],"wp:attachment":[{"href":"https:\/\/www.labunie.com.pl\/index.php?rest_route=%2Fwp%2Fv2%2Fmedia&parent=17091"}],"wp:term":[{"taxonomy":"category","embeddable":true,"href":"https:\/\/www.labunie.com.pl\/index.php?rest_route=%2Fwp%2Fv2%2Fcategories&post=17091"},{"taxonomy":"post_tag","embeddable":true,"href":"https:\/\/www.labunie.com.pl\/index.php?rest_route=%2Fwp%2Fv2%2Ftags&post=17091"}],"curies":[{"name":"wp","href":"https:\/\/api.w.org\/{rel}","templated":true}]}}