{"id":15703,"date":"2019-11-19T12:20:48","date_gmt":"2019-11-19T11:20:48","guid":{"rendered":"https:\/\/www.labunie.com.pl\/?p=15703"},"modified":"2019-11-20T07:44:43","modified_gmt":"2019-11-20T06:44:43","slug":"ten-dzien-nalezal-do-seniorow","status":"publish","type":"post","link":"https:\/\/www.labunie.com.pl\/?p=15703","title":{"rendered":"Ten dzie\u0144 nale\u017ca\u0142 do senior\u00f3w &#8211; do obejrzenia film"},"content":{"rendered":"\n<p><strong>Prawie 160 mieszka\u0144c\u00f3w gminy \u0141abunie wzi\u0119\u0142o udzia\u0142 w Gminnym Dniu Seniora. By\u0142a to pierwsza tego typu impreza. Sala Domu Kultury w \u0141abuniach ju\u017c dawno nie by\u0142a tak pe\u0142na, jak w niedziel\u0119, 17 listopada.<\/strong><\/p>\n\n\n\n<div style=\"height:20px\" aria-hidden=\"true\" class=\"wp-block-spacer\"><\/div>\n\n\n\n<!--more-->\n\n\n\n<p>Organizatorem wydarzenia by\u0142o Stowarzyszenie na Rzecz Rozwoju Gminy \u0141abunie oraz W\u00f3jt Mariusz Kukie\u0142ka, kt\u00f3rzy dokonali oficjalnego otwarcia pierwszej edycji przedsi\u0119wzi\u0119cia. Podczas Gminnego Dnia Seniora zaprezentowane zosta\u0142y r\u00f3\u017cne wydarzenia artystyczne. By\u0142y te powa\u017cne i klasyczne, jak i wywo\u0142uj\u0105ce salwy \u015bmiechu w\u015br\u00f3d zgromadzonych; ale to co je \u0142\u0105czy\u0142o &#8211; to gromkie brawa. Mo\u017cna by\u0142o obejrze\u0107 kabaret, pos\u0142ucha\u0107 muzyki i zobaczy\u0107 klasyczne ta\u0144ce. W role wyst\u0119puj\u0105cych na scenie wcielili si\u0119 \u0142abu\u0144scy radni, so\u0142tysi, zespo\u0142y artystyczne i zwykli-niezwykli mieszka\u0144cy, kt\u00f3rzy sprawili, \u017ce jeden dzie\u0144 w \u017cyciu senior\u00f3w z gminy \u0141abunie zamieni\u0142 si\u0119 w chwil\u0119, w kt\u00f3rej wszystko dzia\u0142o si\u0119 dla nich i by\u0142o o nich.\u00a0<br \/>Kto wyst\u0119powa\u0142 na scenie? M.in. Przewodnicz\u0105ca Rady Gminy \u0141abunie &#8211; El\u017cbieta Ku\u017ama, z-ca przewodnicz\u0105cego RG &#8211; Mariusz Kliza, radni (m.in. Danuta Bosiak, Bogus\u0142aw Szast), so\u0142tysi (m.in. Pawe\u0142 Mr\u00f3z, Marek G\u00f3ra), KGW (m.in. Barchaczowskie Super Babki i KGW Moc\u00f3wka), Prezes Stowarzyszenia na Rzecz Rozwoju Gminy \u0141abunie &#8211; Halina Piskorz, wiceprezes &#8211; Bo\u017cena Wr\u00f3blewska oraz jej c\u00f3rka Kamila, Pa\u0144stwo Witkowscy z \u0141abu\u0144 z synem, zesp\u00f3\u0142 Grze\u015bki z Ruszowa, Grzegorz Synowiec (cz\u0142onek zespo\u0142u Grze\u015bki) oraz cz\u0142onkowie Stowarzyszenia i mieszka\u0144cy.<\/p>\n<p>W\u015br\u00f3d zaproszonych go\u015bci, opr\u00f3cz senior\u00f3w, pojawili si\u0119 m.in.: W\u00f3jt gminy &#8211; Mariusz Kukie\u0142ka, sekretarz gminy &#8211; Bogumi\u0142a Maziarczuk oraz proboszcz \u0142abu\u0144skiej parafii &#8211; ks. Andrzej \u0141uszcz.\u00a0<\/p>\n<p>Je\u017celi kto\u015b nie zosta\u0142 wymieniony z imienia i nazwiska, bo tak wielu zaanga\u017cowa\u0142o si\u0119 w organizacj\u0119 Gminnego Dnia Seniora, \u017ce nie spos\u00f3b wszystkich wyliczy\u0107, to przepraszamy. Za to wszystkim nale\u017c\u0105 si\u0119 podzi\u0119kowania: za organizacj\u0119, pomoc w realizacji imprezy oraz seniorom, kt\u00f3rzy pokazali, \u017ce takie wydarzenia s\u0105 dla nich potrzebne i jak s\u0142yszeli\u015bmy, czekaj\u0105 na nast\u0119pne&#8230;<\/p>\n\n\n\n<div style=\"height:20px\" aria-hidden=\"true\" class=\"wp-block-spacer\"><\/div>\n\n\n\n<div style=\"height:20px\" aria-hidden=\"true\" class=\"wp-block-spacer\"><\/div>\n\n\n\n<figure class=\"wp-block-embed-youtube wp-block-embed is-type-video is-provider-youtube wp-embed-aspect-16-9 wp-has-aspect-ratio\"><div class=\"wp-block-embed__wrapper\">\n<iframe loading=\"lazy\" title=\"Gminny Dzie\u0144 Seniora w \u0141abuniach\" width=\"1280\" height=\"720\" src=\"https:\/\/www.youtube.com\/embed\/a2rjDLI_jaA?feature=oembed\" frameborder=\"0\" allow=\"accelerometer; autoplay; clipboard-write; encrypted-media; gyroscope; picture-in-picture\" allowfullscreen><\/iframe>\n<\/div><\/figure>\n\n\n\n<div style=\"height:20px\" aria-hidden=\"true\" class=\"wp-block-spacer\"><\/div>\n\n\n\n<p>[lg_slideshow folder=&#8221;Dzien Seniora\/&#8221;][lg_folder folder=&#8221;Dzien Seniora\/&#8221; paging=&#8221;false&#8221;]<\/p>\n","protected":false},"excerpt":{"rendered":"<p>Prawie 160 mieszka\u0144c\u00f3w gminy \u0141abunie wzi\u0119\u0142o udzia\u0142 w Gminnym Dniu Seniora. By\u0142a to pierwsza tego typu impreza. Sala Domu Kultury w \u0141abuniach ju\u017c dawno nie by\u0142a tak pe\u0142na, jak w niedziel\u0119, 17 listopada.<\/p>\n","protected":false},"author":11,"featured_media":15730,"comment_status":"closed","ping_status":"closed","sticky":false,"template":"","format":"standard","meta":{"footnotes":""},"categories":[1],"tags":[],"class_list":["post-15703","post","type-post","status-publish","format-standard","has-post-thumbnail","hentry","category-wpisy","clearfix"],"_links":{"self":[{"href":"https:\/\/www.labunie.com.pl\/index.php?rest_route=\/wp\/v2\/posts\/15703","targetHints":{"allow":["GET"]}}],"collection":[{"href":"https:\/\/www.labunie.com.pl\/index.php?rest_route=\/wp\/v2\/posts"}],"about":[{"href":"https:\/\/www.labunie.com.pl\/index.php?rest_route=\/wp\/v2\/types\/post"}],"author":[{"embeddable":true,"href":"https:\/\/www.labunie.com.pl\/index.php?rest_route=\/wp\/v2\/users\/11"}],"replies":[{"embeddable":true,"href":"https:\/\/www.labunie.com.pl\/index.php?rest_route=%2Fwp%2Fv2%2Fcomments&post=15703"}],"version-history":[{"count":5,"href":"https:\/\/www.labunie.com.pl\/index.php?rest_route=\/wp\/v2\/posts\/15703\/revisions"}],"predecessor-version":[{"id":15732,"href":"https:\/\/www.labunie.com.pl\/index.php?rest_route=\/wp\/v2\/posts\/15703\/revisions\/15732"}],"wp:featuredmedia":[{"embeddable":true,"href":"https:\/\/www.labunie.com.pl\/index.php?rest_route=\/wp\/v2\/media\/15730"}],"wp:attachment":[{"href":"https:\/\/www.labunie.com.pl\/index.php?rest_route=%2Fwp%2Fv2%2Fmedia&parent=15703"}],"wp:term":[{"taxonomy":"category","embeddable":true,"href":"https:\/\/www.labunie.com.pl\/index.php?rest_route=%2Fwp%2Fv2%2Fcategories&post=15703"},{"taxonomy":"post_tag","embeddable":true,"href":"https:\/\/www.labunie.com.pl\/index.php?rest_route=%2Fwp%2Fv2%2Ftags&post=15703"}],"curies":[{"name":"wp","href":"https:\/\/api.w.org\/{rel}","templated":true}]}}