{"id":15639,"date":"2019-11-12T11:02:30","date_gmt":"2019-11-12T10:02:30","guid":{"rendered":"https:\/\/www.labunie.com.pl\/?p=15639"},"modified":"2019-11-12T17:19:15","modified_gmt":"2019-11-12T16:19:15","slug":"gmina-labunie-dla-niepodleglej-relacja-zdjecia","status":"publish","type":"post","link":"https:\/\/www.labunie.com.pl\/?p=15639","title":{"rendered":"Gmina \u0141abunie dla Niepodleg\u0142ej &#8211; relacja, zdj\u0119cia, film"},"content":{"rendered":"\n<p><strong>Z\u0142o\u017cenie kwiat\u00f3w i wie\u0144c\u00f3w w miejscach pami\u0119ci, Familijne Popo\u0142udnie dla Niepodleg\u0142ej, Msza w intencji Ojczyzny, Przegl\u0105d Pie\u015bni Patriotycznej, \u017bo\u0142nierskiej i Legionowej &#8211; tak przez dwa dni mieszka\u0144cy gminy \u0141abunie obchodzili Narodowe \u015awi\u0119to Niepodleg\u0142o\u015bci. Odbywa\u0142o si\u0119 pod has\u0142em &#8220;Gmina \u0141abunie dla Niepodleg\u0142ej&#8221;.<\/strong><\/p>\n\n\n\n<div style=\"height:25px\" aria-hidden=\"true\" class=\"wp-block-spacer\"><\/div>\n\n\n\n<!--more-->\n\n\n\n<p>Obchody dla Niepodleg\u0142ej rozpocz\u0119\u0142y si\u0119 w niedziel\u0119, 10 listopada. W\u00f3jt gminy \u0141abunie &#8211; Mariusz Kukie\u0142ka, Przewodnicz\u0105ca Rady Gminy &#8211; El\u017cbieta Ku\u017ama i Kierownik Biblioteki Publicznej w \u0141abuniach &#8211; Bogdan Szyku\u0142a z\u0142o\u017cyli wie\u0144ce i zapalili znicze w miejscach pami\u0119ci. Ho\u0142d ofiarom wojny z\u0142o\u017cono przy kaplicy w Barchaczowie, przy krzy\u017cu i pomnikach w lesie \u0142abu\u0144skim, przy pomniku w Br\u00f3dku, przy krzy\u017cu w \u0141abu\u0144kach Pierwszych i w Ruszowie, na cmentarzu wojennym oraz parafialnym, a tak\u017ce przy grobie Stanis\u0142awa Starowieyskiego w \u0141abuniach.<\/p>\n\n\n\n<div style=\"height:29px\" aria-hidden=\"true\" class=\"wp-block-spacer\"><\/div>\n\n\n\n<p>[lg_folder folder=&#8221;2019-11-12\/&#8221; paging=&#8221;false&#8221;]<\/p>\n\n\n\n<div style=\"height:20px\" aria-hidden=\"true\" class=\"wp-block-spacer\"><\/div>\n\n\n\n<p>W niedziel\u0119, 10 listopada w Izbie Muzealnej w Barchaczowie odby\u0142o si\u0119 Familijne popo\u0142udnie dla Niepodleg\u0142ej. Udzia\u0142 w wydarzeniu wzi\u0119\u0142o 11 rodzin (blisko 40 os\u00f3b). By\u0142y zabawy, quizy i konkursy. Uczestnicy poprzez zabaw\u0119 uczyli si\u0119 postaw patriotycznych i historii Polski. Ka\u017cdy dosta\u0142 patriotyczny gad\u017cet (m. in. kreatywne kalendarze dla najm\u0142odszych, d\u0142ugopisy, smycze, magnesy na lod\u00f3wk\u0119). G\u0142\u00f3wn\u0105 nagrod\u0119 &#8211; rodzinn\u0105 wycieczk\u0119 do Kresowej Osady w Baszni Dolnej ko\u0142o Lubaczowa wygra\u0142a rodzina z \u0141abuniek Pierwszych &#8211; Weronika Kowalczuk, Barbara Kowalczuk i Miko\u0142aj Kowalczuk. Nagroda zosta\u0142a przyznana na podstawie punkt\u00f3w zebranych z poszczeg\u00f3lnych konkurencji. Zwyci\u0119zcy otrzymali od W\u00f3jta &#8211; Mariusza Kukie\u0142ki voucher na familijny wyjazd do Kresowej Osady.<\/p>\n\n\n\n<div style=\"height:20px\" aria-hidden=\"true\" class=\"wp-block-spacer\"><\/div>\n\n\n\n<p>[lg_folder folder=&#8221;2019-11-12 familijne popoludnie\/&#8221; paging=&#8221;false&#8221;]<\/p>\n\n\n\n<div style=\"height:20px\" aria-hidden=\"true\" class=\"wp-block-spacer\"><\/div>\n\n\n\n<p>Kolejny dzie\u0144 obchod\u00f3w &#8211; 11 listopada &#8211; pn. &#8220;Gmina \u0141abunie dla Niepodleg\u0142ej&#8221; rozpocz\u0105\u0142 si\u0119 od mszy odprawionej w intencji Ojczyzny. Uczniowie ze Szko\u0142y Podstawowej w \u0141abuniach przygotowali uroczyst\u0105 akademi\u0119, a muzyczn\u0105 opraw\u0119 zapewni\u0142a Gminna Orkiestra D\u0119ta pod batut\u0105 kapelmistrza, Zbigniewa Pieczykolana. W uroczysto\u015bciach wzi\u0119li r\u00f3wnie\u017c udzia\u0142 m. in. przedstawiciele organizacji kombatanckich oraz Ochotniczych Stra\u017cy Po\u017carnych &#8211; wszyscy z pocztami sztandarowymi. Nabo\u017ce\u0144stwo odprawi\u0142 proboszcz \u0142abu\u0144skiej parafii &#8211; ks. Andrzej \u0141uszcz.<\/p>\n\n\n\n<div style=\"height:20px\" aria-hidden=\"true\" class=\"wp-block-spacer\"><\/div>\n\n\n\n<p>[lg_folder folder=&#8221;2019-11-11 msza w intencjii ojczyzny\/&#8221; paging=&#8221;false&#8221;]<\/p>\n\n\n\n<div style=\"height:41px\" aria-hidden=\"true\" class=\"wp-block-spacer\"><\/div>\n\n\n\n<p>W poniedzia\u0142ek, 11 listopada w ramach obchod\u00f3w Narodowego \u015awi\u0119ta Niepodleg\u0142o\u015bci w gminie \u0141abunie rozbrzmiewa\u0142y pie\u015bni patriotyczne. W \u015awietlicy Wiejskiej w Barchaczowie odby\u0142 si\u0119 VIII Gminny Przegl\u0105d Pie\u015bni Patriotycznej, \u017bo\u0142nierskiej i Legionowej. Na scenie zaprezentowali si\u0119: Bo\u017cena Wr\u00f3blewska, Kamila Wr\u00f3blewska, Zesp\u00f3\u0142 Grze\u015bki, Agnieszka Furma\u0144czuk, Zesp\u00f3\u0142 \u0141abu\u0144skie Iskierki, Barchaczowskie Super Babki, KGW Moc\u00f3wka, zesp\u00f3\u0142 Ogrodniczki wraz z kapel\u0105, KGW \u0141abunie, Kornelia Semczuk, Amanda Pozna\u0144ska, Nikola J\u00f3zefko, Wiktoria Wilkiewicz, Maria Skowyra, Lucyna Kudyk, Patryk Jandu\u0142a, Zuzanna Burdzy, Emilia Chwedyk i Amelia G\u00f3rska. Wszyscy uczestnicy otrzymali statuetki oraz pami\u0105tkowe dyplomy. Podczas Przegl\u0105du W\u00f3jt Gminy \u0141abunie nagrodzi\u0142 trzy osoby za wieloletni\u0105 dzia\u0142alno\u015b\u0107 na rzecz lokalnej spo\u0142eczno\u015bci, prac\u0119 i pomoc przyczyniaj\u0105c\u0105 si\u0119 do piel\u0119gnowania oraz kultywowania tradycji i kultury, a tak\u017ce umacnianie to\u017csamo\u015bci patriotycznej Ma\u0142ej Ojczyzny. Okoliczno\u015bciowe dyplomy i upominki w postaci m.in. publikacji o gminie \u0141abunie otrzymali: Pa\u0144stwo Bogus\u0142awa i Emilian So\u0142oduchowie z Barchaczowa (znani s\u0105 mieszka\u0144com gminy ze spo\u0142ecznej pracy na rzecz ochrony i ratowania od zniszczenia przydro\u017cnych kapliczek i krzy\u017cy) oraz Pani Teresa Mr\u00f3z z Moc\u00f3wki (od wielu lat wije artystyczne wie\u0144ce do\u017cynkowe, kt\u00f3re niejednokrotnie zdobywa\u0142y nagrody na do\u017cynkach powiatowych).<\/p>\n<p><strong>Patronat uroczysto\u015bci:<\/strong>\u00a0W\u00f3jt Gminy \u0141abunie<\/p>\n<p><strong>Organizatorzy:<\/strong>\u00a0W\u00f3jt Gminy \u0141abunie, Proboszcz Parafii \u0141abunie, Biblioteka Publiczna Gminy \u0141abunie, KGW Barchacz\u00f3w, OSP Barchacz\u00f3w, Rada So\u0142ecka w Barchaczowie.<\/p>\n\n\n\n<div style=\"height:20px\" aria-hidden=\"true\" class=\"wp-block-spacer\"><\/div>\n\n\n<p>[lg_folder folder=&#8221;2019-11-12 przeglad\/&#8221; paging=&#8221;false&#8221;]<\/p>\n\n\n<div style=\"height:20px\" aria-hidden=\"true\" class=\"wp-block-spacer\"><\/div>\n\n\n\n<figure class=\"wp-block-embed-youtube wp-block-embed is-type-video is-provider-youtube wp-embed-aspect-4-3 wp-has-aspect-ratio\"><div class=\"wp-block-embed__wrapper\">\n<iframe loading=\"lazy\" title=\"VIII Gminny Przegl\u0105d Pie\u015bni Patriotycznej, \u017bo\u0142nierskiej i Legionowej\" width=\"1280\" height=\"720\" src=\"https:\/\/www.youtube.com\/embed\/gatAM3iOBPM?feature=oembed\" frameborder=\"0\" allow=\"accelerometer; autoplay; clipboard-write; encrypted-media; gyroscope; picture-in-picture\" allowfullscreen><\/iframe>\n<\/div><\/figure>\n","protected":false},"excerpt":{"rendered":"<p>Z\u0142o\u017cenie kwiat\u00f3w i wie\u0144c\u00f3w w miejscach pami\u0119ci, Familijne Popo\u0142udnie dla Niepodleg\u0142ej, Msza w intencji Ojczyzny, Przegl\u0105d Pie\u015bni Patriotycznej, \u017bo\u0142nierskiej i Legionowej &#8211; tak przez dwa dni mieszka\u0144cy gminy \u0141abunie obchodzili Narodowe \u015awi\u0119to Niepodleg\u0142o\u015bci. Odbywa\u0142o si\u0119 pod has\u0142em &#8220;Gmina \u0141abunie dla Niepodleg\u0142ej&#8221;.<\/p>\n","protected":false},"author":11,"featured_media":15647,"comment_status":"closed","ping_status":"closed","sticky":false,"template":"","format":"standard","meta":{"footnotes":""},"categories":[1],"tags":[],"class_list":["post-15639","post","type-post","status-publish","format-standard","has-post-thumbnail","hentry","category-wpisy","clearfix"],"_links":{"self":[{"href":"https:\/\/www.labunie.com.pl\/index.php?rest_route=\/wp\/v2\/posts\/15639","targetHints":{"allow":["GET"]}}],"collection":[{"href":"https:\/\/www.labunie.com.pl\/index.php?rest_route=\/wp\/v2\/posts"}],"about":[{"href":"https:\/\/www.labunie.com.pl\/index.php?rest_route=\/wp\/v2\/types\/post"}],"author":[{"embeddable":true,"href":"https:\/\/www.labunie.com.pl\/index.php?rest_route=\/wp\/v2\/users\/11"}],"replies":[{"embeddable":true,"href":"https:\/\/www.labunie.com.pl\/index.php?rest_route=%2Fwp%2Fv2%2Fcomments&post=15639"}],"version-history":[{"count":5,"href":"https:\/\/www.labunie.com.pl\/index.php?rest_route=\/wp\/v2\/posts\/15639\/revisions"}],"predecessor-version":[{"id":15651,"href":"https:\/\/www.labunie.com.pl\/index.php?rest_route=\/wp\/v2\/posts\/15639\/revisions\/15651"}],"wp:featuredmedia":[{"embeddable":true,"href":"https:\/\/www.labunie.com.pl\/index.php?rest_route=\/wp\/v2\/media\/15647"}],"wp:attachment":[{"href":"https:\/\/www.labunie.com.pl\/index.php?rest_route=%2Fwp%2Fv2%2Fmedia&parent=15639"}],"wp:term":[{"taxonomy":"category","embeddable":true,"href":"https:\/\/www.labunie.com.pl\/index.php?rest_route=%2Fwp%2Fv2%2Fcategories&post=15639"},{"taxonomy":"post_tag","embeddable":true,"href":"https:\/\/www.labunie.com.pl\/index.php?rest_route=%2Fwp%2Fv2%2Ftags&post=15639"}],"curies":[{"name":"wp","href":"https:\/\/api.w.org\/{rel}","templated":true}]}}