{"id":14913,"date":"2019-10-04T14:17:48","date_gmt":"2019-10-04T12:17:48","guid":{"rendered":"https:\/\/www.labunie.com.pl\/?p=14913"},"modified":"2019-10-04T14:17:48","modified_gmt":"2019-10-04T12:17:48","slug":"jesienny-kiermasz-krzewow-owocow-i-warzyw-zaproszenie","status":"publish","type":"post","link":"https:\/\/www.labunie.com.pl\/?p=14913","title":{"rendered":"Jesienny Kiermasz krzew\u00f3w owoc\u00f3w i warzyw &#8211; zaproszenie"},"content":{"rendered":"\n<p><strong>Drzewa i krzewy owocowe, krzewy ozdobne, owoce, orzechy, mi\u00f3d. Do tego konkursy sprawno\u015bciowe o tematyce ogrodniczej i konkurs wiedzy sadowniczo-szk\u00f3\u0142karskiej. Takie atrakcje czekaj\u0105 na tych, kt\u00f3rzy wybior\u0105 sie na VIII Jesienny Kiermasz Materia\u0142u Szk\u00f3\u0142karskiego Owocowego i Ozdobnego. Wydarzenie odb\u0119dzie si\u0119 w Ko\u0144skowoli. Szczeg\u00f3\u0142y na plakacie. <\/strong><\/p>\n\n\n\n<!--more-->\n\n\n\n<div style=\"height:65px\" aria-hidden=\"true\" class=\"wp-block-spacer\"><\/div>\n\n\n\n<figure class=\"wp-block-image\"><img loading=\"lazy\" decoding=\"async\" width=\"719\" height=\"1024\" src=\"https:\/\/www.labunie.com.pl\/wp-content\/uploads\/2019\/10\/Image00001-14-719x1024.jpg\" alt=\"\" class=\"wp-image-14918\" srcset=\"https:\/\/www.labunie.com.pl\/wp-content\/uploads\/2019\/10\/Image00001-14-719x1024.jpg 719w, https:\/\/www.labunie.com.pl\/wp-content\/uploads\/2019\/10\/Image00001-14-211x300.jpg 211w, https:\/\/www.labunie.com.pl\/wp-content\/uploads\/2019\/10\/Image00001-14-768x1094.jpg 768w, https:\/\/www.labunie.com.pl\/wp-content\/uploads\/2019\/10\/Image00001-14.jpg 1053w\" sizes=\"auto, (max-width: 719px) 100vw, 719px\" \/><\/figure>\n","protected":false},"excerpt":{"rendered":"<p>Drzewa i krzewy owocowe, krzewy ozdobne, owoce, orzechy, mi\u00f3d. Do tego konkursy sprawno\u015bciowe o tematyce ogrodniczej i konkurs wiedzy sadowniczo-szk\u00f3\u0142karskiej. Takie atrakcje czekaj\u0105 na tych, kt\u00f3rzy wybior\u0105 sie na VIII Jesienny Kiermasz Materia\u0142u Szk\u00f3\u0142karskiego Owocowego i Ozdobnego. Wydarzenie odb\u0119dzie si\u0119 w Ko\u0144skowoli. Szczeg\u00f3\u0142y na plakacie.<\/p>\n","protected":false},"author":11,"featured_media":14920,"comment_status":"closed","ping_status":"closed","sticky":false,"template":"","format":"standard","meta":{"footnotes":""},"categories":[1],"tags":[],"class_list":["post-14913","post","type-post","status-publish","format-standard","has-post-thumbnail","hentry","category-wpisy","clearfix"],"_links":{"self":[{"href":"https:\/\/www.labunie.com.pl\/index.php?rest_route=\/wp\/v2\/posts\/14913","targetHints":{"allow":["GET"]}}],"collection":[{"href":"https:\/\/www.labunie.com.pl\/index.php?rest_route=\/wp\/v2\/posts"}],"about":[{"href":"https:\/\/www.labunie.com.pl\/index.php?rest_route=\/wp\/v2\/types\/post"}],"author":[{"embeddable":true,"href":"https:\/\/www.labunie.com.pl\/index.php?rest_route=\/wp\/v2\/users\/11"}],"replies":[{"embeddable":true,"href":"https:\/\/www.labunie.com.pl\/index.php?rest_route=%2Fwp%2Fv2%2Fcomments&post=14913"}],"version-history":[{"count":1,"href":"https:\/\/www.labunie.com.pl\/index.php?rest_route=\/wp\/v2\/posts\/14913\/revisions"}],"predecessor-version":[{"id":14919,"href":"https:\/\/www.labunie.com.pl\/index.php?rest_route=\/wp\/v2\/posts\/14913\/revisions\/14919"}],"wp:featuredmedia":[{"embeddable":true,"href":"https:\/\/www.labunie.com.pl\/index.php?rest_route=\/wp\/v2\/media\/14920"}],"wp:attachment":[{"href":"https:\/\/www.labunie.com.pl\/index.php?rest_route=%2Fwp%2Fv2%2Fmedia&parent=14913"}],"wp:term":[{"taxonomy":"category","embeddable":true,"href":"https:\/\/www.labunie.com.pl\/index.php?rest_route=%2Fwp%2Fv2%2Fcategories&post=14913"},{"taxonomy":"post_tag","embeddable":true,"href":"https:\/\/www.labunie.com.pl\/index.php?rest_route=%2Fwp%2Fv2%2Ftags&post=14913"}],"curies":[{"name":"wp","href":"https:\/\/api.w.org\/{rel}","templated":true}]}}