{"id":14895,"date":"2019-10-03T14:39:55","date_gmt":"2019-10-03T12:39:55","guid":{"rendered":"https:\/\/www.labunie.com.pl\/?p=14895"},"modified":"2019-10-03T14:39:55","modified_gmt":"2019-10-03T12:39:55","slug":"od-startupu-do-globalnego-sukcesu","status":"publish","type":"post","link":"https:\/\/www.labunie.com.pl\/?p=14895","title":{"rendered":"Od startup\u2019u do globalnego sukcesu"},"content":{"rendered":"\n<p><br>  <\/p>\n\n\n\n<p><strong>W dniu 17 pa\u017adziernika br. w Lubelskim Centrum Konferencyjnym w Lublinie odb\u0119dzie si\u0119 konferencja <\/strong><em><strong>Od startup\u2019u do globalnego sukcesu \u2013 sztuka skalowania biznesu.<\/strong><\/em><strong> <\/strong><\/p>\n\n\n\n<!--more-->\n\n\n\n<div style=\"height:21px\" aria-hidden=\"true\" class=\"wp-block-spacer\"><\/div>\n\n\n\n<p>B\u0119dzie to &nbsp;pierwsze organizowane przez\nWojew\u00f3dztwo Lubelskie spotkanie, kt\u00f3re w spos\u00f3b kompleksowy\npodejmie tematyk\u0119 zwi\u0105zan\u0105 z umi\u0119dzynarodowieniem i skalowaniem&nbsp;\nbiznesu. Przedsi\u0119biorcy, instytucje otoczenia biznesu, jednostki\nsamorz\u0105du terytorialnego i inni zainteresowani uczestnicy spotkania\nw spos\u00f3b kompleksowy uzyskaj\u0105 wiedz\u0119 w zakresie&nbsp;\nfinansowania, modeli wsparcia oraz wsp\u00f3\u0142czesnych narz\u0119dzi do\nskalowania biznesu, tj. digital marketing czy e-commerce. \n<\/p>\n\n\n\n<p>Zapis\u00f3w mo\u017cna dokonywa\u0107 na stronie <a rel=\"noreferrer noopener\" href=\"http:\/\/invest.lubelskie.pl\/pl\/aktualnosc\/konferencja-od-startupu-do-globalnego-sukcesu-sztuka-skalowania-biznesu\" target=\"_blank\">http:\/\/invest.lubelskie.pl\/pl\/aktualnosc\/konferencja-od-startupu-do-globalnego-sukcesu-sztuka-skalowania-biznesu<\/a>\u00a0 Liczba miejsc jest ograniczona.  <\/p>\n\n\n\n<p><\/p>\n\n\n\n<p>Poni\u017cej do pobrania program imprezy<\/p>\n\n\n\n<div style=\"height:20px\" aria-hidden=\"true\" class=\"wp-block-spacer\"><\/div>\n\n\n\n<div class=\"wp-block-file\"><a href=\"https:\/\/www.labunie.com.pl\/wp-content\/uploads\/2019\/10\/SCALE-UP_agenda-na-www1.pdf\">Program<\/a><a href=\"https:\/\/www.labunie.com.pl\/wp-content\/uploads\/2019\/10\/SCALE-UP_agenda-na-www1.pdf\" class=\"wp-block-file__button\" download>Pobierz<\/a><\/div>\n\n\n\n\n\n<p><\/p>\n","protected":false},"excerpt":{"rendered":"<p>W dniu 17 pa\u017adziernika br. w Lubelskim Centrum Konferencyjnym w Lublinie odb\u0119dzie si\u0119 konferencja Od startup\u2019u do globalnego sukcesu \u2013 sztuka skalowania biznesu.<\/p>\n","protected":false},"author":11,"featured_media":14899,"comment_status":"closed","ping_status":"closed","sticky":false,"template":"","format":"standard","meta":{"footnotes":""},"categories":[1],"tags":[],"class_list":["post-14895","post","type-post","status-publish","format-standard","has-post-thumbnail","hentry","category-wpisy","clearfix"],"_links":{"self":[{"href":"https:\/\/www.labunie.com.pl\/index.php?rest_route=\/wp\/v2\/posts\/14895","targetHints":{"allow":["GET"]}}],"collection":[{"href":"https:\/\/www.labunie.com.pl\/index.php?rest_route=\/wp\/v2\/posts"}],"about":[{"href":"https:\/\/www.labunie.com.pl\/index.php?rest_route=\/wp\/v2\/types\/post"}],"author":[{"embeddable":true,"href":"https:\/\/www.labunie.com.pl\/index.php?rest_route=\/wp\/v2\/users\/11"}],"replies":[{"embeddable":true,"href":"https:\/\/www.labunie.com.pl\/index.php?rest_route=%2Fwp%2Fv2%2Fcomments&post=14895"}],"version-history":[{"count":3,"href":"https:\/\/www.labunie.com.pl\/index.php?rest_route=\/wp\/v2\/posts\/14895\/revisions"}],"predecessor-version":[{"id":14901,"href":"https:\/\/www.labunie.com.pl\/index.php?rest_route=\/wp\/v2\/posts\/14895\/revisions\/14901"}],"wp:featuredmedia":[{"embeddable":true,"href":"https:\/\/www.labunie.com.pl\/index.php?rest_route=\/wp\/v2\/media\/14899"}],"wp:attachment":[{"href":"https:\/\/www.labunie.com.pl\/index.php?rest_route=%2Fwp%2Fv2%2Fmedia&parent=14895"}],"wp:term":[{"taxonomy":"category","embeddable":true,"href":"https:\/\/www.labunie.com.pl\/index.php?rest_route=%2Fwp%2Fv2%2Fcategories&post=14895"},{"taxonomy":"post_tag","embeddable":true,"href":"https:\/\/www.labunie.com.pl\/index.php?rest_route=%2Fwp%2Fv2%2Ftags&post=14895"}],"curies":[{"name":"wp","href":"https:\/\/api.w.org\/{rel}","templated":true}]}}